{"id":113449,"date":"2022-05-11T06:09:05","date_gmt":"2022-05-11T09:09:05","guid":{"rendered":"https:\/\/www.elsindical.com.ar\/notas\/?p=113449"},"modified":"2022-05-11T06:09:06","modified_gmt":"2022-05-11T09:09:06","slug":"poesia-en-tu-sofa-argentinaconcreta-edicion-especial-en-la-feria-del-libro","status":"publish","type":"post","link":"https:\/\/www.elsindical.com.ar\/notas\/poesia-en-tu-sofa-argentinaconcreta-edicion-especial-en-la-feria-del-libro\/","title":{"rendered":"\u201cPoes\u00eda en tu Sof\u00e1 Argentina\u201dconcreta edici\u00f3n especial en la Feria del Libro"},"content":{"rendered":"\n<figure class=\"wp-block-image size-large\"><a href=\"https:\/\/www.elsindical.com.ar\/notas\/var\/www\/html\/notas\/wp-content\/uploads\/2022\/05\/PTS-en-la-Feria-del-Libro.jpeg\"><img loading=\"lazy\" decoding=\"async\" width=\"1024\" height=\"1024\" src=\"https:\/\/www.elsindical.com.ar\/notas\/var\/www\/html\/notas\/wp-content\/uploads\/2022\/05\/PTS-en-la-Feria-del-Libro-1024x1024.jpeg\" alt=\"\" class=\"wp-image-113450\" srcset=\"https:\/\/www.elsindical.com.ar\/notas\/var\/www\/html\/notas\/wp-content\/uploads\/2022\/05\/PTS-en-la-Feria-del-Libro-1024x1024.jpeg 1024w, https:\/\/www.elsindical.com.ar\/notas\/var\/www\/html\/notas\/wp-content\/uploads\/2022\/05\/PTS-en-la-Feria-del-Libro-300x300.jpeg 300w, https:\/\/www.elsindical.com.ar\/notas\/var\/www\/html\/notas\/wp-content\/uploads\/2022\/05\/PTS-en-la-Feria-del-Libro-150x150.jpeg 150w, https:\/\/www.elsindical.com.ar\/notas\/var\/www\/html\/notas\/wp-content\/uploads\/2022\/05\/PTS-en-la-Feria-del-Libro-768x768.jpeg 768w, https:\/\/www.elsindical.com.ar\/notas\/var\/www\/html\/notas\/wp-content\/uploads\/2022\/05\/PTS-en-la-Feria-del-Libro-50x50.jpeg 50w, https:\/\/www.elsindical.com.ar\/notas\/var\/www\/html\/notas\/wp-content\/uploads\/2022\/05\/PTS-en-la-Feria-del-Libro.jpeg 1280w\" sizes=\"auto, (max-width: 1024px) 100vw, 1024px\" \/><\/a><\/figure>\n\n\n\n<p><strong>\u00abPoes\u00eda en tu Sof\u00e1 Argentina\u00bbconcreta edici\u00f3n especial en la Feria del Libro<\/strong><\/p>\n\n\n\n<p><strong>El evento de difusi\u00f3n de poes\u00eda se realizar\u00e1 \u00e9ste jueves 12 de mayo a las 20:30 hs. en el marco de la Feria del Libro, dentro de la Sala Halper\u00edn Donghi.<\/strong><\/p>\n\n\n\n<p><strong>Buenos Aires, martes 10 de mayo de 2022.<\/strong> El pr\u00f3ximo jueves 12 de mayo a las 20.30hs. se llevar\u00e1 a cabo la 12va. de \u00abPoes\u00eda en tu Sof\u00e1 Argentina\u00bb, con poetas de Argentina y Espa\u00f1a como protagonistas del ciclo de lectura y recitado de poes\u00eda.<\/p>\n\n\n\n<p>El evento, organizado por el Comit\u00e9 de escritores j\u00f3venes del Centro de Poetas, Ensayistas y Narradores de Argentina (PEN) contar\u00e1 con las lecturas de Mercedes Romero Russo,Tom\u00e1s Rosner, Martha Mega, Andreu Gomila, Daniel Mecca, Caro Rodriguero, Sim\u00f3n Azar, Sol Aguirre, Mar\u00eda Lanese y Agus Ayala.<\/p>\n\n\n\n<p>En esta edici\u00f3n, el escritor Andreu Gomila representar\u00e1 a una misi\u00f3n cultural presidida y organizada por el PEN Catal\u00e0,participando en diversos actos organizados en la Feria del Libro de Buenos Aires.<\/p>\n\n\n\n<p>En nuestro pa\u00eds ya se realizaron once ediciones de \u00abPoes\u00eda en tu Sof\u00e1 Argentina\u00bb, con picos de m\u00e1s de mil espectadores y ha contado con la presencia de Claudia Pi\u00f1eiro, Tamara Tenenbaum, Iv\u00e1n Noble, Elvira Sastre, Hern\u00e1n Casciari, Lala Pasquinelli, entre otros. Este festival online se lleva adelante en Espa\u00f1a y diferentes pa\u00edses de Am\u00e9rica Latina. La idea surgi\u00f3 el a\u00f1o pasado con el objetivo de difundir, de manera libre y gratuita, poes\u00eda con perspectiva federal y latinoamericana en un contexto cr\u00edtico.<\/p>\n\n\n\n<p><strong>Sobre lxs poetas<\/strong><\/p>\n\n\n\n<p><strong>Mercedes Romero Russ<\/strong>o es escritora y poeta. Publica en Instagram con el arroba @mercedesromerorusso en donde suele compartir fragmentos de sus libros Los mil y vos y Luci\u00e9rnagas en frascos (Editorial Abre Cultura). Acaba de sacar la novela El Motivo (Penguin random house).<\/p>\n\n\n\n<p><strong>Tom\u00e1s Rosner<\/strong> es abogado y docente de \u00abderecho y literatura\u00bb en Facultad de Derecho (U.B.A.)&nbsp; Es poeta, performer y creador de @los_fatales. Adem\u00e1s, produce la edici\u00f3n argentina del ciclo Poes\u00eda en tu Sof\u00e1 y da talleres de poes\u00eda. En 2018 public\u00f3 Ginseng (Modesto Rimba) y en 2021 public\u00f3 \u00abEl Verano de cada uno\u00bb (Los Fatales- Abre Cultura).<\/p>\n\n\n\n<p><strong>Martha Mega<\/strong> es escritora, actriz y directora de teatro argenmex. Autora de los libros de poemas Verg\u00fcenza (Mantarraya Ediciones, 2017) y Casa de Citas (El vendedor de tierra, 2021), as\u00ed como de la obra de teatro El mar de veras (Libros Malaletra, 2016).Da talleres creaci\u00f3n po\u00e9tica, literatura en escena e investigaci\u00f3n art\u00edstica. En 2019 fue incluida en la lista de Forbes M\u00e9xico de Los cien mexicanos m\u00e1s creativos en el mundo.<\/p>\n\n\n\n<p><strong>Andreu Gomila<\/strong> es poeta, novelista, cr\u00edtico literario y teatral. Dirigi\u00f3 el semanario TimeOut Barcelona. Ha publicado los poemarios Un dia a l&#8217;infern dels que s\u00f3n (La Magrana, 2011), Diari de Buenos Aires (Moll, 2007), Aqu\u00ed i ara (El Gall, 2007), Carrer dels dies (Proa, 2012) y Felanitx (Edicions 62, 2020); las novelas El port. No ser\u00e0 res de mi (Moll, 2010) y Continents (Emp\u00faries, 2016). Sus poemas han sido traducidos al castellano, franc\u00e9s y serbocroata.<\/p>\n\n\n\n<p><strong>Daniel Mecca<\/strong> es un periodista, poeta, gestor cultural y docente.Es creador del Centro de Atenci\u00f3n al Lector en Instagram (@atencionlector) y del festival #BorgesPalooza. Tambi\u00e9n de la p\u00e1gina Diccionario de libros y del newsletter Poes\u00eda por WhatsApp. Es autor de los libros de poes\u00eda Ahorcados en la felicidad (2009), L\u00edrico (2014), Haikus period\u00edsticos (2016) y M\u00fasica de incendios (2021).Actualmente da seminarios sobre Borges y organiza el recorrido #BorgesTour.<\/p>\n\n\n\n<p><strong>Caro Rodriguero<\/strong> es poeta, performer y proletaria cultural. Se form\u00f3 en Artes y en Comunicaci\u00f3n Social (UBA). Forma parte del colectivo art\u00edstico pH &#8211; Poes\u00eda x Hacer con el que organiza eventos art\u00edsticos transdisciplinares. En 2019 public\u00f3 Cartas con h. (pH Ediciones). Organiza el ciclo de poes\u00eda La lengua desbocada. Es parte de Paseantes, caminatas po\u00e9ticas para disfrutar la ciudad.&nbsp;<\/p>\n\n\n\n<p><strong>Simon Azar<\/strong>. Se considera un \u00abpoeta en proceso\u00bb. Sus poemas fueron publicados en antolog\u00edas, p\u00e1ginas de Instagram y revistas digitales. Particip\u00f3 en el proyecto \u00abPoes\u00eda Ya!\u00bb, organizado por el Centro Cultural Kirchner.&nbsp; Recientemente present\u00f3 \u00abDiluvio\u00bb, su primer libro de poes\u00eda, editado por Patronus Ediciones.<\/p>\n\n\n\n<p><strong>Sol Aguirre<\/strong> es comunicadora social y se acerc\u00f3 al oficio, sobre todo, imantada para hacer poes\u00eda. Agit\u00f3 \u00e9sta odisea en trabajos barriales y gestando de manera comunitaria medios en C\u00f3rdoba. Realiza el ciclo de poes\u00eda \u00abLa lengua desbocada\u00bb, hace prensa para \u00abPaseantes\u00bb, una propuesta de caminatas literarias y para el ciclo \u00abPoes\u00eda en tu Sof\u00e1\u00bb.<\/p>\n\n\n\n<p><strong>Agustina Arami Ayala<\/strong> es poetisa, actriz y artista pl\u00e1stica. Mujer trans. Recibida de la Diplomatura de Gesti\u00f3n Cultural LGBTIQ+ en la UBA y estudiante del profesorado de teatro en la Escuela de teatro de La Plata. Particip\u00f3 en el evento Poes\u00eda Ya!, del Centro Cultural Kirchner . Trabaj\u00f3 de ilustradora y como artista pl\u00e1stica.<\/p>\n\n\n\n<p><strong>Mar\u00eda Lanese<\/strong> es psicoanalista, cantante, poeta. Ha publicado los libros de poes\u00eda: Sonidos Graves, Asunto impreso, Mariposas en la lengua &#8211; Ciudad G\u00f3tica ; Ancora , Cartas de cera ,\u00a0 III: Cuerdas , Sudarios y No sin antes &#8211; Huesos de jibia, entre otros. Ha sido incluida en antolog\u00edas en Italia, Catalu\u00f1a y Colombia.\u00a0 Ha recibido el Galard\u00f3n Ra\u00fal Aceves a la excelencia literaria 2021 otorgado por PEN Internacional Guadalajara.<\/p>\n","protected":false},"excerpt":{"rendered":"<p>\u00abPoes\u00eda en tu Sof\u00e1 Argentina\u00bbconcreta edici\u00f3n especial en la Feria del Libro El evento de difusi\u00f3n de poes\u00eda se realizar\u00e1 \u00e9ste jueves 12 de mayo a las 20:30 hs. en el marco de la Feria del Libro, dentro de la Sala Halper\u00edn Donghi. Buenos Aires, martes 10 de mayo de 2022. El pr\u00f3ximo jueves 12&hellip;<\/p>\n","protected":false},"author":1,"featured_media":113450,"comment_status":"open","ping_status":"open","sticky":false,"template":"","format":"standard","meta":{"footnotes":""},"categories":[5],"tags":[37182,2450,33044,37183],"class_list":["post-113449","post","type-post","status-publish","format-standard","has-post-thumbnail","hentry","category-cultura","tag-feria-del-libro-2","tag-diario-el-sindical","tag-poesia-en-tu-sofa","tag-sala-halperin-donghi"],"_links":{"self":[{"href":"https:\/\/www.elsindical.com.ar\/notas\/wp-json\/wp\/v2\/posts\/113449","targetHints":{"allow":["GET"]}}],"collection":[{"href":"https:\/\/www.elsindical.com.ar\/notas\/wp-json\/wp\/v2\/posts"}],"about":[{"href":"https:\/\/www.elsindical.com.ar\/notas\/wp-json\/wp\/v2\/types\/post"}],"author":[{"embeddable":true,"href":"https:\/\/www.elsindical.com.ar\/notas\/wp-json\/wp\/v2\/users\/1"}],"replies":[{"embeddable":true,"href":"https:\/\/www.elsindical.com.ar\/notas\/wp-json\/wp\/v2\/comments?post=113449"}],"version-history":[{"count":1,"href":"https:\/\/www.elsindical.com.ar\/notas\/wp-json\/wp\/v2\/posts\/113449\/revisions"}],"predecessor-version":[{"id":113451,"href":"https:\/\/www.elsindical.com.ar\/notas\/wp-json\/wp\/v2\/posts\/113449\/revisions\/113451"}],"wp:featuredmedia":[{"embeddable":true,"href":"https:\/\/www.elsindical.com.ar\/notas\/wp-json\/wp\/v2\/media\/113450"}],"wp:attachment":[{"href":"https:\/\/www.elsindical.com.ar\/notas\/wp-json\/wp\/v2\/media?parent=113449"}],"wp:term":[{"taxonomy":"category","embeddable":true,"href":"https:\/\/www.elsindical.com.ar\/notas\/wp-json\/wp\/v2\/categories?post=113449"},{"taxonomy":"post_tag","embeddable":true,"href":"https:\/\/www.elsindical.com.ar\/notas\/wp-json\/wp\/v2\/tags?post=113449"}],"curies":[{"name":"wp","href":"https:\/\/api.w.org\/{rel}","templated":true}]}}