{"id":113446,"date":"2022-05-11T00:50:59","date_gmt":"2022-05-11T03:50:59","guid":{"rendered":"https:\/\/www.elsindical.com.ar\/notas\/?p=113446"},"modified":"2022-05-11T00:51:01","modified_gmt":"2022-05-11T03:51:01","slug":"majdalani-se-nego-a-declarar-sobre-la-denuncia-de-espionaje-ilegal","status":"publish","type":"post","link":"https:\/\/www.elsindical.com.ar\/notas\/majdalani-se-nego-a-declarar-sobre-la-denuncia-de-espionaje-ilegal\/","title":{"rendered":"Majdalani se neg\u00f3 a declarar sobre la denuncia de espionaje ilegal"},"content":{"rendered":"\n<figure class=\"wp-block-image size-full\"><a href=\"https:\/\/www.elsindical.com.ar\/notas\/var\/www\/html\/notas\/wp-content\/uploads\/2022\/05\/Majdalani-traslado.jpg\"><img loading=\"lazy\" decoding=\"async\" width=\"900\" height=\"506\" src=\"https:\/\/www.elsindical.com.ar\/notas\/var\/www\/html\/notas\/wp-content\/uploads\/2022\/05\/Majdalani-traslado.jpg\" alt=\"\" class=\"wp-image-113447\" srcset=\"https:\/\/www.elsindical.com.ar\/notas\/var\/www\/html\/notas\/wp-content\/uploads\/2022\/05\/Majdalani-traslado.jpg 900w, https:\/\/www.elsindical.com.ar\/notas\/var\/www\/html\/notas\/wp-content\/uploads\/2022\/05\/Majdalani-traslado-300x169.jpg 300w, https:\/\/www.elsindical.com.ar\/notas\/var\/www\/html\/notas\/wp-content\/uploads\/2022\/05\/Majdalani-traslado-768x432.jpg 768w, https:\/\/www.elsindical.com.ar\/notas\/var\/www\/html\/notas\/wp-content\/uploads\/2022\/05\/Majdalani-traslado-500x281.jpg 500w, https:\/\/www.elsindical.com.ar\/notas\/var\/www\/html\/notas\/wp-content\/uploads\/2022\/05\/Majdalani-traslado-460x260.jpg 460w\" sizes=\"auto, (max-width: 900px) 100vw, 900px\" \/><\/a><\/figure>\n\n\n\n<p>La ex directiva de la\u00a0\u00a0Agencia Federal de Inteligencia fue convocada para que declare sobre la denuncia de espionaje ilegal durante la gesti\u00f3n de Cambiemos y el armado de causas judiciales contra sindicalistas, pero solamente present\u00f3 un escrito.<\/p>\n\n\n\n<p>La exsubdirectora de la&nbsp;Agencia Federal de Inteligencia&nbsp;(AFI)&nbsp;Silvia Majdalani&nbsp;se present\u00f3 ante la Comisi\u00f3n Bicameral de Fiscalizaci\u00f3n de Organismos y Actividades de Inteligencia, pero&nbsp;se neg\u00f3 a declarar sobre la denuncia de espionaje ilegal&nbsp;durante la gesti\u00f3n de Cambiemos y el supuesto armado de causas judiciales contra sindicalistas.<\/p>\n\n\n\n<p>La ex funcionaria de la AFI concurri\u00f3 a las 17.30 de lunes al Congreso Nacional donde fue recibida por los miembros de la comisi\u00f3n-encabezada por\u00a0Leopoldo Moreau- y all\u00ed\u00a0present\u00f3 un escrito\u00a0en la cual argument\u00f3 los motivos por los cuales no iba a declarar ante ese organismo parlamentario.<\/p>\n\n\n\n<p>Fuentes parlamentarias se\u00f1alaron que, en la nota, Majdalani manifest\u00f3 que&nbsp;no iba a exponer ante la comisi\u00f3n ni tampoco responder\u00eda preguntas, aunque aclar\u00f3 que s\u00ed lo har\u00eda ante la justicia, si fuera llamada a hacerlo por estas denuncias.<\/p>\n\n\n\n<p>La decisi\u00f3n de la Bicameral de convocar a Majdalani fue adoptada la semana pasada, tras&nbsp;haber recibido al extitular de AFI Gustavo Arribas, quien tambi\u00e9n se neg\u00f3 a declarar&nbsp;y present\u00f3 un escrito ante los miembros de la comisi\u00f3n.<\/p>\n\n\n\n<p>Los exfuncionarios del organismo de inteligencia fueron mencionados ante la comisi\u00f3n parlamentaria por algunos de los participantes de la reuni\u00f3n que se desarroll\u00f3 en 2017 en la sede porte\u00f1a del&nbsp;Banco Provincia, en la que empresarios, autoridades de la AFI de la gesti\u00f3n macrista y funcionarios de la administraci\u00f3n de&nbsp;Mar\u00eda Eugenia Vidal&nbsp;analizaron c\u00f3mo impulsar causas contra gremialistas.<\/p>\n\n\n\n<p>El exdirector operacional de Contrainteligencia Diego Dalmau Pereyra, quien dijo haber asistido a la reuni\u00f3n del Bapro de 2017 para supervisar la grabaci\u00f3n de las c\u00e1maras, se\u00f1al\u00f3 que concurri\u00f3 por una supuesta orden de Arribas que le fue retransmitida por Majdalani.<\/p>\n\n\n\n<p>La Bicameral inici\u00f3 la investigaci\u00f3n sobre la llamada mesa judicial bonaerense luego de que la interventora de la AFI,&nbsp;Cristina Caama\u00f1o, denunciara ante los Tribunales federales que hab\u00eda hallado un video de esa reuni\u00f3n en la sede porte\u00f1a del Banco Provincia, en la que, se supo, participaron tambi\u00e9n esp\u00edas.<\/p>\n\n\n\n<p>La comisi\u00f3n ya convoc\u00f3 a tres exdirectivos de la AFI de la gesti\u00f3n macrista: el exdirector de Asuntos Jur\u00eddicos de la AFI, Sebasti\u00e1n De St\u00e9fano, y el exjefe de Gabinete de la agencia,&nbsp;Diego Biorci, adem\u00e1s del mencionado Dalmau Pereyra.<\/p>\n\n\n\n<p>Captura del video que dio inicio a la causa.<\/p>\n\n\n\n<p>Dalmau Pereyra present\u00f3 un escrito en su indagatoria judicial y luego ratific\u00f3 sus dichos ante la Bicameral: \u00abEn junio de 2017 me es retransmitida por parte de Majdalani la orden de Arribas de concurrir y supervisar la filmaci\u00f3n de una reuni\u00f3n a llevarse a cabo en la sede principal del Banco Provincia de Buenos Aires, en la ciudad de Buenos Aires\u00bb, se\u00f1al\u00f3.<\/p>\n\n\n\n<p>En esa reuni\u00f3n se habr\u00edan analizado estrategias para avanzar en el armado de causas contra gremialistas, en particular contra el entonces dirigente de la Uocra La Plata\u00a0Juan Pablo \u00abPata\u00bb Medina, y fue durante esa conversaci\u00f3n que el exministro de Trabajo bonaerense, Marcelo Villegas, dijo que le hubiera gustado tener una \u00abGestapo\u00bb para accionar contra los sindicalistas.<\/p>\n\n\n\n<figure class=\"wp-block-embed is-type-video is-provider-youtube wp-block-embed-youtube wp-embed-aspect-16-9 wp-has-aspect-ratio\"><div class=\"wp-block-embed__wrapper\">\n<iframe loading=\"lazy\" title=\"Majdalani se present\u00f3 ante la Bicameral pero se neg\u00f3 a declarar sobre denuncia de espionaje ilegal\" width=\"700\" height=\"394\" src=\"https:\/\/www.youtube.com\/embed\/TWrrUz0fEgo?feature=oembed\" frameborder=\"0\" allow=\"accelerometer; autoplay; clipboard-write; encrypted-media; gyroscope; picture-in-picture\" allowfullscreen><\/iframe>\n<\/div><\/figure>\n","protected":false},"excerpt":{"rendered":"<p>La ex directiva de la\u00a0\u00a0Agencia Federal de Inteligencia fue convocada para que declare sobre la denuncia de espionaje ilegal durante la gesti\u00f3n de Cambiemos y el armado de causas judiciales contra sindicalistas, pero solamente present\u00f3 un escrito. La exsubdirectora de la&nbsp;Agencia Federal de Inteligencia&nbsp;(AFI)&nbsp;Silvia Majdalani&nbsp;se present\u00f3 ante la Comisi\u00f3n Bicameral de Fiscalizaci\u00f3n de Organismos y&hellip;<\/p>\n","protected":false},"author":1,"featured_media":113447,"comment_status":"open","ping_status":"open","sticky":false,"template":"","format":"standard","meta":{"footnotes":""},"categories":[13],"tags":[20772,3234,2450,8505,33430,2544],"class_list":["post-113446","post","type-post","status-publish","format-standard","has-post-thumbnail","hentry","category-politica","tag-afi","tag-congreso-nacional","tag-diario-el-sindical","tag-escrito","tag-espionaje-ilegal","tag-silvia-majdalani"],"_links":{"self":[{"href":"https:\/\/www.elsindical.com.ar\/notas\/wp-json\/wp\/v2\/posts\/113446","targetHints":{"allow":["GET"]}}],"collection":[{"href":"https:\/\/www.elsindical.com.ar\/notas\/wp-json\/wp\/v2\/posts"}],"about":[{"href":"https:\/\/www.elsindical.com.ar\/notas\/wp-json\/wp\/v2\/types\/post"}],"author":[{"embeddable":true,"href":"https:\/\/www.elsindical.com.ar\/notas\/wp-json\/wp\/v2\/users\/1"}],"replies":[{"embeddable":true,"href":"https:\/\/www.elsindical.com.ar\/notas\/wp-json\/wp\/v2\/comments?post=113446"}],"version-history":[{"count":1,"href":"https:\/\/www.elsindical.com.ar\/notas\/wp-json\/wp\/v2\/posts\/113446\/revisions"}],"predecessor-version":[{"id":113448,"href":"https:\/\/www.elsindical.com.ar\/notas\/wp-json\/wp\/v2\/posts\/113446\/revisions\/113448"}],"wp:featuredmedia":[{"embeddable":true,"href":"https:\/\/www.elsindical.com.ar\/notas\/wp-json\/wp\/v2\/media\/113447"}],"wp:attachment":[{"href":"https:\/\/www.elsindical.com.ar\/notas\/wp-json\/wp\/v2\/media?parent=113446"}],"wp:term":[{"taxonomy":"category","embeddable":true,"href":"https:\/\/www.elsindical.com.ar\/notas\/wp-json\/wp\/v2\/categories?post=113446"},{"taxonomy":"post_tag","embeddable":true,"href":"https:\/\/www.elsindical.com.ar\/notas\/wp-json\/wp\/v2\/tags?post=113446"}],"curies":[{"name":"wp","href":"https:\/\/api.w.org\/{rel}","templated":true}]}}