{"id":11343,"date":"2010-12-15T08:31:56","date_gmt":"2010-12-15T11:31:56","guid":{"rendered":"http:\/\/www.elsindical.com.ar\/notas\/?p=11343"},"modified":"2010-12-15T08:31:56","modified_gmt":"2010-12-15T11:31:56","slug":"villa-soldatise-retiraron-los-usurpadores-y-gendarmeria-abandono-el-predio","status":"publish","type":"post","link":"https:\/\/www.elsindical.com.ar\/notas\/villa-soldatise-retiraron-los-usurpadores-y-gendarmeria-abandono-el-predio\/","title":{"rendered":"Villa Soldati:Se retiraron los usurpadores y Gendarmer\u00eda abandono el predio"},"content":{"rendered":"<p style=\"text-align: justify;\"><em><a href=\"http:\/\/www.elsindical.com.ar\/notas\/var\/www\/html\/notas\/wp-content\/uploads\/2010\/12\/Gendarmes-en-Parque-Indoame.jpg\"><img loading=\"lazy\" decoding=\"async\" class=\"alignleft size-medium wp-image-11300\" title=\"Gendarmes-en-Parque-Indoame\" src=\"http:\/\/www.elsindical.com.ar\/notas\/var\/www\/html\/notas\/wp-content\/uploads\/2010\/12\/Gendarmes-en-Parque-Indoame-300x128.jpg\" alt=\"\" width=\"300\" height=\"128\" srcset=\"https:\/\/www.elsindical.com.ar\/notas\/var\/www\/html\/notas\/wp-content\/uploads\/2010\/12\/Gendarmes-en-Parque-Indoame-300x128.jpg 300w, https:\/\/www.elsindical.com.ar\/notas\/var\/www\/html\/notas\/wp-content\/uploads\/2010\/12\/Gendarmes-en-Parque-Indoame.jpg 413w\" sizes=\"auto, (max-width: 300px) 100vw, 300px\" \/><\/a>Todos los ocupantes se retiraron tras el acuerdo del Gobierno con Macri para liberar los predios. <strong>Los efectivos de la Gendarmer\u00eda tambi\u00e9n abandonaron el predio.<\/strong><\/em><\/p>\n<p style=\"text-align: justify;\">El jefe de Gabinete de la Naci\u00f3n, <strong>An\u00edbal Fern\u00e1ndez<\/strong>, inform\u00f3 esta ma\u00f1ana que ya no quedan okupas en el Parque Indoamericano, ubicado en barrio porte\u00f1o de Villa Soldati, y que estuvo usurpado durante una semana.<br \/>\n\u00a0<br \/>\n<strong>\u00abCon enorme satisfacci\u00f3n les informo que hace tan s\u00f3lo unos minutos se ha retirado la \u00faltima persona del Parque Indoamericano\u00bb<\/strong>, comunic\u00f3 el funcionario nacional en su cuenta personal de <em>twitter<\/em>.<br \/>\n\u00a0<br \/>\nLos ocupantes <strong>desalojaron el predio entre las \u00faltimas horas de anoche y las primeras de esta ma\u00f1ana<\/strong> y regresaron a sus viviendas en los asentamientos de la zona, tras el anuncio de un plan de viviendas conjunto entre el Gobierno y Macri.<br \/>\n\u00a0<br \/>\nTras vaciarse las <strong>m\u00e1s de 100 hect\u00e1reas <\/strong>donde est\u00e1 emplazado el Indoamericano, los efectivos de Gendarmer\u00eda comenzaron a limpiar el predio que qued\u00f3 <strong>repleto de maderas y chapas en su interior y algunas fogatas<\/strong>.<\/p>\n<p><strong>Planes de viviendas para los okupas<\/strong><\/p>\n<p style=\"text-align: justify;\">El acuerdo lleg\u00f3 tras una reuni\u00f3n que mantuvieron los ministros nacionales An\u00edbal Fern\u00e1ndez y Florencio Randazzo con el jefe de gobierno porte\u00f1o, Mauricio Macri, y sus colaboradores, en Casa de Gobierno.<\/p>\n<p><strong>Seg\u00fan inform\u00f3 el jefe de Gabinete porte\u00f1o, Horacio Rodr\u00edguez Larreta, se dise\u00f1ar\u00e1 un plan de vivienda y un programa de urbanizaci\u00f3n de villas que ser\u00e1 financiado por la Ciudad, pero apoyado por el Gobierno Nacional en forma sim\u00e9trica.<\/strong><\/p>\n","protected":false},"excerpt":{"rendered":"<p>Todos los ocupantes se retiraron tras el acuerdo del Gobierno con Macri para liberar los predios. Los efectivos de la Gendarmer\u00eda tambi\u00e9n abandonaron el predio. El jefe de Gabinete de la Naci\u00f3n, An\u00edbal Fern\u00e1ndez, inform\u00f3 esta ma\u00f1ana que ya no quedan okupas en el Parque Indoamericano, ubicado en barrio porte\u00f1o de Villa Soldati, y que&hellip;<\/p>\n","protected":false},"author":1,"featured_media":0,"comment_status":"open","ping_status":"open","sticky":false,"template":"","format":"standard","meta":{"footnotes":""},"categories":[25],"tags":[811,76,5338,4451,5315],"class_list":["post-11343","post","type-post","status-publish","format-standard","hentry","category-sociedad","tag-gendarmeria","tag-mauricio-macri","tag-okupas","tag-predio","tag-villa-soldati"],"_links":{"self":[{"href":"https:\/\/www.elsindical.com.ar\/notas\/wp-json\/wp\/v2\/posts\/11343","targetHints":{"allow":["GET"]}}],"collection":[{"href":"https:\/\/www.elsindical.com.ar\/notas\/wp-json\/wp\/v2\/posts"}],"about":[{"href":"https:\/\/www.elsindical.com.ar\/notas\/wp-json\/wp\/v2\/types\/post"}],"author":[{"embeddable":true,"href":"https:\/\/www.elsindical.com.ar\/notas\/wp-json\/wp\/v2\/users\/1"}],"replies":[{"embeddable":true,"href":"https:\/\/www.elsindical.com.ar\/notas\/wp-json\/wp\/v2\/comments?post=11343"}],"version-history":[{"count":1,"href":"https:\/\/www.elsindical.com.ar\/notas\/wp-json\/wp\/v2\/posts\/11343\/revisions"}],"predecessor-version":[{"id":11344,"href":"https:\/\/www.elsindical.com.ar\/notas\/wp-json\/wp\/v2\/posts\/11343\/revisions\/11344"}],"wp:attachment":[{"href":"https:\/\/www.elsindical.com.ar\/notas\/wp-json\/wp\/v2\/media?parent=11343"}],"wp:term":[{"taxonomy":"category","embeddable":true,"href":"https:\/\/www.elsindical.com.ar\/notas\/wp-json\/wp\/v2\/categories?post=11343"},{"taxonomy":"post_tag","embeddable":true,"href":"https:\/\/www.elsindical.com.ar\/notas\/wp-json\/wp\/v2\/tags?post=11343"}],"curies":[{"name":"wp","href":"https:\/\/api.w.org\/{rel}","templated":true}]}}