{"id":113422,"date":"2022-05-10T10:36:23","date_gmt":"2022-05-10T13:36:23","guid":{"rendered":"https:\/\/www.elsindical.com.ar\/notas\/?p=113422"},"modified":"2022-05-10T10:36:25","modified_gmt":"2022-05-10T13:36:25","slug":"lanus-otra-denuncia-de-abuso-sexual-durante-una-fiesta-en-remedios-de-escalada","status":"publish","type":"post","link":"https:\/\/www.elsindical.com.ar\/notas\/lanus-otra-denuncia-de-abuso-sexual-durante-una-fiesta-en-remedios-de-escalada\/","title":{"rendered":"Lan\u00fas: Otra denuncia de abuso sexual durante una fiesta en Remedios de Escalada"},"content":{"rendered":"\n<figure class=\"wp-block-image size-large\"><a href=\"https:\/\/www.elsindical.com.ar\/notas\/var\/www\/html\/notas\/wp-content\/uploads\/2022\/05\/Nuevo-Club-Belgrano-Lanus.jpg\"><img loading=\"lazy\" decoding=\"async\" width=\"1024\" height=\"576\" src=\"https:\/\/www.elsindical.com.ar\/notas\/var\/www\/html\/notas\/wp-content\/uploads\/2022\/05\/Nuevo-Club-Belgrano-Lanus-1024x576.jpg\" alt=\"\" class=\"wp-image-113423\" srcset=\"https:\/\/www.elsindical.com.ar\/notas\/var\/www\/html\/notas\/wp-content\/uploads\/2022\/05\/Nuevo-Club-Belgrano-Lanus-1024x576.jpg 1024w, https:\/\/www.elsindical.com.ar\/notas\/var\/www\/html\/notas\/wp-content\/uploads\/2022\/05\/Nuevo-Club-Belgrano-Lanus-300x169.jpg 300w, https:\/\/www.elsindical.com.ar\/notas\/var\/www\/html\/notas\/wp-content\/uploads\/2022\/05\/Nuevo-Club-Belgrano-Lanus-768x432.jpg 768w, https:\/\/www.elsindical.com.ar\/notas\/var\/www\/html\/notas\/wp-content\/uploads\/2022\/05\/Nuevo-Club-Belgrano-Lanus-500x281.jpg 500w, https:\/\/www.elsindical.com.ar\/notas\/var\/www\/html\/notas\/wp-content\/uploads\/2022\/05\/Nuevo-Club-Belgrano-Lanus-1536x864.jpg 1536w, https:\/\/www.elsindical.com.ar\/notas\/var\/www\/html\/notas\/wp-content\/uploads\/2022\/05\/Nuevo-Club-Belgrano-Lanus-2048x1152.jpg 2048w, https:\/\/www.elsindical.com.ar\/notas\/var\/www\/html\/notas\/wp-content\/uploads\/2022\/05\/Nuevo-Club-Belgrano-Lanus-460x260.jpg 460w\" sizes=\"auto, (max-width: 1024px) 100vw, 1024px\" \/><\/a><\/figure>\n\n\n\n<p>Una adolescente denunci\u00f3 que fue abusada en una fiesta que se realiz\u00f3 el fin de semana. Sum\u00e1ndose a varias denuncias de abusos sexuales en fiestas acontecidas en el partido de Lan\u00fas donde el municipio no se ocupa de los controles a clubes donde se organizan fiestas donde se denuncia hay alcohol y drogas.<\/p>\n\n\n\n<p><strong>Una joven denunci\u00f3 que sufri\u00f3 abuso sexual durante una fiesta que se celebr\u00f3 el fin de semana en un club de Remedios de Escalada<\/strong>, partido de Lan\u00fas. Ella tiene 16 a\u00f1os y el joven se\u00f1alado como agresor tambi\u00e9n es menor de edad.<\/p>\n\n\n\n<p>La joven acudi\u00f3 a una fiesta que se realiz\u00f3 <strong>el fin de semana<\/strong> en el Club Social y Deportivo Belgrano, ubicado en Suipacha 3641. Denunci\u00f3 que a las 2 de la madrugada fue atacada sexualmente por un conocido, de 17 a\u00f1os.<\/p>\n\n\n\n<p>De acuerdo al testimonio de allegados, el abuso se habr\u00eda concretado en un pasillo del club.<\/p>\n\n\n\n<p><strong>La joven denunci\u00f3 este hecho en la comisar\u00eda segunda de Lan\u00fas (Lan\u00fas Este) y acudi\u00f3 al Hospital&nbsp;Local General de Agudos \u201cDr. Arturo&nbsp;Melo\u201d de Remedios de Escalada para ser atendida.<\/strong><\/p>\n\n\n\n<p>La causa est\u00e1 en manos del Juzgado de&nbsp;Responsabilidad&nbsp;Penal&nbsp;Juvenil&nbsp;N\u00ba&nbsp;2 de&nbsp;Lomas&nbsp;de Zamora.<\/p>\n","protected":false},"excerpt":{"rendered":"<p>Una adolescente denunci\u00f3 que fue abusada en una fiesta que se realiz\u00f3 el fin de semana. Sum\u00e1ndose a varias denuncias de abusos sexuales en fiestas acontecidas en el partido de Lan\u00fas donde el municipio no se ocupa de los controles a clubes donde se organizan fiestas donde se denuncia hay alcohol y drogas. Una joven&hellip;<\/p>\n","protected":false},"author":1,"featured_media":113423,"comment_status":"open","ping_status":"open","sticky":false,"template":"","format":"standard","meta":{"footnotes":""},"categories":[6,22],"tags":[783,37174,2450,23470,209,5025,6272],"class_list":["post-113422","post","type-post","status-publish","format-standard","has-post-thumbnail","hentry","category-denuncias","category-policiales","tag-abuso-sexual","tag-club-social-y-deportivo-belgrano","tag-diario-el-sindical","tag-diego-kravetz","tag-lanus","tag-nestor-grindetti","tag-remedios-de-escalada"],"_links":{"self":[{"href":"https:\/\/www.elsindical.com.ar\/notas\/wp-json\/wp\/v2\/posts\/113422","targetHints":{"allow":["GET"]}}],"collection":[{"href":"https:\/\/www.elsindical.com.ar\/notas\/wp-json\/wp\/v2\/posts"}],"about":[{"href":"https:\/\/www.elsindical.com.ar\/notas\/wp-json\/wp\/v2\/types\/post"}],"author":[{"embeddable":true,"href":"https:\/\/www.elsindical.com.ar\/notas\/wp-json\/wp\/v2\/users\/1"}],"replies":[{"embeddable":true,"href":"https:\/\/www.elsindical.com.ar\/notas\/wp-json\/wp\/v2\/comments?post=113422"}],"version-history":[{"count":1,"href":"https:\/\/www.elsindical.com.ar\/notas\/wp-json\/wp\/v2\/posts\/113422\/revisions"}],"predecessor-version":[{"id":113424,"href":"https:\/\/www.elsindical.com.ar\/notas\/wp-json\/wp\/v2\/posts\/113422\/revisions\/113424"}],"wp:featuredmedia":[{"embeddable":true,"href":"https:\/\/www.elsindical.com.ar\/notas\/wp-json\/wp\/v2\/media\/113423"}],"wp:attachment":[{"href":"https:\/\/www.elsindical.com.ar\/notas\/wp-json\/wp\/v2\/media?parent=113422"}],"wp:term":[{"taxonomy":"category","embeddable":true,"href":"https:\/\/www.elsindical.com.ar\/notas\/wp-json\/wp\/v2\/categories?post=113422"},{"taxonomy":"post_tag","embeddable":true,"href":"https:\/\/www.elsindical.com.ar\/notas\/wp-json\/wp\/v2\/tags?post=113422"}],"curies":[{"name":"wp","href":"https:\/\/api.w.org\/{rel}","templated":true}]}}