{"id":113419,"date":"2022-05-10T10:29:58","date_gmt":"2022-05-10T13:29:58","guid":{"rendered":"https:\/\/www.elsindical.com.ar\/notas\/?p=113419"},"modified":"2022-05-10T10:30:00","modified_gmt":"2022-05-10T13:30:00","slug":"lomas-de-zamora-condenaron-a-perpetua-al-autor-del-doble-femicidio-del-barrio-olimpo","status":"publish","type":"post","link":"https:\/\/www.elsindical.com.ar\/notas\/lomas-de-zamora-condenaron-a-perpetua-al-autor-del-doble-femicidio-del-barrio-olimpo\/","title":{"rendered":"Lomas de Zamora: Condenaron a perpetua al autor del doble femicidio del barrio Olimpo"},"content":{"rendered":"\n<div class=\"wp-block-image\"><figure class=\"aligncenter size-full\"><a href=\"https:\/\/www.elsindical.com.ar\/notas\/var\/www\/html\/notas\/wp-content\/uploads\/2022\/05\/Miguel-Alexander-Sosa-femicida-.jpg\"><img loading=\"lazy\" decoding=\"async\" width=\"512\" height=\"515\" src=\"https:\/\/www.elsindical.com.ar\/notas\/var\/www\/html\/notas\/wp-content\/uploads\/2022\/05\/Miguel-Alexander-Sosa-femicida-.jpg\" alt=\"\" class=\"wp-image-113420\" srcset=\"https:\/\/www.elsindical.com.ar\/notas\/var\/www\/html\/notas\/wp-content\/uploads\/2022\/05\/Miguel-Alexander-Sosa-femicida-.jpg 512w, https:\/\/www.elsindical.com.ar\/notas\/var\/www\/html\/notas\/wp-content\/uploads\/2022\/05\/Miguel-Alexander-Sosa-femicida--298x300.jpg 298w, https:\/\/www.elsindical.com.ar\/notas\/var\/www\/html\/notas\/wp-content\/uploads\/2022\/05\/Miguel-Alexander-Sosa-femicida--150x150.jpg 150w, https:\/\/www.elsindical.com.ar\/notas\/var\/www\/html\/notas\/wp-content\/uploads\/2022\/05\/Miguel-Alexander-Sosa-femicida--50x50.jpg 50w\" sizes=\"auto, (max-width: 512px) 100vw, 512px\" \/><\/a><\/figure><\/div>\n\n\n\n<p>El juez del Tribunal Oral en lo Criminal (TOC) 7 de Lomas de Zamora, Santiago M\u00e1rquez, conden\u00f3 a prisi\u00f3n perpetua a un joven que asesin\u00f3 a su ex pareja y a la madre de esta, en un hecho ocurrido en febrero de 2020, en el barrio Olimpo, en Lomas. Un jurado de ciudadanos comunes lo hab\u00eda declarado culpable hace diez d\u00edas.<\/p>\n\n\n\n<p>Fuentes judiciales informaron a DiarioConurbano.com que la sentencia se conoci\u00f3 este lunes en el marco de la denominada audiencia de cesura posterior a la declaraci\u00f3n de culpabilidad durante el juicio por jurados.<\/p>\n\n\n\n<p>El jurado hab\u00eda declarado culpable<strong> a Miguel Alexander Sosa (26)<\/strong> de de asesinar a&nbsp;<strong>Marianel Rivera (24) y a su madre, Mar\u00eda Laura Rivera (46)<\/strong>&nbsp;en la localidad de Ingeniero Budge en febrero de 2020.<\/p>\n\n\n\n<p>Los jurados encontraron culpable a Sosa de <strong>\u201chomicidio agravado por ser la v\u00edctima pareja conviviente, por mediar violencia de g\u00e9nero, y por el uso de arma de fuego\u201d&nbsp;<\/strong>en perjuicio de Marianela Lorelei Rivera,<strong>&nbsp;y por \u201chomicidio agravado criminis causa y por el uso de arma de fuego\u201d,&nbsp;<\/strong>en perjuicio de Mar\u00eda Laura Rivera.<\/p>\n\n\n\n<p>Por esto, ya preve\u00eda que la condenado no pod\u00eda ser otra que la prisi\u00f3n perpetua.<\/p>\n\n\n\n<p>El &nbsp;hecho ocurri\u00f3 el 18 de febrero de 2020 cuando Marianela (24) y Mar\u00eda Laura (46) se encontraban en su vivienda ubicada a pocos metros de la avenida Olimpo y Laprida, en el barrio Olimpo, en Lomas de Zamora.<\/p>\n\n\n\n<p>Ese d\u00eda, Miguel Alexander Sosa, quien hac\u00eda poco tiempo hab\u00eda salido de la c\u00e1rcel ingres\u00f3 en el domicilio y comenz\u00f3 a agredir a Marianela. En ese momento, se interpuso Laura para defenderla pero el joven sac\u00f3 una pistola y dispar\u00f3 contra la madre y su hija, quit\u00e1ndoles la vida.<\/p>\n\n\n\n<p>Seg\u00fan lo relatado por la familia de las v\u00edctimas, el acusado ya hab\u00eda sido denunciado por Marianela por violencia de g\u00e9nero.<\/p>\n\n\n\n<div class=\"wp-block-image\"><figure class=\"aligncenter size-full\"><a href=\"https:\/\/www.elsindical.com.ar\/notas\/var\/www\/html\/notas\/wp-content\/uploads\/2022\/04\/Marianela-y-Maria-Laura-Rivera-femicidios.jpg\"><img loading=\"lazy\" decoding=\"async\" width=\"640\" height=\"420\" src=\"https:\/\/www.elsindical.com.ar\/notas\/var\/www\/html\/notas\/wp-content\/uploads\/2022\/04\/Marianela-y-Maria-Laura-Rivera-femicidios.jpg\" alt=\"\" class=\"wp-image-113163\" srcset=\"https:\/\/www.elsindical.com.ar\/notas\/var\/www\/html\/notas\/wp-content\/uploads\/2022\/04\/Marianela-y-Maria-Laura-Rivera-femicidios.jpg 640w, https:\/\/www.elsindical.com.ar\/notas\/var\/www\/html\/notas\/wp-content\/uploads\/2022\/04\/Marianela-y-Maria-Laura-Rivera-femicidios-300x197.jpg 300w, https:\/\/www.elsindical.com.ar\/notas\/var\/www\/html\/notas\/wp-content\/uploads\/2022\/04\/Marianela-y-Maria-Laura-Rivera-femicidios-457x300.jpg 457w\" sizes=\"auto, (max-width: 640px) 100vw, 640px\" \/><\/a><\/figure><\/div>\n","protected":false},"excerpt":{"rendered":"<p>El juez del Tribunal Oral en lo Criminal (TOC) 7 de Lomas de Zamora, Santiago M\u00e1rquez, conden\u00f3 a prisi\u00f3n perpetua a un joven que asesin\u00f3 a su ex pareja y a la madre de esta, en un hecho ocurrido en febrero de 2020, en el barrio Olimpo, en Lomas. Un jurado de ciudadanos comunes lo&hellip;<\/p>\n","protected":false},"author":1,"featured_media":113420,"comment_status":"open","ping_status":"open","sticky":false,"template":"","format":"standard","meta":{"footnotes":""},"categories":[20],"tags":[2450,516,744,37083,32584,32582,33305],"class_list":["post-113419","post","type-post","status-publish","format-standard","has-post-thumbnail","hentry","category-judiciales","tag-diario-el-sindical","tag-juicio-oral","tag-lomas-de-zamora","tag-maria-laura-rivera","tag-marianela-rivera","tag-miguel-alexander-sosa","tag-toc-7-lz"],"_links":{"self":[{"href":"https:\/\/www.elsindical.com.ar\/notas\/wp-json\/wp\/v2\/posts\/113419","targetHints":{"allow":["GET"]}}],"collection":[{"href":"https:\/\/www.elsindical.com.ar\/notas\/wp-json\/wp\/v2\/posts"}],"about":[{"href":"https:\/\/www.elsindical.com.ar\/notas\/wp-json\/wp\/v2\/types\/post"}],"author":[{"embeddable":true,"href":"https:\/\/www.elsindical.com.ar\/notas\/wp-json\/wp\/v2\/users\/1"}],"replies":[{"embeddable":true,"href":"https:\/\/www.elsindical.com.ar\/notas\/wp-json\/wp\/v2\/comments?post=113419"}],"version-history":[{"count":1,"href":"https:\/\/www.elsindical.com.ar\/notas\/wp-json\/wp\/v2\/posts\/113419\/revisions"}],"predecessor-version":[{"id":113421,"href":"https:\/\/www.elsindical.com.ar\/notas\/wp-json\/wp\/v2\/posts\/113419\/revisions\/113421"}],"wp:featuredmedia":[{"embeddable":true,"href":"https:\/\/www.elsindical.com.ar\/notas\/wp-json\/wp\/v2\/media\/113420"}],"wp:attachment":[{"href":"https:\/\/www.elsindical.com.ar\/notas\/wp-json\/wp\/v2\/media?parent=113419"}],"wp:term":[{"taxonomy":"category","embeddable":true,"href":"https:\/\/www.elsindical.com.ar\/notas\/wp-json\/wp\/v2\/categories?post=113419"},{"taxonomy":"post_tag","embeddable":true,"href":"https:\/\/www.elsindical.com.ar\/notas\/wp-json\/wp\/v2\/tags?post=113419"}],"curies":[{"name":"wp","href":"https:\/\/api.w.org\/{rel}","templated":true}]}}