{"id":113392,"date":"2022-05-09T12:18:04","date_gmt":"2022-05-09T15:18:04","guid":{"rendered":"https:\/\/www.elsindical.com.ar\/notas\/?p=113392"},"modified":"2022-05-09T12:18:06","modified_gmt":"2022-05-09T15:18:06","slug":"cronica-y-los-riesgos-del-periodismo-berreta","status":"publish","type":"post","link":"https:\/\/www.elsindical.com.ar\/notas\/cronica-y-los-riesgos-del-periodismo-berreta\/","title":{"rendered":"Cr\u00f3nica y los riesgos del periodismo \u00abberreta\u00bb"},"content":{"rendered":"\n<div class=\"wp-block-image\"><figure class=\"aligncenter size-full\"><a href=\"https:\/\/www.elsindical.com.ar\/notas\/var\/www\/html\/notas\/wp-content\/uploads\/2022\/05\/Pai-Cesar-de-Xango-en-Cronica.jpg\"><img loading=\"lazy\" decoding=\"async\" width=\"709\" height=\"388\" src=\"https:\/\/www.elsindical.com.ar\/notas\/var\/www\/html\/notas\/wp-content\/uploads\/2022\/05\/Pai-Cesar-de-Xango-en-Cronica.jpg\" alt=\"\" class=\"wp-image-113394\" srcset=\"https:\/\/www.elsindical.com.ar\/notas\/var\/www\/html\/notas\/wp-content\/uploads\/2022\/05\/Pai-Cesar-de-Xango-en-Cronica.jpg 709w, https:\/\/www.elsindical.com.ar\/notas\/var\/www\/html\/notas\/wp-content\/uploads\/2022\/05\/Pai-Cesar-de-Xango-en-Cronica-300x164.jpg 300w, https:\/\/www.elsindical.com.ar\/notas\/var\/www\/html\/notas\/wp-content\/uploads\/2022\/05\/Pai-Cesar-de-Xango-en-Cronica-500x274.jpg 500w\" sizes=\"auto, (max-width: 709px) 100vw, 709px\" \/><\/a><\/figure><\/div>\n\n\n\n<p class=\"wp-block-paragraph\">   Se sabe que la calidad period\u00edstica de Cr\u00f3nica es de regular mala y si bien se presentan sus distintos conductores como el medio de \u00abla gente\u00bb, son varios los conductores que poco tienen de periodistas y mucho de presentadores de un show televisivo.<\/p>\n\n\n\n<p class=\"wp-block-paragraph\">Los titulares que suelen usar, el lenguaje y la personificaci\u00f3n que adoptan al presentar las noticias han dejado en la memoria de sus seguidores una identidad del canal, todo esto de ninguna manera puede ser una excusa para que ese show de noticias termine siendo una cartelera de personajes peligrosos para la sociedad.<\/p>\n\n\n\n<p class=\"wp-block-paragraph\">Ese riesgo radica en que en una sociedad poco afecta a informarse o chequear las fuentes, toma por cierto y seguro lo que le est\u00e1n relatando en los medios period\u00edsticos, pocos se plantean con rigor si lo que ese presentador dice es correcto o quienes son las fuentes consultadas.<\/p>\n\n\n\n<p class=\"wp-block-paragraph\">A veces una nota disfrazada de inter\u00e9s period\u00edstico, se puede transformar en un riesgo para aquellos que buscan alivio en sus vidas, muchos de los grandes \u00abchantas\u00bb locales, llegaron a la gente por la irresponsabilidad de medios y \u00abperiodistas\u00bb que consultaron o presentaron a \u00abexpertos\u00bb en tal o cual actividad.<\/p>\n\n\n\n<p class=\"wp-block-paragraph\">Hoy 9 de mayo, por la ma\u00f1ana Cr\u00f3nica expuso con su conductor Flavio Azzaro, una nota irrelevante desde lo period\u00edstico, sobre una supuesta \u00abmacumba\u00bb en un cajero autom\u00e1tico de la provincia de La Rioja, supuestamente para cobrar el refuerzo econ\u00f3mico del ANSES, una teor\u00eda rid\u00edcula desde lo religioso y que si bien fue levantada por varios medios, la nota diferente la dio Cr\u00f3nica al presentar y consultar en vivo al Pai C\u00e9sar de Xang\u00f3, el que desde un bar en Mar del Plata, se apart\u00f3 de lo religioso para colgarse al show y decir cualquier pavada, de paso \u00abvender\u00bb sus servicios espirituales.<\/p>\n\n\n\n<p class=\"wp-block-paragraph\">Hasta ac\u00e1 se puede considerar algo inofensivo y de \u00faltima que cada uno elija a quien le conf\u00eda su dinero y  vida, pero no se puede consentir que supuestos periodistas digan vamos a hablar con un \u00abexperto\u00bb y lo presenten como alguien respetable, olvidando que este personaje C\u00e9sar S\u00e1nchez, arrastra varias denuncias en su contra y hasta fue investigado y detenido por el violento homicidio de Melina Romero, una joven que fue, drogada, secuestrada, torturada y violada de formas aberrantes. La joven ten\u00eda solo 17 a\u00f1os y ese d\u00eda hab\u00eda concurrido con una amiga a festejar su cumplea\u00f1os al boliche \u00abChankanab\u00bb, ubicado en la localidad de San Mart\u00edn en la Avenida Juan Domingo Per\u00f3n al 3347.<\/p>\n\n\n\n<p class=\"wp-block-paragraph\">Los relatos de la amiga de Melina, Melody lo compromet\u00edan a C\u00e9sar pero curiosamente el fiscal del caso no lo imput\u00f3 en la elevaci\u00f3n a juicio y junto a otros imputados quedaron fuera del caso, a pesar de que por la mec\u00e1nica de los hechos, se conoc\u00eda que hubo participaci\u00f3n de otros hombres.<\/p>\n\n\n\n<p class=\"wp-block-paragraph\">Entonces no parece serio que un medio popular de noticias, tenga como referente y experto a un sujeto que de m\u00ednima es un \u00abcharlat\u00e1n\u00bb que hace afirmaciones alejadas de los fundamentos de la religi\u00f3n africanista y Umbanda, si ellos como periodistas no lo saben, deber\u00edan chequear las fuentes y ser responsables, el \u00abcanal del Pueblo\u00bb debe respetar al Pueblo.<\/p>\n\n\n\n<p class=\"wp-block-paragraph\"><\/p>\n\n\n\n<p class=\"wp-block-paragraph\">Por Marcelo Ricardo Hawrylciw<\/p>\n","protected":false},"excerpt":{"rendered":"<p>Se sabe que la calidad period\u00edstica de Cr\u00f3nica es de regular mala y si bien se presentan sus distintos conductores como el medio de \u00abla gente\u00bb, son varios los conductores que poco tienen de periodistas y mucho de presentadores de un show televisivo. Los titulares que suelen usar, el lenguaje y la personificaci\u00f3n que adoptan&hellip;<\/p>\n","protected":false},"author":1,"featured_media":113394,"comment_status":"open","ping_status":"open","sticky":false,"template":"","format":"standard","meta":{"footnotes":""},"categories":[1],"tags":[37162,1567,2450,25261,37163,19655,37161,16438],"class_list":["post-113392","post","type-post","status-publish","format-standard","has-post-thumbnail","hentry","category-destacadas","tag-cesar-sanchez","tag-cronica","tag-diario-el-sindical","tag-flavio-azzaro","tag-macumba","tag-melina-romero","tag-pai-cesar-de-xango","tag-umbanda"],"_links":{"self":[{"href":"https:\/\/www.elsindical.com.ar\/notas\/wp-json\/wp\/v2\/posts\/113392","targetHints":{"allow":["GET"]}}],"collection":[{"href":"https:\/\/www.elsindical.com.ar\/notas\/wp-json\/wp\/v2\/posts"}],"about":[{"href":"https:\/\/www.elsindical.com.ar\/notas\/wp-json\/wp\/v2\/types\/post"}],"author":[{"embeddable":true,"href":"https:\/\/www.elsindical.com.ar\/notas\/wp-json\/wp\/v2\/users\/1"}],"replies":[{"embeddable":true,"href":"https:\/\/www.elsindical.com.ar\/notas\/wp-json\/wp\/v2\/comments?post=113392"}],"version-history":[{"count":2,"href":"https:\/\/www.elsindical.com.ar\/notas\/wp-json\/wp\/v2\/posts\/113392\/revisions"}],"predecessor-version":[{"id":113395,"href":"https:\/\/www.elsindical.com.ar\/notas\/wp-json\/wp\/v2\/posts\/113392\/revisions\/113395"}],"wp:featuredmedia":[{"embeddable":true,"href":"https:\/\/www.elsindical.com.ar\/notas\/wp-json\/wp\/v2\/media\/113394"}],"wp:attachment":[{"href":"https:\/\/www.elsindical.com.ar\/notas\/wp-json\/wp\/v2\/media?parent=113392"}],"wp:term":[{"taxonomy":"category","embeddable":true,"href":"https:\/\/www.elsindical.com.ar\/notas\/wp-json\/wp\/v2\/categories?post=113392"},{"taxonomy":"post_tag","embeddable":true,"href":"https:\/\/www.elsindical.com.ar\/notas\/wp-json\/wp\/v2\/tags?post=113392"}],"curies":[{"name":"wp","href":"https:\/\/api.w.org\/{rel}","templated":true}]}}