{"id":113387,"date":"2022-05-09T11:10:38","date_gmt":"2022-05-09T14:10:38","guid":{"rendered":"https:\/\/www.elsindical.com.ar\/notas\/?p=113387"},"modified":"2022-05-09T11:11:27","modified_gmt":"2022-05-09T14:11:27","slug":"eugenio-juan-zappietro-entrevista-a-un-guionista-todo-terreno-y-atemporal","status":"publish","type":"post","link":"https:\/\/www.elsindical.com.ar\/notas\/eugenio-juan-zappietro-entrevista-a-un-guionista-todo-terreno-y-atemporal\/","title":{"rendered":"Eugenio Juan Zappietro, entrevista a un guionista todo terreno y atemporal"},"content":{"rendered":"\n<figure class=\"wp-block-image size-full\"><a href=\"https:\/\/www.elsindical.com.ar\/notas\/var\/www\/html\/notas\/wp-content\/uploads\/2022\/05\/Eugenio-Zappietro-primer-plano.jpg\"><img loading=\"lazy\" decoding=\"async\" width=\"886\" height=\"599\" src=\"https:\/\/www.elsindical.com.ar\/notas\/var\/www\/html\/notas\/wp-content\/uploads\/2022\/05\/Eugenio-Zappietro-primer-plano.jpg\" alt=\"\" class=\"wp-image-113389\" srcset=\"https:\/\/www.elsindical.com.ar\/notas\/var\/www\/html\/notas\/wp-content\/uploads\/2022\/05\/Eugenio-Zappietro-primer-plano.jpg 886w, https:\/\/www.elsindical.com.ar\/notas\/var\/www\/html\/notas\/wp-content\/uploads\/2022\/05\/Eugenio-Zappietro-primer-plano-300x203.jpg 300w, https:\/\/www.elsindical.com.ar\/notas\/var\/www\/html\/notas\/wp-content\/uploads\/2022\/05\/Eugenio-Zappietro-primer-plano-768x519.jpg 768w, https:\/\/www.elsindical.com.ar\/notas\/var\/www\/html\/notas\/wp-content\/uploads\/2022\/05\/Eugenio-Zappietro-primer-plano-444x300.jpg 444w\" sizes=\"auto, (max-width: 886px) 100vw, 886px\" \/><\/a><\/figure>\n\n\n\n<p>   Hay entrevistas que uno siempre quiere realizar, porque exceden el inter\u00e9s del momento, en un mundo que todo es ahora y ya, en una sociedad con poca memoria y especialmente sin identidad en su cultura, es all\u00ed donde adquiere relevancia el poder entrevistar a un referente de la historieta y la literatura argentina.<\/p>\n\n\n\n<p>Eugenio Zappietro es un pr\u00f3cer para los del palo de la historieta, ha escrito guiones incluso que llegaron a la televisi\u00f3n en forma de novelas, pero es mucho m\u00e1s que eso, Zappietro es un observador del mundo, un tipo inquieto y curioso, un gran lector, tambi\u00e9n un \u00abmaestro\u00bb en eso de transmitir conocimientos y experiencia. Lamento no haber podido realizar un mano a mano en video, pero celebro poder entrevistarlo y compartir con los lectores alguien que es parte de nuestra historia, de nuestra imagen en el mundo, un pedazo de nuestra cultura.<\/p>\n\n\n\n<p>Los invito a conocer su obra, su \u00faltimo trabajo premiado \u00abMi nombre es Zero Galv\u00e1n\u00bb lo muestra atemporal.<\/p>\n\n\n\n<p>Gracias por tu generosidad Eugenio.<\/p>\n\n\n\n<p><strong>Entrevista a Eugenio Juan Zappietro<\/strong><\/p>\n\n\n\n<p><\/p>\n\n\n\n<p><strong>1- \u00bfQui\u00e9n es Ray Collins en tu vida?<\/strong><\/p>\n\n\n\n<p><em>-Ray Collins es la marca que Julio Anibal Portas eligi\u00f3 para nom de guerre al ordenarme la continuaci\u00f3n de la historieta Joe Gatillo, creada por Mark Shane (Edgardo Da Mommio, periodista en la revista Misterix de Editorial Abril, con dibujos de Carlos E. Vogt en 1960).<\/em><\/p>\n\n\n\n<p><em>Ray Collins fue un seud\u00f3nimo que se sum\u00f3 a otros y result\u00f3 el m\u00e1s utilizado en los guiones de historieta. Signific\u00f3 ampliar el espectro de cuentos para revistas femeninas, primer eslab\u00f3n de la aventura de escribir desde 1958.<\/em><\/p>\n\n\n\n<p><strong>2- Hablanos de \u201cPrecinto 56\u201d, \u201cHenga el cazador\u201d y de \u201cTiempo de morir\u201d.<\/strong><\/p>\n\n\n\n<p><em>-Precinto 56 se inicia en la etapa de Misterix, ya propiedad de la Editora YAGO, de Francisco Romay, con dibujos de Jos\u00e9 Mu\u00f1oz, en 1962 etapa publicada hace poco por Casterman, de Francia. Fue encargada por Hugo Pratt, entonces director y comparti\u00f3 publicaci\u00f3n con Garrett y Mort Cinder, una de las cumbres de H.G. Oesterheld.<\/em><\/p>\n\n\n\n<p><em>Henga, el cazador nace con Skorpio en 1973, con dibujos del monumental Juan Zanotto. Fue pel\u00edcula, en Italia, bajo el nombre de YOR, donde habilit\u00e9 al artista como co-autor en el gui\u00f3n.<\/em><\/p>\n\n\n\n<p><em>Tiempo de morir es mi primera novela, para el Premio Planeta 1967, donde fui el primer latinoamericano en ganar el certamen, en tiempos de censura de Francisco Franco. Luego de 7 votaciones, empatada con Las Ultimas Banderas de don \u00c1ngel Mar\u00eda de Lera, desempat\u00f3 el due\u00f1o de la editorial, a favor de esta \u00faltima. Guillermo D\u00edaz-Plaja, de la Real Academia la salud\u00f3 notablemente en el ABC de Madrid. Fue el comienzo en la novela.<\/em><\/p>\n\n\n\n<p><em>Un comienzo para seguir, intentando. La \u00faltima vez que arrim\u00e9 fue en el Planeta 2018 entrando en las primeros diez finalistas con la novela El amante de la Viuda Negra.<\/em><\/p>\n\n\n\n<p><strong>3- \u00bfQu\u00e9 recuerda de Julio Almada y c\u00f3mo influyo en usted?<\/strong><\/p>\n\n\n\n<p><em>-Julio An\u00edbal Portas (Julio Almada, autor de Fuerte Argentino, \u00edcono de la historieta) puede considerarse el maestro que crey\u00f3 en un autor de fotonovelas y fue un amigo cabal, de una \u00e9poca de hombres a emular. Con \u00e9l aprend\u00ed a amar el g\u00e9nero y a trabajar con la humildad del buscador, dentro de cada personaje. Escribi\u00f3 su mejor obra al nivel de Oesterheld, a quien hab\u00eda sucedido en la editorial Abril.<\/em><\/p>\n\n\n\n<p><strong>4- C\u00f3mo se definir\u00eda, guionista, polic\u00eda, escritor o alguna otra definici\u00f3n.<\/strong><\/p>\n\n\n\n<p><em>-Escribir ficci\u00f3n me result\u00f3 un juego, m\u00e1s all\u00e1 de los pretendidos g\u00e9neros, con la historieta a la cabeza, puesto que \u00e9sta engloba, necesariamente, a todos los g\u00e9neros, si a esto nos referimos. El gui\u00f3n habilita al escriba a rastrear en la s\u00edntesis de la aventura humana, la novela puede ir al hueso, ampliando el foco y los dem\u00e1s formatos detener la imagen para esclarecerla.<\/em><\/p>\n\n\n\n<p><em>Mi empleo policial me permiti\u00f3 descubrir el rev\u00e9s de toda personalidad y sus entresijos, por lo menos en modo de aproximaci\u00f3n y aprendizaje.<\/em><\/p>\n\n\n\n<p><em>Si la historieta define, soy contador de historias. A ser escritor, prefiero entretener, que el lector no se sienta defraudado. Si me lee, es un amigo. Si me recuerda, es de mi familia. El lector de historietas est\u00e1 lejos de los prejuicios: gusta de tener la libertad de elecci\u00f3n que el lector avezado o culto se niega, temiendo ser estafado en el nivel que cree que alcanz\u00f3.<\/em><\/p>\n\n\n\n<p><strong>5- Cuentenos sobre <em>H\u00e9ctor Germ\u00e1n Oesterheld<\/em><\/strong><\/p>\n\n\n\n<p><em>Si Leonardo A. Wadel prefigur\u00f3 el gui\u00f3n, H.G. Oesterheld lo llev\u00f3 a la estrat\u00f3sfera.<\/em><\/p>\n\n\n\n<p><em>Inalcanzable por la vasta obra, por la profundidad de sus historias, por la infrecuente fundaci\u00f3n de mundos posibles y el aplastante talento que lo erige en acaso el m\u00e1s grande de todos los autores del g\u00e9nero de todos los tiempos. Recorriendo su herencia es posible reconocer que desde El Sargento Kirk la historieta, tal como la conceb\u00eda, tuvo su apoteosis hasta su desgraciado final. Cuando me toc\u00f3 guionar la segunda etapa de Nekrodamus comprend\u00ed que jam\u00e1s dej\u00f3 de crear ni dej\u00f3 tema sin tocar. El estudio de su obra completa, (que se nos debe,)ahorrar\u00eda el gran caudal de definiciones y aproximaciones. Un autor impar que llev\u00f3 la historieta argentina a nivel de obras de culto, dif\u00edciles de igualar.<\/em><\/p>\n\n\n\n<p><strong>6- \u00bfC\u00f3mo se mezcla un taller literario o de guion, con un museo policial?<\/strong><\/p>\n\n\n\n<p><em>-Dentro de las actividades culturales que permite un Museo, el Policial a mi cargo tuvo, desde 2007 a la pandemia, cursos de abril a diciembre de Cuento, Novela y Gui\u00f3n, Fotograf\u00eda y Cine, totalmente gratuitos abiertos a todo p\u00fablico y dictados por personal retirado id\u00f3neos en esos temas. La convocatoria fue sorprendente acaso por el \u00e1mbito donde se desarrollaron, pero un impensado plantel de fieles concurrentes los sostuvo hasta el 2020 que se interrumpieron.<\/em><\/p>\n\n\n\n<p><em>No se trat\u00f3 de una mezcla, sino de conocerse mejor , comunidad y polic\u00eda, lo que funcion\u00f3 y fue una novedad.<\/em><\/p>\n\n\n\n<p><strong>7- \u00bfQu\u00e9 pendientes hay en su vida?<\/strong><\/p>\n\n\n\n<p><em>-Anteriormente, afirm\u00e9 que el bendito laburo de tejer historias me dej\u00f3 sin asignaturas pendientes. Fuera del laburo, con todas sus pleamares o desgracias, confieso que con mi mujer hemos transitado un camino afortunado. Como dir\u00eda Neruda: confieso que he vivido\u2026 mil vidas a trav\u00e9s de algunas de mis historias.<\/em><\/p>\n\n\n\n<p><strong>8- En su opini\u00f3n, la historieta puede sobrevivir a las pel\u00edculas animadas de Marvel?.<\/strong><\/p>\n\n\n\n<p><em>Portas es due\u00f1o de una frase capital: \u00a8\u201dLa historieta es un g\u00e9nero literario, una industria y un fen\u00f3meno social\u201d<\/em><\/p>\n\n\n\n<p><em>El pecado por omisi\u00f3n es que no tuvimos una industria. La Marvel lo es, entre otras.<\/em><\/p>\n\n\n\n<p><strong>9- A nivel nacional, El Cazador de Aventuras, un comic que para muchos lo ubican como una historieta cl\u00e1sica, es lo m\u00e1s pr\u00f3ximo a los llamados cl\u00e1sicos, hay futuro o hay una muerte del formato?.<\/strong><\/p>\n\n\n\n<p><em>-La historieta argentina tuvo algunas ca\u00eddas de 1945 al 2000, de las que resucit\u00f3 hasta conformar medio siglo de oro. Pude ser que el formato cambie, pero decretar su muerte es imprudente. \u00bfO no egresan tantos dibujantes anualmente y se estudia en universidades e institutos? \u00bfEst\u00e1n velando a un cad\u00e1ver?<\/em><\/p>\n\n\n\n<p><strong>10- C\u00f3mo ve la sociedad, las costumbres, la cultura, los valores, la \u00e9tica y hasta la pol\u00edtica.<\/strong><\/p>\n\n\n\n<p><em>Desde la caverna, las sociedades cambian, mutan y se transforman.<\/em><\/p>\n\n\n\n<p><em>Con la panza satisfecha, es posible la cultura, dice Will Durant. Las costumbres y los valores corren parejos con la contingencia del momento, disfrazadas de tradiciones. La \u00e9tica es personal, intransferible como los sentimientos. No es contagiosa, ni t\u00f3xica. Pero eso es motivo de otro debate, vino mediante.<\/em><\/p>\n\n\n\n<p><em>La pol\u00edtica, gracias a la Providencia, es el arte de lo posible.<\/em><\/p>\n\n\n\n<p><em>Casi nada.<\/em><\/p>\n\n\n\n<p><strong>11- Siempre se repite que uno de los principales intereses de los ciudadanos es la econom\u00eda y la seguridad, teniendo en cuenta su experiencia policial y el haber compartido miles de historias los viernes por la tarde, alguna vez alguien lo consult\u00f3 para conocer desde lo hist\u00f3rico la g\u00e9nesis del delito y trabajar con fundamentos ensayos para mejorar la seguridad?<\/strong><\/p>\n\n\n\n<p><em>-Si la econom\u00eda curara la leucemia, ser\u00eda perfecta.<\/em><\/p>\n\n\n\n<p><em>Considero que la seguridad es el tema: poder trabajar en paz, edificar una vida y un hogar sin peligros acuciantes. La educaci\u00f3n falla: leyes, reglamentos y ukases no alcanzan; las fuerzas de seguridad, tampoco. La panacea tal vez resida en el respeto en la convivencia social, dejando de lado las diferencias por color de piel, de sexo, de religi\u00f3n y pol\u00edtica, los fanatismos pat\u00e9ticos y otras, apelando al humor del viejo Unamuno que dec\u00eda que \u201cel que no es nada, es socio de un club\u201d<\/em><\/p>\n\n\n\n<p><strong>12- Que rol juegan en un guion las siguientes palabras: amor, sexo, vicios, religi\u00f3n y pol\u00edtica.<\/strong><\/p>\n\n\n\n<p><em>-En un gui\u00f3n, las palabras amor, sexo, vicios, religi\u00f3n y pol\u00edtica son disparadores para contar historias humanas en la conmovedora b\u00fasqueda de la inasible y esquiva felicidad.<\/em><\/p>\n\n\n\n<p><strong>13- Que le viene a la mente con las siguientes palabras: feminismo, Amazon +, Tik Tok, polic\u00eda, tango, L-Gante<\/strong><\/p>\n\n\n\n<p><em>-Como todo f\u00f3sil de mi generaci\u00f3n para saber el significado de Amazon y Tik-tok he debido preguntar.<\/em><\/p>\n\n\n\n<p><em>El feminismo, dicen algunos, es como el enga\u00f1o: el sexo de nuestro tiempo.<\/em><\/p>\n\n\n\n<p><em>Pero parece que todav\u00eda existen etnias femeninas que consultan con sus hormonas, antes de anotarse. Y boludos que olvidan que, sin f\u00e9minas, una historieta se va al carajo<\/em><\/p>\n\n\n\n<p><em>Am\u00e9n.<\/em><\/p>\n\n\n\n<p><em>Un abrazo.<\/em><\/p>\n\n\n\n<p><em>E.<\/em><\/p>\n\n\n\n<figure class=\"wp-block-embed is-type-video is-provider-youtube wp-block-embed-youtube wp-embed-aspect-16-9 wp-has-aspect-ratio\"><div class=\"wp-block-embed__wrapper\">\n<iframe loading=\"lazy\" title=\"Trailer EXTREMO NEGRO\" width=\"700\" height=\"394\" src=\"https:\/\/www.youtube.com\/embed\/dQX1TwcHC10?feature=oembed\" frameborder=\"0\" allow=\"accelerometer; autoplay; clipboard-write; encrypted-media; gyroscope; picture-in-picture\" allowfullscreen><\/iframe>\n<\/div><\/figure>\n\n\n\n<p>Por Marcelo Ricardo Hawrylciw<\/p>\n","protected":false},"excerpt":{"rendered":"<p>Hay entrevistas que uno siempre quiere realizar, porque exceden el inter\u00e9s del momento, en un mundo que todo es ahora y ya, en una sociedad con poca memoria y especialmente sin identidad en su cultura, es all\u00ed donde adquiere relevancia el poder entrevistar a un referente de la historieta y la literatura argentina. Eugenio Zappietro&hellip;<\/p>\n","protected":false},"author":1,"featured_media":113389,"comment_status":"open","ping_status":"open","sticky":false,"template":"","format":"standard","meta":{"footnotes":""},"categories":[1,5],"tags":[37154,10864,2450,37153,37156,37155,37157,698,30,37159,37158,37160],"class_list":["post-113387","post","type-post","status-publish","format-standard","has-post-thumbnail","hentry","category-destacadas","category-cultura","tag-comic","tag-cultura-2","tag-diario-el-sindical","tag-eugenio-juan-zappietro","tag-guion","tag-historieta","tag-novela","tag-pfa","tag-policia","tag-precinto-56","tag-ray-collins","tag-zero-galvan"],"_links":{"self":[{"href":"https:\/\/www.elsindical.com.ar\/notas\/wp-json\/wp\/v2\/posts\/113387","targetHints":{"allow":["GET"]}}],"collection":[{"href":"https:\/\/www.elsindical.com.ar\/notas\/wp-json\/wp\/v2\/posts"}],"about":[{"href":"https:\/\/www.elsindical.com.ar\/notas\/wp-json\/wp\/v2\/types\/post"}],"author":[{"embeddable":true,"href":"https:\/\/www.elsindical.com.ar\/notas\/wp-json\/wp\/v2\/users\/1"}],"replies":[{"embeddable":true,"href":"https:\/\/www.elsindical.com.ar\/notas\/wp-json\/wp\/v2\/comments?post=113387"}],"version-history":[{"count":3,"href":"https:\/\/www.elsindical.com.ar\/notas\/wp-json\/wp\/v2\/posts\/113387\/revisions"}],"predecessor-version":[{"id":113391,"href":"https:\/\/www.elsindical.com.ar\/notas\/wp-json\/wp\/v2\/posts\/113387\/revisions\/113391"}],"wp:featuredmedia":[{"embeddable":true,"href":"https:\/\/www.elsindical.com.ar\/notas\/wp-json\/wp\/v2\/media\/113389"}],"wp:attachment":[{"href":"https:\/\/www.elsindical.com.ar\/notas\/wp-json\/wp\/v2\/media?parent=113387"}],"wp:term":[{"taxonomy":"category","embeddable":true,"href":"https:\/\/www.elsindical.com.ar\/notas\/wp-json\/wp\/v2\/categories?post=113387"},{"taxonomy":"post_tag","embeddable":true,"href":"https:\/\/www.elsindical.com.ar\/notas\/wp-json\/wp\/v2\/tags?post=113387"}],"curies":[{"name":"wp","href":"https:\/\/api.w.org\/{rel}","templated":true}]}}