{"id":113368,"date":"2022-05-08T20:03:35","date_gmt":"2022-05-08T23:03:35","guid":{"rendered":"https:\/\/www.elsindical.com.ar\/notas\/?p=113368"},"modified":"2022-05-08T20:03:37","modified_gmt":"2022-05-08T23:03:37","slug":"lomas-de-zamora-se-realizo-la-feria-del-comic-con-la-tematica-de-star-wars","status":"publish","type":"post","link":"https:\/\/www.elsindical.com.ar\/notas\/lomas-de-zamora-se-realizo-la-feria-del-comic-con-la-tematica-de-star-wars\/","title":{"rendered":"Lomas de Zamora: Se realiz\u00f3 la feria del comic con la tem\u00e1tica de Star Wars"},"content":{"rendered":"\n<figure class=\"wp-block-image size-full\"><a href=\"https:\/\/www.elsindical.com.ar\/notas\/var\/www\/html\/notas\/wp-content\/uploads\/2022\/05\/Feria-del-comic-Lomas-de-Zamora.jpg\"><img loading=\"lazy\" decoding=\"async\" width=\"850\" height=\"470\" src=\"https:\/\/www.elsindical.com.ar\/notas\/var\/www\/html\/notas\/wp-content\/uploads\/2022\/05\/Feria-del-comic-Lomas-de-Zamora.jpg\" alt=\"\" class=\"wp-image-113370\" srcset=\"https:\/\/www.elsindical.com.ar\/notas\/var\/www\/html\/notas\/wp-content\/uploads\/2022\/05\/Feria-del-comic-Lomas-de-Zamora.jpg 850w, https:\/\/www.elsindical.com.ar\/notas\/var\/www\/html\/notas\/wp-content\/uploads\/2022\/05\/Feria-del-comic-Lomas-de-Zamora-300x166.jpg 300w, https:\/\/www.elsindical.com.ar\/notas\/var\/www\/html\/notas\/wp-content\/uploads\/2022\/05\/Feria-del-comic-Lomas-de-Zamora-768x425.jpg 768w, https:\/\/www.elsindical.com.ar\/notas\/var\/www\/html\/notas\/wp-content\/uploads\/2022\/05\/Feria-del-comic-Lomas-de-Zamora-500x276.jpg 500w\" sizes=\"auto, (max-width: 850px) 100vw, 850px\" \/><\/a><\/figure>\n\n\n\n<p>   <\/p>\n\n\n\n<p>Cosplayers, historietistas, dibujantes y comiquer\u00edas formaron parte de la Expo Comic, la feria organizada por el municipio de Lomas de Zamora, que cont\u00f3 con un importante caudal de visitantes y muchos productos relacionados al comic y el cine.<\/p>\n\n\n\n<p>La <strong>Sinf\u00f3nica Municipal interpreto temas de la banda de sonido de las pel\u00edculas,<\/strong> creada por John Williams, y tambi\u00e9n participaron bandas locales como <em>Reot<\/em>, <em>Terror en Camino Negro<\/em> y <em>The Laidiyeitors<\/em>.<\/p>\n\n\n\n<p>Algunos de los artistas de talla internacional que van a participar son los ilustradores <strong>Claudio Aboy, Nesstor Taylor y Maricel Lasetzy, el dibujante y creador de Dibu, Rodolfo Mutuverria, y el escritor de c\u00f3mics y creador de El Cazador, Jorge Lucas.\u00a0<\/strong><\/p>\n\n\n\n<figure class=\"wp-block-image size-large\"><a href=\"https:\/\/www.elsindical.com.ar\/notas\/var\/www\/html\/notas\/wp-content\/uploads\/2022\/05\/Con-Jorge-Lucas-scaled.jpg\"><img loading=\"lazy\" decoding=\"async\" width=\"1024\" height=\"716\" src=\"https:\/\/www.elsindical.com.ar\/notas\/var\/www\/html\/notas\/wp-content\/uploads\/2022\/05\/Con-Jorge-Lucas-1024x716.jpg\" alt=\"\" class=\"wp-image-113369\" srcset=\"https:\/\/www.elsindical.com.ar\/notas\/var\/www\/html\/notas\/wp-content\/uploads\/2022\/05\/Con-Jorge-Lucas-1024x716.jpg 1024w, https:\/\/www.elsindical.com.ar\/notas\/var\/www\/html\/notas\/wp-content\/uploads\/2022\/05\/Con-Jorge-Lucas-300x210.jpg 300w, https:\/\/www.elsindical.com.ar\/notas\/var\/www\/html\/notas\/wp-content\/uploads\/2022\/05\/Con-Jorge-Lucas-768x537.jpg 768w, https:\/\/www.elsindical.com.ar\/notas\/var\/www\/html\/notas\/wp-content\/uploads\/2022\/05\/Con-Jorge-Lucas-429x300.jpg 429w, https:\/\/www.elsindical.com.ar\/notas\/var\/www\/html\/notas\/wp-content\/uploads\/2022\/05\/Con-Jorge-Lucas-1536x1074.jpg 1536w, https:\/\/www.elsindical.com.ar\/notas\/var\/www\/html\/notas\/wp-content\/uploads\/2022\/05\/Con-Jorge-Lucas-2048x1432.jpg 2048w\" sizes=\"auto, (max-width: 1024px) 100vw, 1024px\" \/><\/a><\/figure>\n\n\n\n<figure class=\"wp-block-embed is-type-video is-provider-youtube wp-block-embed-youtube wp-embed-aspect-16-9 wp-has-aspect-ratio\"><div class=\"wp-block-embed__wrapper\">\n<iframe loading=\"lazy\" title=\"Feria del Comic Teatro Municipal Lomas de Zamora\" width=\"700\" height=\"394\" src=\"https:\/\/www.youtube.com\/embed\/hd6FGXUKnRo?feature=oembed\" frameborder=\"0\" allow=\"accelerometer; autoplay; clipboard-write; encrypted-media; gyroscope; picture-in-picture\" allowfullscreen><\/iframe>\n<\/div><\/figure>\n","protected":false},"excerpt":{"rendered":"<p>Cosplayers, historietistas, dibujantes y comiquer\u00edas formaron parte de la Expo Comic, la feria organizada por el municipio de Lomas de Zamora, que cont\u00f3 con un importante caudal de visitantes y muchos productos relacionados al comic y el cine. La Sinf\u00f3nica Municipal interpreto temas de la banda de sonido de las pel\u00edculas, creada por John Williams,&hellip;<\/p>\n","protected":false},"author":1,"featured_media":113370,"comment_status":"open","ping_status":"open","sticky":false,"template":"","format":"standard","meta":{"footnotes":""},"categories":[15,25],"tags":[2450,37148,37146,37149,744,37127,37147],"class_list":["post-113368","post","type-post","status-publish","format-standard","has-post-thumbnail","hentry","category-espectaculos","category-sociedad","tag-diario-el-sindical","tag-el-cazador","tag-feria-del-comic","tag-jorge-lucas","tag-lomas-de-zamora","tag-star-wars","tag-teatro-municipal-de-lomas-de-zamora"],"_links":{"self":[{"href":"https:\/\/www.elsindical.com.ar\/notas\/wp-json\/wp\/v2\/posts\/113368","targetHints":{"allow":["GET"]}}],"collection":[{"href":"https:\/\/www.elsindical.com.ar\/notas\/wp-json\/wp\/v2\/posts"}],"about":[{"href":"https:\/\/www.elsindical.com.ar\/notas\/wp-json\/wp\/v2\/types\/post"}],"author":[{"embeddable":true,"href":"https:\/\/www.elsindical.com.ar\/notas\/wp-json\/wp\/v2\/users\/1"}],"replies":[{"embeddable":true,"href":"https:\/\/www.elsindical.com.ar\/notas\/wp-json\/wp\/v2\/comments?post=113368"}],"version-history":[{"count":1,"href":"https:\/\/www.elsindical.com.ar\/notas\/wp-json\/wp\/v2\/posts\/113368\/revisions"}],"predecessor-version":[{"id":113371,"href":"https:\/\/www.elsindical.com.ar\/notas\/wp-json\/wp\/v2\/posts\/113368\/revisions\/113371"}],"wp:featuredmedia":[{"embeddable":true,"href":"https:\/\/www.elsindical.com.ar\/notas\/wp-json\/wp\/v2\/media\/113370"}],"wp:attachment":[{"href":"https:\/\/www.elsindical.com.ar\/notas\/wp-json\/wp\/v2\/media?parent=113368"}],"wp:term":[{"taxonomy":"category","embeddable":true,"href":"https:\/\/www.elsindical.com.ar\/notas\/wp-json\/wp\/v2\/categories?post=113368"},{"taxonomy":"post_tag","embeddable":true,"href":"https:\/\/www.elsindical.com.ar\/notas\/wp-json\/wp\/v2\/tags?post=113368"}],"curies":[{"name":"wp","href":"https:\/\/api.w.org\/{rel}","templated":true}]}}