{"id":113342,"date":"2022-05-07T10:24:53","date_gmt":"2022-05-07T13:24:53","guid":{"rendered":"https:\/\/www.elsindical.com.ar\/notas\/?p=113342"},"modified":"2022-05-07T10:24:55","modified_gmt":"2022-05-07T13:24:55","slug":"lomas-de-zamora-sobrevivio-a-un-intento-de-femicidio-y-teme-que-al-violento-le-den-domiciliaria","status":"publish","type":"post","link":"https:\/\/www.elsindical.com.ar\/notas\/lomas-de-zamora-sobrevivio-a-un-intento-de-femicidio-y-teme-que-al-violento-le-den-domiciliaria\/","title":{"rendered":"Lomas de Zamora: Sobrevivi\u00f3 a un intento de femicidio y teme que al violento le den domiciliaria"},"content":{"rendered":"\n<div class=\"wp-block-image\"><figure class=\"aligncenter size-full is-resized\"><a href=\"https:\/\/www.elsindical.com.ar\/notas\/var\/www\/html\/notas\/wp-content\/uploads\/2022\/05\/Maria-Teresa-Acosta-victima-de-violencia-de-genero.jpeg\"><img loading=\"lazy\" decoding=\"async\" src=\"https:\/\/www.elsindical.com.ar\/notas\/var\/www\/html\/notas\/wp-content\/uploads\/2022\/05\/Maria-Teresa-Acosta-victima-de-violencia-de-genero.jpeg\" alt=\"\" class=\"wp-image-113343\" width=\"805\" height=\"371\" srcset=\"https:\/\/www.elsindical.com.ar\/notas\/var\/www\/html\/notas\/wp-content\/uploads\/2022\/05\/Maria-Teresa-Acosta-victima-de-violencia-de-genero.jpeg 696w, https:\/\/www.elsindical.com.ar\/notas\/var\/www\/html\/notas\/wp-content\/uploads\/2022\/05\/Maria-Teresa-Acosta-victima-de-violencia-de-genero-300x138.jpeg 300w, https:\/\/www.elsindical.com.ar\/notas\/var\/www\/html\/notas\/wp-content\/uploads\/2022\/05\/Maria-Teresa-Acosta-victima-de-violencia-de-genero-500x231.jpeg 500w\" sizes=\"auto, (max-width: 805px) 100vw, 805px\" \/><\/a><\/figure><\/div>\n\n\n\n<p class=\"wp-block-paragraph\">Teresa Acosta, la mujer que sobrevivi\u00f3 a un intento de femicidio en Ingeniero Budge, celebr\u00f3 la detenci\u00f3n de Alfredo Falc\u00f3n y pide que no le den la prisi\u00f3n domiciliaria por su edad. El hecho ocurri\u00f3 en 2019 y la detenci\u00f3n fue el mi\u00e9rcoles luego de permanecer casi tres a\u00f1os pr\u00f3fugo.<\/p>\n\n\n\n<p class=\"wp-block-paragraph\">Mar\u00eda Teresa Acosta, la mujer que sobrevivi\u00f3 al intento de femicidio, opin\u00f3: <strong>\u201cCuando me llamaron de la Comisar\u00eda de Puente La Noria para avisarme me agarr\u00f3 una crisis de nervios, no paraba de llorar de la emoci\u00f3n. Nunca pens\u00e9 que lo iban a agarrar porque ya pasaron los a\u00f1os\u201d.\u00a0<\/strong><\/p>\n\n\n\n<p class=\"wp-block-paragraph\">Falc\u00f3n, de 71 a\u00f1os, fue acusado por el delito de \u201chomicidio agravado por la relaci\u00f3n de pareja y por mediar violencia de g\u00e9nero en grado de tentativa\u201d. A pesar de tener perimetral, en el 2019 Falc\u00f3n le dispar\u00f3 en el abdomen a Acosta y se desconoc\u00eda su paradero.<\/p>\n\n\n\n<p class=\"wp-block-paragraph\">En este sentido, Acosta coment\u00f3 que se encuentra \u201cm\u00e1s tranquila\u201d al saber que esta detenido pero espera que permanezca en esa situaci\u00f3n hasta el juicio teniendo en cuenta que estuvo pr\u00f3fugo dos a\u00f1os.&nbsp;<\/p>\n\n\n\n<p class=\"wp-block-paragraph\"><strong>\u201cNo quiero que le den el arresto domiciliario por la edad. \u00c9l ya ten\u00eda pedido de captura y estuvo pr\u00f3fugo desde que intent\u00f3 matarme. Yo la verdad ya no s\u00e9 qu\u00e9 esperar de la justicia pero espero que lo tengan en cuenta\u201d<\/strong>, afirm\u00f3 Acosta.&nbsp;<\/p>\n\n\n\n<p class=\"wp-block-paragraph\">Seg\u00fan lo relatado, Falc\u00f3n hoy iba a declarar frente a la fiscal Fabiola Juanatey, a cargo de la causa y de la UFI 2 de Lomas de Zamora, especializada en Violencia de G\u00e9nero.&nbsp;<\/p>\n\n\n\n<p class=\"wp-block-paragraph\"><strong>\u201cLa justicia y la pandemia complicaron todo. Tardaron pero por suerte lleg\u00f3 lo que tanto esperaba que es que lo detengan. Yo creo que hubo gente que lo ayud\u00f3 porque estuvo mucho tiempo pr\u00f3fugo\u201d,<\/strong> advirti\u00f3 la mujer.&nbsp;<\/p>\n\n\n\n<p class=\"wp-block-paragraph\">En este marco, Acosta espera que sea juzgado pronto por el intento de femicidio y que permanezca en prisi\u00f3n para cumplir la condena que disponga la justicia.&nbsp;<\/p>\n\n\n\n<p class=\"wp-block-paragraph\"><strong>\u201cDentro de poco ser\u00eda juzgado porque est\u00e1n todas las pruebas. Quiero que se quede adentro y no salga, que le den prisi\u00f3n perpetua y que pague lo que tenga que pagar por todo lo que me hizo\u201d<\/strong>, manifest\u00f3 Acosta.&nbsp;<\/p>\n\n\n\n<p class=\"wp-block-paragraph\">Desde que Falc\u00f3n se dio a la fuga, la mujer pidi\u00f3 su detenci\u00f3n debido a que sufr\u00eda al salir a la v\u00eda p\u00fablica por el temor de encontr\u00e1rselo. Se espera que por su edad, la defensa de Falc\u00f3n pida su prisi\u00f3n dommiciliaria<\/p>\n\n\n\n<p class=\"wp-block-paragraph\"><strong>El hecho<\/strong><\/p>\n\n\n\n<p class=\"wp-block-paragraph\">El 16 de noviembre de 2019, Falc\u00f3n acos\u00f3 a Acosta en una parada del colectivo de Ingeniero Budge y la mujer busc\u00f3 refugio en la panader\u00eda cuando lo vio. Entonces Falc\u00f3n la sigui\u00f3 hasta el local y sin mediar palabras, le dispar\u00f3 varias veces. Uno de los disparos lleg\u00f3 hasta el abdomen de la v\u00edctima y el hombre se dio a la fuga.<\/p>\n\n\n\n<p class=\"wp-block-paragraph\">La mujer salv\u00f3 milagrosamente su vida mientras que Falc\u00f3n estuvo pr\u00f3fugo hasta ser detenido el pasado mi\u00e9rcoles en Esteban Echeverr\u00eda.<\/p>\n","protected":false},"excerpt":{"rendered":"<p>Teresa Acosta, la mujer que sobrevivi\u00f3 a un intento de femicidio en Ingeniero Budge, celebr\u00f3 la detenci\u00f3n de Alfredo Falc\u00f3n y pide que no le den la prisi\u00f3n domiciliaria por su edad. El hecho ocurri\u00f3 en 2019 y la detenci\u00f3n fue el mi\u00e9rcoles luego de permanecer casi tres a\u00f1os pr\u00f3fugo. Mar\u00eda Teresa Acosta, la mujer&hellip;<\/p>\n","protected":false},"author":1,"featured_media":113343,"comment_status":"open","ping_status":"open","sticky":false,"template":"","format":"standard","meta":{"footnotes":""},"categories":[25],"tags":[32944,2450,746,744,31911,33183,572],"class_list":["post-113342","post","type-post","status-publish","format-standard","has-post-thumbnail","hentry","category-sociedad","tag-alfredo-falcon","tag-diario-el-sindical","tag-ingeniero-budge","tag-lomas-de-zamora","tag-maria-teresa-acosta","tag-tentativa-de-femicidio","tag-violencia-de-genero"],"_links":{"self":[{"href":"https:\/\/www.elsindical.com.ar\/notas\/wp-json\/wp\/v2\/posts\/113342","targetHints":{"allow":["GET"]}}],"collection":[{"href":"https:\/\/www.elsindical.com.ar\/notas\/wp-json\/wp\/v2\/posts"}],"about":[{"href":"https:\/\/www.elsindical.com.ar\/notas\/wp-json\/wp\/v2\/types\/post"}],"author":[{"embeddable":true,"href":"https:\/\/www.elsindical.com.ar\/notas\/wp-json\/wp\/v2\/users\/1"}],"replies":[{"embeddable":true,"href":"https:\/\/www.elsindical.com.ar\/notas\/wp-json\/wp\/v2\/comments?post=113342"}],"version-history":[{"count":1,"href":"https:\/\/www.elsindical.com.ar\/notas\/wp-json\/wp\/v2\/posts\/113342\/revisions"}],"predecessor-version":[{"id":113344,"href":"https:\/\/www.elsindical.com.ar\/notas\/wp-json\/wp\/v2\/posts\/113342\/revisions\/113344"}],"wp:featuredmedia":[{"embeddable":true,"href":"https:\/\/www.elsindical.com.ar\/notas\/wp-json\/wp\/v2\/media\/113343"}],"wp:attachment":[{"href":"https:\/\/www.elsindical.com.ar\/notas\/wp-json\/wp\/v2\/media?parent=113342"}],"wp:term":[{"taxonomy":"category","embeddable":true,"href":"https:\/\/www.elsindical.com.ar\/notas\/wp-json\/wp\/v2\/categories?post=113342"},{"taxonomy":"post_tag","embeddable":true,"href":"https:\/\/www.elsindical.com.ar\/notas\/wp-json\/wp\/v2\/tags?post=113342"}],"curies":[{"name":"wp","href":"https:\/\/api.w.org\/{rel}","templated":true}]}}