{"id":113219,"date":"2022-05-01T17:49:17","date_gmt":"2022-05-01T20:49:17","guid":{"rendered":"https:\/\/www.elsindical.com.ar\/notas\/?p=113219"},"modified":"2022-05-01T17:49:18","modified_gmt":"2022-05-01T20:49:18","slug":"desafectaron-a-policias-bonaerenses-que-pedian-coimas-y-las-cobraban-por-mercado-pago","status":"publish","type":"post","link":"https:\/\/www.elsindical.com.ar\/notas\/desafectaron-a-policias-bonaerenses-que-pedian-coimas-y-las-cobraban-por-mercado-pago\/","title":{"rendered":"Desafectaron a polic\u00edas bonaerenses que ped\u00edan coimas y las cobraban por Mercado Pago"},"content":{"rendered":"\n<div class=\"wp-block-image\"><figure class=\"aligncenter size-full is-resized\"><a href=\"https:\/\/www.elsindical.com.ar\/notas\/var\/www\/html\/notas\/wp-content\/uploads\/2022\/05\/control-policia-bonaerense.jpg\"><img loading=\"lazy\" decoding=\"async\" src=\"https:\/\/www.elsindical.com.ar\/notas\/var\/www\/html\/notas\/wp-content\/uploads\/2022\/05\/control-policia-bonaerense.jpg\" alt=\"\" class=\"wp-image-113220\" width=\"804\" height=\"445\" srcset=\"https:\/\/www.elsindical.com.ar\/notas\/var\/www\/html\/notas\/wp-content\/uploads\/2022\/05\/control-policia-bonaerense.jpg 685w, https:\/\/www.elsindical.com.ar\/notas\/var\/www\/html\/notas\/wp-content\/uploads\/2022\/05\/control-policia-bonaerense-300x166.jpg 300w, https:\/\/www.elsindical.com.ar\/notas\/var\/www\/html\/notas\/wp-content\/uploads\/2022\/05\/control-policia-bonaerense-500x277.jpg 500w\" sizes=\"auto, (max-width: 804px) 100vw, 804px\" \/><\/a><\/figure><\/div>\n\n\n\n<p>Los efectivos fueron imputados acusados de coimear a una persona cuando circulaba por la autopista Panamericana a la altura de la localidad de General Pacheco.<\/p>\n\n\n\n<p>Este domingo <strong>fueron desafectados tres efectivos de la Polic\u00eda de la Provincia de Buenos Aires que a su vez fueron imputados acusados de coimear a una persona cuando circulaba por la autopista Panamericana<\/strong> a la altura de la localidad de General Pacheco, partido de Tigre, quien <strong>abon\u00f3 con una transferencia por la aplicaci\u00f3n de Mercado Pago<\/strong>, informaron fuentes policiales y judiciales.<\/p>\n\n\n\n<p>El hecho se registr\u00f3 ayer por la ma\u00f1ana, cerca de las 9.30, a la altura del kil\u00f3metro 33.700 de la Autopista del Sol, a metros del peaje de la calle Henry Ford, en la localidad de General Pacheco, en el mencionado partido del noroeste del Gran Buenos Aires.<\/p>\n\n\n\n<p>Seg\u00fan expresaron las fuentes a T\u00e9lam, en dicho lugar se realizaba un operativo para prevenci\u00f3n de delitos en el cual estaban destinados un oficial subayudante, un subteniente y un oficial de la Polic\u00eda bonaerense.<\/p>\n\n\n\n<p>En el contexto de dicho procedimiento, <strong>los oficiales detienen la marcha de un autom\u00f3vil y, seg\u00fan la investigaci\u00f3n, le solicitaron un pago de tres mil pesos para continuar su camino.<\/strong><\/p>\n\n\n\n<p>El hombre, seg\u00fan consta en la denuncia, el hombre le transfiri\u00f3 el dinero a trav\u00e9s de la aplicaci\u00f3n de Mercado Pago a uno de los oficiales, quedando constancia de su nombre, CUIL y c\u00f3digo de la operaci\u00f3n.<\/p>\n\n\n\n<p>La v\u00edctima era conocido de la Diputada Nacional Agustina Propato, esposa del ministro de seguridad bonaerense Sergio Berni, quien recibi\u00f3 en su tel\u00e9fono celular la denuncia del hombre.<\/p>\n\n\n\n<p>\u00abHola compa\u00f1era Agustina. S\u00e9 que no est\u00e1s para estas cosas. Mira, me acaban de coimear en el peaje de Pacheco en un operativo de Polic\u00eda Bonaerense. No es mi costumbre &#8216;chapear&#8217; y no lo hice, pero son tan idiotas que me permitieron pagarles la coima por Mercado Pago. Si le sirve a Sergio, estoy a disposici\u00f3n de \u00e9l\u00bb, dec\u00eda el mensaje, seg\u00fan indicaron las fuentes.<\/p>\n\n\n\n<p><strong>La Auditoria General de Asuntos Internos del Ministerio de Seguridad bonaerense tom\u00f3 conocimiento del hecho cerca de la 1.30 de la madrugada de hoy domingo y r\u00e1pidamente la auditoria Mar\u00eda Mart\u00ednez orden\u00f3 la desafectaci\u00f3n de los tres implicados<\/strong>.<\/p>\n\n\n\n<p>\u00abSe abri\u00f3 un sumario y se est\u00e1 investigando el hecho y la actuaci\u00f3n de los efectivos\u00bb, expres\u00f3 a T\u00e9lam una fuente vinculada a la pesquisa.<\/p>\n\n\n\n<p>En tanto, <strong>la fiscal Mar\u00eda Virginia Toso, a cargo de la Unidad Funcional de Instrucci\u00f3n (UFI) de Don Torcuato, imput\u00f3 a los tres polic\u00edas por el delito de \u00abexacciones ilegales\u00bb, que seg\u00fan el C\u00f3digo Penal prev\u00e9 una pena de prisi\u00f3n de uno a cuatro a\u00f1os e inhabilitaci\u00f3n especial de uno a seis a\u00f1os<\/strong>.<\/p>\n\n\n\n<p>\u00abSe desconoce si el denunciante fue amenazado, coaccionado, o si intervinieron los tres efectivos imputados o solamente el titular de la cuenta. Las circunstancias del hecho no est\u00e1n claras porque el damnificado a\u00fan no se present\u00f3 en la justicia. Se lo cit\u00f3 para ma\u00f1ana a primera hora para poder obtener m\u00e1s detalles\u00bb, se\u00f1al\u00f3 a T\u00e9lam una fuente judicial.<\/p>\n\n\n\n<p>La fiscal Toso ya solicit\u00f3 el libro de guardia, la constancia de Mercado Pago de la transferencia realizada y se les secuestr\u00f3 el tel\u00e9fono celular a los tres polic\u00edas.<\/p>\n","protected":false},"excerpt":{"rendered":"<p>Los efectivos fueron imputados acusados de coimear a una persona cuando circulaba por la autopista Panamericana a la altura de la localidad de General Pacheco. Este domingo fueron desafectados tres efectivos de la Polic\u00eda de la Provincia de Buenos Aires que a su vez fueron imputados acusados de coimear a una persona cuando circulaba por&hellip;<\/p>\n","protected":false},"author":1,"featured_media":113220,"comment_status":"open","ping_status":"open","sticky":false,"template":"","format":"standard","meta":{"footnotes":""},"categories":[22],"tags":[37103,22441,15933,2450,6401,32822,11727],"class_list":["post-113219","post","type-post","status-publish","format-standard","has-post-thumbnail","hentry","category-policiales","tag-agustina-propato","tag-autopista-del-sol","tag-cuil","tag-diario-el-sindical","tag-general-pacheco","tag-mercado-pago","tag-sergio-berni"],"_links":{"self":[{"href":"https:\/\/www.elsindical.com.ar\/notas\/wp-json\/wp\/v2\/posts\/113219","targetHints":{"allow":["GET"]}}],"collection":[{"href":"https:\/\/www.elsindical.com.ar\/notas\/wp-json\/wp\/v2\/posts"}],"about":[{"href":"https:\/\/www.elsindical.com.ar\/notas\/wp-json\/wp\/v2\/types\/post"}],"author":[{"embeddable":true,"href":"https:\/\/www.elsindical.com.ar\/notas\/wp-json\/wp\/v2\/users\/1"}],"replies":[{"embeddable":true,"href":"https:\/\/www.elsindical.com.ar\/notas\/wp-json\/wp\/v2\/comments?post=113219"}],"version-history":[{"count":1,"href":"https:\/\/www.elsindical.com.ar\/notas\/wp-json\/wp\/v2\/posts\/113219\/revisions"}],"predecessor-version":[{"id":113221,"href":"https:\/\/www.elsindical.com.ar\/notas\/wp-json\/wp\/v2\/posts\/113219\/revisions\/113221"}],"wp:featuredmedia":[{"embeddable":true,"href":"https:\/\/www.elsindical.com.ar\/notas\/wp-json\/wp\/v2\/media\/113220"}],"wp:attachment":[{"href":"https:\/\/www.elsindical.com.ar\/notas\/wp-json\/wp\/v2\/media?parent=113219"}],"wp:term":[{"taxonomy":"category","embeddable":true,"href":"https:\/\/www.elsindical.com.ar\/notas\/wp-json\/wp\/v2\/categories?post=113219"},{"taxonomy":"post_tag","embeddable":true,"href":"https:\/\/www.elsindical.com.ar\/notas\/wp-json\/wp\/v2\/tags?post=113219"}],"curies":[{"name":"wp","href":"https:\/\/api.w.org\/{rel}","templated":true}]}}