{"id":113021,"date":"2022-04-22T00:31:11","date_gmt":"2022-04-22T03:31:11","guid":{"rendered":"https:\/\/www.elsindical.com.ar\/notas\/?p=113021"},"modified":"2022-04-22T00:54:59","modified_gmt":"2022-04-22T03:54:59","slug":"avellaneda-grave-denuncia-a-la-comisaria-5ta-y-el-comando-de-patrullas","status":"publish","type":"post","link":"https:\/\/www.elsindical.com.ar\/notas\/avellaneda-grave-denuncia-a-la-comisaria-5ta-y-el-comando-de-patrullas\/","title":{"rendered":"Avellaneda: Grave denuncia a la comisar\u00eda 5ta y el Comando de Patrullas"},"content":{"rendered":"\n<div class=\"wp-block-image\"><figure class=\"aligncenter size-full is-resized\"><a href=\"https:\/\/www.elsindical.com.ar\/notas\/var\/www\/html\/notas\/wp-content\/uploads\/2020\/06\/comisar\u00eda-5ta-Avellaneda-nueva.jpg\"><img loading=\"lazy\" decoding=\"async\" src=\"https:\/\/www.elsindical.com.ar\/notas\/var\/www\/html\/notas\/wp-content\/uploads\/2020\/06\/comisar\u00eda-5ta-Avellaneda-nueva.jpg\" alt=\"\" class=\"wp-image-96415\" width=\"641\" height=\"428\" srcset=\"https:\/\/www.elsindical.com.ar\/notas\/var\/www\/html\/notas\/wp-content\/uploads\/2020\/06\/comisar\u00eda-5ta-Avellaneda-nueva.jpg 400w, https:\/\/www.elsindical.com.ar\/notas\/var\/www\/html\/notas\/wp-content\/uploads\/2020\/06\/comisar\u00eda-5ta-Avellaneda-nueva-300x200.jpg 300w\" sizes=\"auto, (max-width: 641px) 100vw, 641px\" \/><\/a><\/figure><\/div>\n\n\n\n<p>   Un joven trabajador de Pedidos YA y estudiante de periodismo en la UNDAV, denunci\u00f3 en el Polo Judicial de Avellaneda, con fecha 21 de abril del 2022, el haber sido privado de su libertad sin causa justificada y que otros trabajadores del rubro sufren extorsiones por algunos polic\u00edas corruptos para obtener dinero o secuestrarles su herramienta de trabajo, como lo es la moto.<\/p>\n\n\n\n<p>Los hechos denunciados ocurrieron el d\u00eda lunes 18 de abril alrededor de las 11:30 hs. cuando el denunciante y un grupo de repartidores esperaban los pedidos en las Flores casi Av. Mitre, cuando son interceptados por una pareja de polic\u00edas a pie que les recriminan estar ah\u00ed y que les pareci\u00f3 que fumaban algo, tras lo que se produce una discusi\u00f3n y solicitan apoyo los polic\u00edas, para proceder a secuestrar la moto de <strong>Pablo Hern\u00e1n Alegre<\/strong>, quien al intentar filmar es reducido por la polic\u00eda y le informan que lo van a trasladar en calidad de aprehendido a la comisar\u00eda 5ta por tener un paradero activo.<\/p>\n\n\n\n<p>Que intimidaron al resto de los repartidores para que no intervengan y le secuestraron la moto, que pudo enviar un mensaje al Secretario de Seguridad de Avellaneda Marcelo Rey, cont\u00e1ndole los hechos, el que le indic\u00f3 que le deb\u00edan devolver la moto, porque no era un motivo para el secuestro de la misma, que en la comisar\u00eda el denunciante expone su disconformidad con lo ocurrido y el maltrato que le dispensaron, que al decir que iba a denunciarlos una mujer polic\u00eda se descompensa y otro polic\u00eda le entrega la moto pero le advierte que <strong><em>\u00abpiense lo que iba a hacer porque ten\u00edan fotos de la moto y de \u00e9l\u00bb<\/em><\/strong> en lo que interpreta como una amenaza.<\/p>\n\n\n\n<p>El joven pidi\u00f3 por las redes sociales que lo acompa\u00f1an a difundir lo ocurrido porque teme por su integridad f\u00edsica, pero entiende que estas cosas deben ser denunciadas, ahora resta que el <strong>Fiscal Mario Walter Prieto titular de la UFI 4 de Avellaneda<\/strong> y tem\u00e1tica en Violencia Institucional garantice la integridad f\u00edsica del denuncian y de parte de la denuncia a la <strong>Auditor\u00eda General de Asuntos Internos del Ministerio de Seguridad Bonaerense<\/strong>, que <strong>Marcelo Rey<\/strong> como Secretario de Seguridad pida informes al <strong>Comisario Mayor Gregorio Mart\u00ednez, Jefe de la Estaci\u00f3n de Polic\u00eda Avellaneda<\/strong>, jefe del Comando de Patrullas de Avellaneda y de la comisar\u00eda 5ta de Wilde, a cargo del <strong>Comisario Guti\u00e9rrez<\/strong>.<\/p>\n\n\n\n<p>Desde El Sindical haremos un seguimiento del caso y celebramos que los ciudadanos denuncien los actos irregulares o de corrupci\u00f3n, pedimos a los medios que acompa\u00f1en a Pablo en la denuncia y en la contenci\u00f3n que todo ciudadano merece.<\/p>\n\n\n\n<p><\/p>\n\n\n\n<p>Por Marcelo Ricardo Hawrylciw<\/p>\n","protected":false},"excerpt":{"rendered":"<p>Un joven trabajador de Pedidos YA y estudiante de periodismo en la UNDAV, denunci\u00f3 en el Polo Judicial de Avellaneda, con fecha 21 de abril del 2022, el haber sido privado de su libertad sin causa justificada y que otros trabajadores del rubro sufren extorsiones por algunos polic\u00edas corruptos para obtener dinero o secuestrarles su&hellip;<\/p>\n","protected":false},"author":1,"featured_media":96415,"comment_status":"open","ping_status":"open","sticky":false,"template":"","format":"standard","meta":{"footnotes":""},"categories":[6,22],"tags":[461,622,31586,34470,1451,175,2450,36722,21958,37022,30493,882],"class_list":["post-113021","post","type-post","status-publish","format-standard","has-post-thumbnail","hentry","category-denuncias","category-policiales","tag-avellaneda","tag-coimas","tag-comisaria-5ta-avellaneda","tag-comisario-mayor-gregorio-martinez","tag-corrupcion","tag-denuncia","tag-diario-el-sindical","tag-fiscal-mario-walter-prieto","tag-marcelo-rey","tag-pablo-hernan-alegre","tag-pedidos-ya","tag-wilde"],"_links":{"self":[{"href":"https:\/\/www.elsindical.com.ar\/notas\/wp-json\/wp\/v2\/posts\/113021","targetHints":{"allow":["GET"]}}],"collection":[{"href":"https:\/\/www.elsindical.com.ar\/notas\/wp-json\/wp\/v2\/posts"}],"about":[{"href":"https:\/\/www.elsindical.com.ar\/notas\/wp-json\/wp\/v2\/types\/post"}],"author":[{"embeddable":true,"href":"https:\/\/www.elsindical.com.ar\/notas\/wp-json\/wp\/v2\/users\/1"}],"replies":[{"embeddable":true,"href":"https:\/\/www.elsindical.com.ar\/notas\/wp-json\/wp\/v2\/comments?post=113021"}],"version-history":[{"count":2,"href":"https:\/\/www.elsindical.com.ar\/notas\/wp-json\/wp\/v2\/posts\/113021\/revisions"}],"predecessor-version":[{"id":113023,"href":"https:\/\/www.elsindical.com.ar\/notas\/wp-json\/wp\/v2\/posts\/113021\/revisions\/113023"}],"wp:featuredmedia":[{"embeddable":true,"href":"https:\/\/www.elsindical.com.ar\/notas\/wp-json\/wp\/v2\/media\/96415"}],"wp:attachment":[{"href":"https:\/\/www.elsindical.com.ar\/notas\/wp-json\/wp\/v2\/media?parent=113021"}],"wp:term":[{"taxonomy":"category","embeddable":true,"href":"https:\/\/www.elsindical.com.ar\/notas\/wp-json\/wp\/v2\/categories?post=113021"},{"taxonomy":"post_tag","embeddable":true,"href":"https:\/\/www.elsindical.com.ar\/notas\/wp-json\/wp\/v2\/tags?post=113021"}],"curies":[{"name":"wp","href":"https:\/\/api.w.org\/{rel}","templated":true}]}}