{"id":112870,"date":"2022-04-15T02:09:53","date_gmt":"2022-04-15T05:09:53","guid":{"rendered":"https:\/\/www.elsindical.com.ar\/notas\/?p=112870"},"modified":"2022-04-15T02:09:54","modified_gmt":"2022-04-15T05:09:54","slug":"avellaneda-vecinos-denuncian-robos-a-diario-y-apuntan-al-municipio-y-la-policia","status":"publish","type":"post","link":"https:\/\/www.elsindical.com.ar\/notas\/avellaneda-vecinos-denuncian-robos-a-diario-y-apuntan-al-municipio-y-la-policia\/","title":{"rendered":"Avellaneda: Vecinos denuncian robos a diario y apuntan al municipio y la polic\u00eda"},"content":{"rendered":"\n<div class=\"wp-block-image\"><figure class=\"aligncenter size-full\"><a href=\"https:\/\/www.elsindical.com.ar\/notas\/var\/www\/html\/notas\/wp-content\/uploads\/2022\/04\/Mansilla-y-Pitagoras-Villa-Argentina.jpg\"><img loading=\"lazy\" decoding=\"async\" width=\"850\" height=\"502\" src=\"https:\/\/www.elsindical.com.ar\/notas\/var\/www\/html\/notas\/wp-content\/uploads\/2022\/04\/Mansilla-y-Pitagoras-Villa-Argentina.jpg\" alt=\"\" class=\"wp-image-112871\" srcset=\"https:\/\/www.elsindical.com.ar\/notas\/var\/www\/html\/notas\/wp-content\/uploads\/2022\/04\/Mansilla-y-Pitagoras-Villa-Argentina.jpg 850w, https:\/\/www.elsindical.com.ar\/notas\/var\/www\/html\/notas\/wp-content\/uploads\/2022\/04\/Mansilla-y-Pitagoras-Villa-Argentina-300x177.jpg 300w, https:\/\/www.elsindical.com.ar\/notas\/var\/www\/html\/notas\/wp-content\/uploads\/2022\/04\/Mansilla-y-Pitagoras-Villa-Argentina-768x454.jpg 768w, https:\/\/www.elsindical.com.ar\/notas\/var\/www\/html\/notas\/wp-content\/uploads\/2022\/04\/Mansilla-y-Pitagoras-Villa-Argentina-500x295.jpg 500w\" sizes=\"auto, (max-width: 850px) 100vw, 850px\" \/><\/a><\/figure><\/div>\n\n\n\n<p>   Vecinos de Sarand\u00ed, est\u00e1n hartos de la ola de robos a diario que sufren quienes se atreven a pasar por la calle Pit\u00e1goras en su intersecci\u00f3n con Mansilla, sobran videos en las redes sociales de robos de todo tipo, bicicletas, autos, motos y hasta prendas de vestir son objeto de los robos, el bot\u00edn preferido de los delincuentes son los celulares.<\/p>\n\n\n\n<p>Es hist\u00f3rico el hecho de que el barrio Villa Argentina es una zona peligrosa, la configuraci\u00f3n edilicia en edificios del tipo monoblock es ideal para que se escondan y observen desde la altura la posible presencia de polic\u00edas.<\/p>\n\n\n\n<p>A pesar de que en a\u00f1os atr\u00e1s se realizaban allanamientos donde se secuestraban armas y drogas, con la restructuraci\u00f3n policial y judicial, curiosamente los allanamientos dejaron de hacerse a pesar de que las denuncias se triplicaron.<\/p>\n\n\n\n<p>El barrio es jurisdicci\u00f3n de la comisar\u00eda 6ta de Avellaneda y linda con la comisar\u00eda 4ta, ambas dependencias bajo la \u00f3rbita de la Estaci\u00f3n de Polic\u00eda Avellaneda a cargo del Comisario Mayor Gregorio Mart\u00ednez y las investigaciones judiciales son jurisdicci\u00f3n del Polo Judicial de Avellaneda, cuyos fiscales dependen del Fiscal General Guillermo Castro Moure, quien parece estar ocupado en las relaciones sociales con pol\u00edticos y no en velar por la seguridad de los vecinos.<\/p>\n\n\n\n<p>Por el lado del municipio, es sabido que muchos de los habitantes son empleados municipales incluidos algunos de los delincuentes, esto en el municipio lo saben pero nadie se ocupa de mejorar la seguridad, los vecinos deber\u00edan pedirle explicaciones al secretario de seguridad Marcelo Rey.<\/p>\n\n\n\n<p>Un video enviado al Foro Vecinal Avellaneda Segura, se viraliz\u00f3 en las redes sociales y en grupos de vecinos que se indignaron y no ahorraron insultos a los delincuentes y a las responsables de la seguridad.<\/p>\n\n\n\n<figure class=\"wp-block-video\"><video height=\"640\" style=\"aspect-ratio: 352 \/ 640;\" width=\"352\" controls src=\"https:\/\/www.elsindical.com.ar\/notas\/var\/www\/html\/notas\/wp-content\/uploads\/2022\/04\/robo-en-Villa-Argentina.mp4\"><\/video><\/figure>\n","protected":false},"excerpt":{"rendered":"<p>Vecinos de Sarand\u00ed, est\u00e1n hartos de la ola de robos a diario que sufren quienes se atreven a pasar por la calle Pit\u00e1goras en su intersecci\u00f3n con Mansilla, sobran videos en las redes sociales de robos de todo tipo, bicicletas, autos, motos y hasta prendas de vestir son objeto de los robos, el bot\u00edn preferido&hellip;<\/p>\n","protected":false},"author":1,"featured_media":112871,"comment_status":"open","ping_status":"open","sticky":false,"template":"","format":"standard","meta":{"footnotes":""},"categories":[6,22],"tags":[461,14287,34470,2450,34191,984,21958,13016,116,15406],"class_list":["post-112870","post","type-post","status-publish","format-standard","has-post-thumbnail","hentry","category-denuncias","category-policiales","tag-avellaneda","tag-comisaria-6ta-avellaneda","tag-comisario-mayor-gregorio-martinez","tag-diario-el-sindical","tag-fiscal-general-guillermo-castro-moure","tag-inseguridad","tag-marcelo-rey","tag-polo-judicial-avellaneda","tag-robo","tag-villa-argentina"],"_links":{"self":[{"href":"https:\/\/www.elsindical.com.ar\/notas\/wp-json\/wp\/v2\/posts\/112870","targetHints":{"allow":["GET"]}}],"collection":[{"href":"https:\/\/www.elsindical.com.ar\/notas\/wp-json\/wp\/v2\/posts"}],"about":[{"href":"https:\/\/www.elsindical.com.ar\/notas\/wp-json\/wp\/v2\/types\/post"}],"author":[{"embeddable":true,"href":"https:\/\/www.elsindical.com.ar\/notas\/wp-json\/wp\/v2\/users\/1"}],"replies":[{"embeddable":true,"href":"https:\/\/www.elsindical.com.ar\/notas\/wp-json\/wp\/v2\/comments?post=112870"}],"version-history":[{"count":1,"href":"https:\/\/www.elsindical.com.ar\/notas\/wp-json\/wp\/v2\/posts\/112870\/revisions"}],"predecessor-version":[{"id":112873,"href":"https:\/\/www.elsindical.com.ar\/notas\/wp-json\/wp\/v2\/posts\/112870\/revisions\/112873"}],"wp:featuredmedia":[{"embeddable":true,"href":"https:\/\/www.elsindical.com.ar\/notas\/wp-json\/wp\/v2\/media\/112871"}],"wp:attachment":[{"href":"https:\/\/www.elsindical.com.ar\/notas\/wp-json\/wp\/v2\/media?parent=112870"}],"wp:term":[{"taxonomy":"category","embeddable":true,"href":"https:\/\/www.elsindical.com.ar\/notas\/wp-json\/wp\/v2\/categories?post=112870"},{"taxonomy":"post_tag","embeddable":true,"href":"https:\/\/www.elsindical.com.ar\/notas\/wp-json\/wp\/v2\/tags?post=112870"}],"curies":[{"name":"wp","href":"https:\/\/api.w.org\/{rel}","templated":true}]}}