{"id":11287,"date":"2010-12-11T00:15:31","date_gmt":"2010-12-11T03:15:31","guid":{"rendered":"http:\/\/www.elsindical.com.ar\/notas\/?p=11287"},"modified":"2010-12-11T00:15:31","modified_gmt":"2010-12-11T03:15:31","slug":"el-titular-del-same-denuncia-que-la-situacion-es-muy-grave","status":"publish","type":"post","link":"https:\/\/www.elsindical.com.ar\/notas\/el-titular-del-same-denuncia-que-la-situacion-es-muy-grave\/","title":{"rendered":"El titular del SAME denuncia que la situaci\u00f3n es muy grave"},"content":{"rendered":"<p id=\"copeteNota\" style=\"text-align: justify;\"><em><a href=\"http:\/\/www.elsindical.com.ar\/notas\/var\/www\/html\/notas\/wp-content\/uploads\/2010\/08\/Alberto-Crescenti.jpg\"><img loading=\"lazy\" decoding=\"async\" class=\"alignleft size-full wp-image-8440\" title=\"Alberto-Crescenti\" src=\"http:\/\/www.elsindical.com.ar\/notas\/var\/www\/html\/notas\/wp-content\/uploads\/2010\/08\/Alberto-Crescenti.jpg\" alt=\"\" width=\"255\" height=\"181\" \/><\/a>Alberto Crescenti, director del organismo,\u00a0denunci\u00f3 que el joven de 19 a\u00f1os que muri\u00f3 esta noche <strong>fue sacado por la fuerza por desconocidos <\/strong>cuando era trasladado en la ambulancia hacia el\u00a0Hospital Pi\u00f1ero y<strong> lo fusilaron delante de todo el personal m\u00e9dico, que se desempe\u00f1\u00f3 en\u00a0un marco extremedamente violento. Hay\u00a0cuatro heridos graves.<\/strong><\/em><\/p>\n<p id=\"cuerpoNota\" style=\"text-align: justify;\">\u00ab<strong>Lo sacaron por la fuerza y remataron en el lugar\u00bb,<\/strong> denunci\u00f3 Alberto Crescenti<strong>, <\/strong>mientras que el m\u00e9dico que estaba en el interior del veh\u00edculo debi\u00f3 ser internado por el stress que le produjo la situaci\u00f3n, a\u00f1adi\u00f3.<br \/>\n\u00a0<br \/>\nEl director m\u00e9dico confirm\u00f3 que el joven de 19 fallecido hoy fue rematado por grupo de personas que se lo arrebat\u00f3 a los param\u00e9dicos, cuando lo sub\u00edan a una ambulancia.<\/p>\n<p>\u00abA <strong>este muchacho cuando lo est\u00e1bamos por atender en\u00a0la ambulancia lo sacaron y lo mataron en el lugar. Le dispararon a quemarropa. No pudimos hacer nada\u00bb, <\/strong>describi\u00f3 Crescenti por <strong>Radio 10.<\/strong><\/p>\n<p>Adem\u00e1s, confirm\u00f3 que hay <strong>c\u00f3digo rojo en todos los hospitales de la Ciudad. En cuanto a los heridos, <\/strong>dijo que<strong> en e<\/strong>l Hospital Pi\u00f1ero \u00ab<strong>hay internados dos heridos graves<\/strong>\u00ab, uno de los cuales es Policarpio Coria, de 41 a\u00f1os, que presenta heridas m\u00faltiples y fracturas y asistencia respiratoria mec\u00e1nica.<\/p>\n<p>El Pi\u00f1ero presentaba un escenario dram\u00e1tico, con los m\u00e9dicos conmocionados, deliberando en el ingreso al hospital, <strong>tratando de armar un operativo alternativo de ingreso a la zona en la que se desarrollaron los incidentes, sin presencia policial.<\/strong><\/p>\n<p>En el <strong>Hospital Santojanni, <\/strong>en tanto, hay <strong>otros dos hombres heridos<\/strong>, un joven de 22 a\u00f1os con una\u00a0herida de arma blanca\u00a0en la oreja, y otro\u00a0de 25 a\u00f1os, con herida de bala en miembro inferior, seg\u00fan un <strong>comunicado del Ministerio de Salud porte\u00f1o.\u00a0<\/strong><\/p>\n<p>Mientras tanto, ciudadanos bolivianos buscan a sus familiares, a quienes vieron heridos en el predio, con la expectativa de hallarlos en el hospital.<\/p>\n","protected":false},"excerpt":{"rendered":"<p>Alberto Crescenti, director del organismo,\u00a0denunci\u00f3 que el joven de 19 a\u00f1os que muri\u00f3 esta noche fue sacado por la fuerza por desconocidos cuando era trasladado en la ambulancia hacia el\u00a0Hospital Pi\u00f1ero y lo fusilaron delante de todo el personal m\u00e9dico, que se desempe\u00f1\u00f3 en\u00a0un marco extremedamente violento. Hay\u00a0cuatro heridos graves. \u00abLo sacaron por la fuerza&hellip;<\/p>\n","protected":false},"author":1,"featured_media":0,"comment_status":"open","ping_status":"open","sticky":false,"template":"","format":"standard","meta":{"footnotes":""},"categories":[6],"tags":[5370,5371,413,1602,582,441,323,1838,2499],"class_list":["post-11287","post","type-post","status-publish","format-standard","hentry","category-denuncias","tag-alberto-crescenti","tag-arma-blanca","tag-bala","tag-director","tag-heridos","tag-hospitales","tag-joven","tag-muerto","tag-same"],"_links":{"self":[{"href":"https:\/\/www.elsindical.com.ar\/notas\/wp-json\/wp\/v2\/posts\/11287","targetHints":{"allow":["GET"]}}],"collection":[{"href":"https:\/\/www.elsindical.com.ar\/notas\/wp-json\/wp\/v2\/posts"}],"about":[{"href":"https:\/\/www.elsindical.com.ar\/notas\/wp-json\/wp\/v2\/types\/post"}],"author":[{"embeddable":true,"href":"https:\/\/www.elsindical.com.ar\/notas\/wp-json\/wp\/v2\/users\/1"}],"replies":[{"embeddable":true,"href":"https:\/\/www.elsindical.com.ar\/notas\/wp-json\/wp\/v2\/comments?post=11287"}],"version-history":[{"count":1,"href":"https:\/\/www.elsindical.com.ar\/notas\/wp-json\/wp\/v2\/posts\/11287\/revisions"}],"predecessor-version":[{"id":11288,"href":"https:\/\/www.elsindical.com.ar\/notas\/wp-json\/wp\/v2\/posts\/11287\/revisions\/11288"}],"wp:attachment":[{"href":"https:\/\/www.elsindical.com.ar\/notas\/wp-json\/wp\/v2\/media?parent=11287"}],"wp:term":[{"taxonomy":"category","embeddable":true,"href":"https:\/\/www.elsindical.com.ar\/notas\/wp-json\/wp\/v2\/categories?post=11287"},{"taxonomy":"post_tag","embeddable":true,"href":"https:\/\/www.elsindical.com.ar\/notas\/wp-json\/wp\/v2\/tags?post=11287"}],"curies":[{"name":"wp","href":"https:\/\/api.w.org\/{rel}","templated":true}]}}