{"id":112824,"date":"2022-04-13T00:45:14","date_gmt":"2022-04-13T03:45:14","guid":{"rendered":"https:\/\/www.elsindical.com.ar\/notas\/?p=112824"},"modified":"2022-04-13T00:45:16","modified_gmt":"2022-04-13T03:45:16","slug":"el-barco-de-greenpeace-llego-a-mar-del-plata","status":"publish","type":"post","link":"https:\/\/www.elsindical.com.ar\/notas\/el-barco-de-greenpeace-llego-a-mar-del-plata\/","title":{"rendered":"El barco de Greenpeace lleg\u00f3 a Mar del Plata\u00a0"},"content":{"rendered":"\n<figure class=\"wp-block-image size-large\"><a href=\"https:\/\/www.elsindical.com.ar\/notas\/var\/www\/html\/notas\/wp-content\/uploads\/2022\/04\/barco-de-Greepeace-en-Mar-del-Plata.jpg\"><img loading=\"lazy\" decoding=\"async\" width=\"1024\" height=\"739\" src=\"https:\/\/www.elsindical.com.ar\/notas\/var\/www\/html\/notas\/wp-content\/uploads\/2022\/04\/barco-de-Greepeace-en-Mar-del-Plata-1024x739.jpg\" alt=\"\" class=\"wp-image-112825\" srcset=\"https:\/\/www.elsindical.com.ar\/notas\/var\/www\/html\/notas\/wp-content\/uploads\/2022\/04\/barco-de-Greepeace-en-Mar-del-Plata-1024x739.jpg 1024w, https:\/\/www.elsindical.com.ar\/notas\/var\/www\/html\/notas\/wp-content\/uploads\/2022\/04\/barco-de-Greepeace-en-Mar-del-Plata-300x217.jpg 300w, https:\/\/www.elsindical.com.ar\/notas\/var\/www\/html\/notas\/wp-content\/uploads\/2022\/04\/barco-de-Greepeace-en-Mar-del-Plata-768x554.jpg 768w, https:\/\/www.elsindical.com.ar\/notas\/var\/www\/html\/notas\/wp-content\/uploads\/2022\/04\/barco-de-Greepeace-en-Mar-del-Plata-416x300.jpg 416w, https:\/\/www.elsindical.com.ar\/notas\/var\/www\/html\/notas\/wp-content\/uploads\/2022\/04\/barco-de-Greepeace-en-Mar-del-Plata.jpg 1229w\" sizes=\"auto, (max-width: 1024px) 100vw, 1024px\" \/><\/a><\/figure>\n\n\n\n<p class=\"wp-block-paragraph\">Luego de un mes de traves\u00eda por el Mar Argentino, realizando investigaciones sobre la biodiversidad; monitoreo de la actividad offshore local y confrontando a los responsables de la sobrepesca en aguas internacionales; el rompehielos de la organizaci\u00f3n ambientalista,&nbsp; Arctic Sunrise, lleg\u00f3 a aguas marplatenses. Semanas atr\u00e1s, miembros de la organizaci\u00f3n a bordo&nbsp; detectaron la presencia de m\u00e1s de 400 barcos pesqueros que depredan sin control el Agujero Azul, un \u00e1rea clave para las ballenas y otras especies.&nbsp;<\/p>\n\n\n\n<p class=\"wp-block-paragraph\">Hasta el 14 de abril, d\u00eda en que partir\u00e1 hacia Buenos Aires, el barco se encontrar\u00e1 en la ciudad balnearia para continuar su campa\u00f1a en rechazo a los planes de exploraci\u00f3n offshore que se autorizaron en la cuenca Argentina Norte del Mar Argentino, adyacentes a las costas bonaerenses. Junto a organizaciones locales, realizar\u00e1n actividades, reclamando por la prohibici\u00f3n definitiva de estos proyectos.&nbsp;&nbsp;<\/p>\n\n\n\n<p class=\"wp-block-paragraph\">Las actividades del Arctic Sunrise y las investigaciones pueden seguirse a trav\u00e9s de la p\u00e1gina web de Greenpeace (<em>www<\/em>.<em>greenpeace<\/em>.<em>org<\/em>), desde donde es posible firmar la petici\u00f3n por un Mar Argentino sin petr\u00f3leo. Y tambi\u00e9n en sus redes sociales, por medio de los relatos y videos de Luisina Vueso, coordinadora de la campa\u00f1a de oc\u00e9anos de Greenpeace Argentina.&nbsp;<\/p>\n\n\n\n<p class=\"wp-block-paragraph\"><strong>M\u00e1s informaci\u00f3n:\u00a0<\/strong> El reclamo por la prohibici\u00f3n de los proyectos offshore escal\u00f3 a la justicia. Luego de la demanda presentada por 10 organizaciones que deriv\u00f3 en el fallo de un juez de primera instancia que otorg\u00f3 la medida cautelar, el Estado y las empresas involucradas apelaron y solicitaron la recusaci\u00f3n, medida que fue desestimada posteriormente por la C\u00e1mara Federal de Apelaciones. Ahora, es la C\u00e1mara la debe decidir tambi\u00e9n si ratifica o no la medida cautelar. Recientemente, un dictamen fiscal solicit\u00f3 que se mantenga la decisi\u00f3n judicial de suspender estos proyectos.\u00a0<\/p>\n\n\n\n<p class=\"wp-block-paragraph\"><a rel=\"noreferrer noopener\" href=\"https:\/\/et.datacrush.la\/track\/click?portalID=315&amp;l=a8jHVueNRfpBlBRMZFOEyQ40l&amp;key=MzE1LTQzNzgwMDk2OC0yMjg4OS0yNjI0NC00NDU1OTgyLQ&amp;contact_key=315oUrVLiQciXcAmhiOqIS1pvA7e5HF0AsovTkhbatu8G4uX\" target=\"_blank\"><strong>Link fotos<\/strong><\/a><\/p>\n\n\n\n<hr class=\"wp-block-separator\"\/>\n\n\n\n<p class=\"wp-block-paragraph\">Contactos de Prensa:<br>Aurora Lugo. Tel: (54.9.11) 3226.2600<br>Florencia Rodriguez. Tel: (54.9.11) 3761.2969<\/p>\n","protected":false},"excerpt":{"rendered":"<p>Luego de un mes de traves\u00eda por el Mar Argentino, realizando investigaciones sobre la biodiversidad; monitoreo de la actividad offshore local y confrontando a los responsables de la sobrepesca en aguas internacionales; el rompehielos de la organizaci\u00f3n ambientalista,&nbsp; Arctic Sunrise, lleg\u00f3 a aguas marplatenses. Semanas atr\u00e1s, miembros de la organizaci\u00f3n a bordo&nbsp; detectaron la presencia&hellip;<\/p>\n","protected":false},"author":1,"featured_media":112825,"comment_status":"open","ping_status":"open","sticky":false,"template":"","format":"standard","meta":{"footnotes":""},"categories":[25],"tags":[36928,2450,17456,33016,1673],"class_list":["post-112824","post","type-post","status-publish","format-standard","has-post-thumbnail","hentry","category-sociedad","tag-artic-sunrise","tag-diario-el-sindical","tag-greempeace","tag-mar-argentino","tag-mar-del-plata"],"_links":{"self":[{"href":"https:\/\/www.elsindical.com.ar\/notas\/wp-json\/wp\/v2\/posts\/112824","targetHints":{"allow":["GET"]}}],"collection":[{"href":"https:\/\/www.elsindical.com.ar\/notas\/wp-json\/wp\/v2\/posts"}],"about":[{"href":"https:\/\/www.elsindical.com.ar\/notas\/wp-json\/wp\/v2\/types\/post"}],"author":[{"embeddable":true,"href":"https:\/\/www.elsindical.com.ar\/notas\/wp-json\/wp\/v2\/users\/1"}],"replies":[{"embeddable":true,"href":"https:\/\/www.elsindical.com.ar\/notas\/wp-json\/wp\/v2\/comments?post=112824"}],"version-history":[{"count":1,"href":"https:\/\/www.elsindical.com.ar\/notas\/wp-json\/wp\/v2\/posts\/112824\/revisions"}],"predecessor-version":[{"id":112826,"href":"https:\/\/www.elsindical.com.ar\/notas\/wp-json\/wp\/v2\/posts\/112824\/revisions\/112826"}],"wp:featuredmedia":[{"embeddable":true,"href":"https:\/\/www.elsindical.com.ar\/notas\/wp-json\/wp\/v2\/media\/112825"}],"wp:attachment":[{"href":"https:\/\/www.elsindical.com.ar\/notas\/wp-json\/wp\/v2\/media?parent=112824"}],"wp:term":[{"taxonomy":"category","embeddable":true,"href":"https:\/\/www.elsindical.com.ar\/notas\/wp-json\/wp\/v2\/categories?post=112824"},{"taxonomy":"post_tag","embeddable":true,"href":"https:\/\/www.elsindical.com.ar\/notas\/wp-json\/wp\/v2\/tags?post=112824"}],"curies":[{"name":"wp","href":"https:\/\/api.w.org\/{rel}","templated":true}]}}