{"id":112806,"date":"2022-04-12T09:39:41","date_gmt":"2022-04-12T12:39:41","guid":{"rendered":"https:\/\/www.elsindical.com.ar\/notas\/?p=112806"},"modified":"2022-04-12T09:39:43","modified_gmt":"2022-04-12T12:39:43","slug":"licenciatura-en-desarrollo-de-recursos-energeticos-la-nueva-carrera-en-la-undav","status":"publish","type":"post","link":"https:\/\/www.elsindical.com.ar\/notas\/licenciatura-en-desarrollo-de-recursos-energeticos-la-nueva-carrera-en-la-undav\/","title":{"rendered":"Licenciatura en Desarrollo de Recursos Energ\u00e9ticos, la nueva carrera en la UNDAV"},"content":{"rendered":"\n<figure class=\"wp-block-image size-full\"><a href=\"https:\/\/www.elsindical.com.ar\/notas\/var\/www\/html\/notas\/wp-content\/uploads\/2022\/04\/undav-nueva-carrera-.jpg\"><img loading=\"lazy\" decoding=\"async\" width=\"880\" height=\"512\" src=\"https:\/\/www.elsindical.com.ar\/notas\/var\/www\/html\/notas\/wp-content\/uploads\/2022\/04\/undav-nueva-carrera-.jpg\" alt=\"\" class=\"wp-image-112807\" srcset=\"https:\/\/www.elsindical.com.ar\/notas\/var\/www\/html\/notas\/wp-content\/uploads\/2022\/04\/undav-nueva-carrera-.jpg 880w, https:\/\/www.elsindical.com.ar\/notas\/var\/www\/html\/notas\/wp-content\/uploads\/2022\/04\/undav-nueva-carrera--300x175.jpg 300w, https:\/\/www.elsindical.com.ar\/notas\/var\/www\/html\/notas\/wp-content\/uploads\/2022\/04\/undav-nueva-carrera--768x447.jpg 768w, https:\/\/www.elsindical.com.ar\/notas\/var\/www\/html\/notas\/wp-content\/uploads\/2022\/04\/undav-nueva-carrera--500x291.jpg 500w\" sizes=\"auto, (max-width: 880px) 100vw, 880px\" \/><\/a><\/figure>\n\n\n\n<p>La Universidad Nacional de Avellaneda (UNDAV) dictar\u00e1 una nueva carrera: la Licenciatura en Desarrollo de Recursos Energ\u00e9ticos una especialidad que consideran apunta al desarrollo del sistema energ\u00e9tico al que califican como \u201cuna pieza central en el desarrollo del pa\u00eds, teniendo implicancias directas sobre la producci\u00f3n industrial, tecnol\u00f3gica y manufacturera, y sobre el progreso y bienestar de la sociedad.\u201d<\/p>\n\n\n\n<p>Desde la UNDAV informaron que la carrera se propone formar profesionales capaces \u201cde entender, planificar y gestionar sobre la cuesti\u00f3n energ\u00e9tica del pa\u00eds y la regi\u00f3n; como as\u00ed tambi\u00e9n aportar al campo profesional del desarrollo energ\u00e9tico con visi\u00f3n social, estrat\u00e9gica y t\u00e9cnica;\u201d.<\/p>\n\n\n\n<p>Adem\u00e1s, ponen de relieve que apuestan al \u201cdesarrollo de las energ\u00edas alternativas con enfoque en el beneficio social y comunitario.\u201d<\/p>\n\n\n\n<p>\u201cEl desarrollo energ\u00e9tico contiene dos facetas, una puramente t\u00e9cnica y otra social con ribetes t\u00e9cnicos. Ambas necesitan de una articulaci\u00f3n, de una interfaz que sirva para el an\u00e1lisis conjunto de los elementos involucrados; una mediaci\u00f3n que necesita int\u00e9rpretes entre el marco t\u00e9cnico-profesional y esa realidad social\u201d, apuntan.<\/p>\n\n\n\n<p>Con una duraci\u00f3n prevista de nueve cuatrimestres quienes deseen acceder a esta carrera pueden preinscribirse para comenzar en <a href=\"http:\/\/academica.undav.edu.ar\/preinscripcion\" target=\"_blank\" rel=\"noreferrer noopener\">http:\/\/academica.undav.edu.ar\/preinscripcion<\/a>.<\/p>\n\n\n\n<p>Posteriormente, deber\u00e1n acercarse con toda la documentaci\u00f3n a la sede Pi\u00f1eyro en Mario Bravo 1460, entre Paso de la Patria e Isleta, de lunes a viernes, de 9 a 19 para presentar la preinscripci\u00f3n completa y firmada; original y fotocopia del DNI; e iguales requisitos para t\u00edtulo secundario.<\/p>\n\n\n\n<p>Quienes tengan dudas pueden contactar con <a rel=\"noreferrer noopener\" href=\"mailto:energia@undav.edu.ar\" target=\"_blank\">energia@undav.edu.ar<\/a> o <a href=\"mailto:inscripciones@undav.edu.ar\" target=\"_blank\" rel=\"noreferrer noopener\">inscripciones@undav.edu.ar<\/a><\/p>\n","protected":false},"excerpt":{"rendered":"<p>La Universidad Nacional de Avellaneda (UNDAV) dictar\u00e1 una nueva carrera: la Licenciatura en Desarrollo de Recursos Energ\u00e9ticos una especialidad que consideran apunta al desarrollo del sistema energ\u00e9tico al que califican como \u201cuna pieza central en el desarrollo del pa\u00eds, teniendo implicancias directas sobre la producci\u00f3n industrial, tecnol\u00f3gica y manufacturera, y sobre el progreso y bienestar&hellip;<\/p>\n","protected":false},"author":1,"featured_media":112807,"comment_status":"open","ping_status":"open","sticky":false,"template":"","format":"standard","meta":{"footnotes":""},"categories":[5],"tags":[461,2450,36960,4142],"class_list":["post-112806","post","type-post","status-publish","format-standard","has-post-thumbnail","hentry","category-cultura","tag-avellaneda","tag-diario-el-sindical","tag-licenciatura-en-desarrollo-de-recursos-energeticos","tag-undav"],"_links":{"self":[{"href":"https:\/\/www.elsindical.com.ar\/notas\/wp-json\/wp\/v2\/posts\/112806","targetHints":{"allow":["GET"]}}],"collection":[{"href":"https:\/\/www.elsindical.com.ar\/notas\/wp-json\/wp\/v2\/posts"}],"about":[{"href":"https:\/\/www.elsindical.com.ar\/notas\/wp-json\/wp\/v2\/types\/post"}],"author":[{"embeddable":true,"href":"https:\/\/www.elsindical.com.ar\/notas\/wp-json\/wp\/v2\/users\/1"}],"replies":[{"embeddable":true,"href":"https:\/\/www.elsindical.com.ar\/notas\/wp-json\/wp\/v2\/comments?post=112806"}],"version-history":[{"count":1,"href":"https:\/\/www.elsindical.com.ar\/notas\/wp-json\/wp\/v2\/posts\/112806\/revisions"}],"predecessor-version":[{"id":112808,"href":"https:\/\/www.elsindical.com.ar\/notas\/wp-json\/wp\/v2\/posts\/112806\/revisions\/112808"}],"wp:featuredmedia":[{"embeddable":true,"href":"https:\/\/www.elsindical.com.ar\/notas\/wp-json\/wp\/v2\/media\/112807"}],"wp:attachment":[{"href":"https:\/\/www.elsindical.com.ar\/notas\/wp-json\/wp\/v2\/media?parent=112806"}],"wp:term":[{"taxonomy":"category","embeddable":true,"href":"https:\/\/www.elsindical.com.ar\/notas\/wp-json\/wp\/v2\/categories?post=112806"},{"taxonomy":"post_tag","embeddable":true,"href":"https:\/\/www.elsindical.com.ar\/notas\/wp-json\/wp\/v2\/tags?post=112806"}],"curies":[{"name":"wp","href":"https:\/\/api.w.org\/{rel}","templated":true}]}}