{"id":11269,"date":"2010-12-10T16:49:50","date_gmt":"2010-12-10T19:49:50","guid":{"rendered":"http:\/\/www.elsindical.com.ar\/notas\/?p=11269"},"modified":"2010-12-10T16:49:50","modified_gmt":"2010-12-10T19:49:50","slug":"el-barrabrava-filmado-con-un-arma-expuso-varias-excusas","status":"publish","type":"post","link":"https:\/\/www.elsindical.com.ar\/notas\/el-barrabrava-filmado-con-un-arma-expuso-varias-excusas\/","title":{"rendered":"El barrabrava filmado con un arma expuso varias excusas"},"content":{"rendered":"<p style=\"text-align: justify;\"><em><a href=\"http:\/\/www.elsindical.com.ar\/notas\/var\/www\/html\/notas\/wp-content\/uploads\/2010\/12\/Julio-Capella.jpg\"><img loading=\"lazy\" decoding=\"async\" class=\"alignleft size-medium wp-image-11270\" title=\"Julio-Capella\" src=\"http:\/\/www.elsindical.com.ar\/notas\/var\/www\/html\/notas\/wp-content\/uploads\/2010\/12\/Julio-Capella-300x179.jpg\" alt=\"\" width=\"300\" height=\"179\" srcset=\"https:\/\/www.elsindical.com.ar\/notas\/var\/www\/html\/notas\/wp-content\/uploads\/2010\/12\/Julio-Capella-300x179.jpg 300w, https:\/\/www.elsindical.com.ar\/notas\/var\/www\/html\/notas\/wp-content\/uploads\/2010\/12\/Julio-Capella.jpg 325w\" sizes=\"auto, (max-width: 300px) 100vw, 300px\" \/><\/a>Rodrigo Gonz\u00e1lez, abogado del barra Julio Capella, acusado de balear a los usurpadores del Parque, neg\u00f3 que su cliente haya efectuado disparos y aclar\u00f3: \u00abActu\u00f3 para defender a su familia\u00bb. Admiti\u00f3 que tiene un cargo en la Junta Electoral Nacional.<\/em><\/p>\n<p style=\"text-align: justify;\"><strong>Un abogado se present\u00f3 en el juzgado de instrucci\u00f3n a cargo de Eliseo Otero y puso a disposici\u00f3n de la justicia al hombre que aparece filmado empu\u00f1ando una pistola en los enfrentamientos en Villa Soldati. Dijo que se trat\u00f3 de un arma de juguete y dio el domicilio del joven .<\/strong><br \/>\n<strong><\/strong>\u00a0<br \/>\n<strong>Su abogado, Rodrigo Gonz\u00e1lez, asegur\u00f3 en declaraciones radiales que Capella \u00abactu\u00f3 en leg\u00edtima defensa\u00bb porque asegur\u00f3 que se intent\u00f3 tomar el edificio donde vive. <\/strong><br \/>\n<strong><\/strong>\u00a0<br \/>\n<strong>\u00abMi cliente no dispar\u00f3<\/strong>\u00ab, afirm\u00f3 el letrado para luego reiterar que Capella sali\u00f3 a defender a sus primos y t\u00edos que viven en el\u00a0 barrio. En tal sentido, denunci\u00f3 que el edificio de su cliente \u00ab<strong>est\u00e1 lleno de orificios de disparos<\/strong>\u00ab.<\/p>\n<p>El abogado reconoci\u00f3 que el acusado tiene un cargo en la \u00ab<strong>Junta Electoral Nacional<\/strong>\u00bb y aclar\u00f3 que no es un cargo municipal. \u00ab<strong>Esta persona no tiene ning\u00fan antecedente penal por lo tanto nunca requiri\u00f3 de ninguna defensa, m\u00eda ni de ning\u00fan otro estudio<\/strong>\u00ab, subray\u00f3.<\/p>\n<p>Se trata del joven que aparece en las im\u00e1genes de televisi\u00f3n con un pantal\u00f3n deportivo rojo y el torso desnudo.<\/p>\n<p>El joven, que aparece filmado empu\u00f1ando una pistola durante\u00a0los enfrentamientos por el desalojo del parque Indoamericano, <strong>asegur\u00f3 adem\u00e1s\u00a0que se trataba de un \u00abarma de juguete<\/strong>\u00ab, confirmaron fuentes judiciales.<\/p>\n<p><strong>El juez Otero investiga los homicidios ocurridos en el marco de los incidentes en Villa Soldati, pero ahora deleg\u00f3 la causa en el fiscal Sandro Abraldes, hasta que se identifique o detenga a alg\u00fan imputado.<\/strong><\/p>\n<p>Las fuentes informaron que el abogado present\u00f3 en el juzgado de Otero un escrito en el que se indica el domicilio del joven y en el que manifiesta ser ajeno a las muertes investigadas.<\/p>\n<p style=\"text-align: justify;\">Tal como suele ocurrir, estos personajes valientes en grupo, a la hora de enfrentar la justicia suelen esgrimir las excusas m\u00e1s rid\u00edculas, nadie censato puede alegar defensa propia o de terceros con un arma de juguete, tambi\u00e9n es llamativo que alguien con la formaci\u00f3n del acusado trabaje en la Junta Nacional Electoral, esto solo se explica por el rumor que lo vincula a allegados al gobierno nacional.<\/p>\n","protected":false},"excerpt":{"rendered":"<p>Rodrigo Gonz\u00e1lez, abogado del barra Julio Capella, acusado de balear a los usurpadores del Parque, neg\u00f3 que su cliente haya efectuado disparos y aclar\u00f3: \u00abActu\u00f3 para defender a su familia\u00bb. Admiti\u00f3 que tiene un cargo en la Junta Electoral Nacional. Un abogado se present\u00f3 en el juzgado de instrucci\u00f3n a cargo de Eliseo Otero y&hellip;<\/p>\n","protected":false},"author":1,"featured_media":0,"comment_status":"open","ping_status":"open","sticky":false,"template":"","format":"standard","meta":{"footnotes":""},"categories":[20],"tags":[387,2080,5361,5360,5315],"class_list":["post-11269","post","type-post","status-publish","format-standard","hentry","category-judiciales","tag-arma","tag-barrabravas","tag-julio-capella","tag-junata-nacional-electoral","tag-villa-soldati"],"_links":{"self":[{"href":"https:\/\/www.elsindical.com.ar\/notas\/wp-json\/wp\/v2\/posts\/11269","targetHints":{"allow":["GET"]}}],"collection":[{"href":"https:\/\/www.elsindical.com.ar\/notas\/wp-json\/wp\/v2\/posts"}],"about":[{"href":"https:\/\/www.elsindical.com.ar\/notas\/wp-json\/wp\/v2\/types\/post"}],"author":[{"embeddable":true,"href":"https:\/\/www.elsindical.com.ar\/notas\/wp-json\/wp\/v2\/users\/1"}],"replies":[{"embeddable":true,"href":"https:\/\/www.elsindical.com.ar\/notas\/wp-json\/wp\/v2\/comments?post=11269"}],"version-history":[{"count":1,"href":"https:\/\/www.elsindical.com.ar\/notas\/wp-json\/wp\/v2\/posts\/11269\/revisions"}],"predecessor-version":[{"id":11271,"href":"https:\/\/www.elsindical.com.ar\/notas\/wp-json\/wp\/v2\/posts\/11269\/revisions\/11271"}],"wp:attachment":[{"href":"https:\/\/www.elsindical.com.ar\/notas\/wp-json\/wp\/v2\/media?parent=11269"}],"wp:term":[{"taxonomy":"category","embeddable":true,"href":"https:\/\/www.elsindical.com.ar\/notas\/wp-json\/wp\/v2\/categories?post=11269"},{"taxonomy":"post_tag","embeddable":true,"href":"https:\/\/www.elsindical.com.ar\/notas\/wp-json\/wp\/v2\/tags?post=11269"}],"curies":[{"name":"wp","href":"https:\/\/api.w.org\/{rel}","templated":true}]}}