{"id":112687,"date":"2022-04-07T02:11:28","date_gmt":"2022-04-07T05:11:28","guid":{"rendered":"https:\/\/www.elsindical.com.ar\/notas\/?p=112687"},"modified":"2022-04-07T02:11:28","modified_gmt":"2022-04-07T05:11:28","slug":"marcelo-frecha-se-burla-de-l-gante","status":"publish","type":"post","link":"https:\/\/www.elsindical.com.ar\/notas\/marcelo-frecha-se-burla-de-l-gante\/","title":{"rendered":"Marcelo Frecha se burla de L&#8217; Gante??"},"content":{"rendered":"\n<div class=\"wp-block-image\"><figure class=\"aligncenter size-full\"><a href=\"https:\/\/www.elsindical.com.ar\/notas\/var\/www\/html\/notas\/wp-content\/uploads\/2022\/04\/Foro-y-L-Gante.jpg\"><img loading=\"lazy\" decoding=\"async\" width=\"498\" height=\"764\" src=\"https:\/\/www.elsindical.com.ar\/notas\/var\/www\/html\/notas\/wp-content\/uploads\/2022\/04\/Foro-y-L-Gante.jpg\" alt=\"\" class=\"wp-image-112688\" srcset=\"https:\/\/www.elsindical.com.ar\/notas\/var\/www\/html\/notas\/wp-content\/uploads\/2022\/04\/Foro-y-L-Gante.jpg 498w, https:\/\/www.elsindical.com.ar\/notas\/var\/www\/html\/notas\/wp-content\/uploads\/2022\/04\/Foro-y-L-Gante-196x300.jpg 196w\" sizes=\"auto, (max-width: 498px) 100vw, 498px\" \/><\/a><\/figure><\/div>\n\n\n\n<p>   Marcelo Mario Frecha volvi\u00f3 a mostrar su incoherencia y su fascinaci\u00f3n por creerse de la oligarqu\u00eda y la derecha, cuando en realidad ha virado todas las supuestas buenas intenciones en busca de un billete m\u00e1s, as\u00ed, el Foro Vecinal Avellaneda Segura ha pasado de ser un medio para los reclamos y orientaci\u00f3n de los vecinos a una cartelera comercial que poco tiene que ver con la seguridad.<\/p>\n\n\n\n<p>M\u00e1s a\u00fan, entre sus publicidades y lo voy a seguir repitiendo ha tenido delincuentes, promoci\u00f3n de elementos prohibidos por la ANMAT, productos de dudosa calidad y estafadores de todos los rubros, ha sumado publicaciones que \u00e9l mismo considera graciosas pero de dudoso buen gusto.<\/p>\n\n\n\n<p>Quiz\u00e1s por querer colgarse de la fama de L&#8217; Gante, ahora postea una imagen donde pone como el peor sonido a la m\u00fasica del cantante y luego el sonido del torno dental, sin dudas su gusto por la \u00abfacho\u00bb es selectivo, ya que estimo que por su proceder si L \u00b4Gante le pagara publicidad, seguramente nos llenar\u00eda de sus videos y actividades.<\/p>\n\n\n\n<p>Cuando alguien se arroga el ser la voz de los vecinos, debe ser responsable, algo que Marcelo Frecha no lo es, como cuando inventaba hechos de inseguridad para luego justificarse en que \u00e9l no es periodista.<\/p>\n\n\n\n<p>Ahora bien, si agregamos que el \u00fanico m\u00e9rito conocido de Frecha es ser un cobarde, yo me pregunto si el cantante L \u00b4Gante le pide explicaciones qu\u00e9 har\u00e1 Marcelito?<\/p>\n\n\n\n<p>Lo tuyo no es un chiste, es una provocaci\u00f3n a miles de personas que disfrutan de esa m\u00fasica, podes exteriorizar que no te gusta y no la escuchas, pero el chiste no es chiste, es agraviante.<\/p>\n\n\n\n<p>Ah seg\u00fan tu <strong>CUIT 20-17212436-5<\/strong>, ven\u00eds flojito de papeles con tributar, \u00bfc\u00f3mo facturas? porque son m\u00e1s da\u00f1inos los evasores que los que hacen m\u00fasica que no te gusta, tal vez hay un error, desde ya sos libre de hacer las aclaraciones que te gusten.<\/p>\n\n\n\n<div class=\"wp-block-image\"><figure class=\"aligncenter size-full\"><a href=\"https:\/\/www.elsindical.com.ar\/notas\/var\/www\/html\/notas\/wp-content\/uploads\/2022\/04\/AFIP-Marcelo-Frecha.jpg\"><img loading=\"lazy\" decoding=\"async\" width=\"770\" height=\"783\" src=\"https:\/\/www.elsindical.com.ar\/notas\/var\/www\/html\/notas\/wp-content\/uploads\/2022\/04\/AFIP-Marcelo-Frecha.jpg\" alt=\"\" class=\"wp-image-112689\" srcset=\"https:\/\/www.elsindical.com.ar\/notas\/var\/www\/html\/notas\/wp-content\/uploads\/2022\/04\/AFIP-Marcelo-Frecha.jpg 770w, https:\/\/www.elsindical.com.ar\/notas\/var\/www\/html\/notas\/wp-content\/uploads\/2022\/04\/AFIP-Marcelo-Frecha-295x300.jpg 295w, https:\/\/www.elsindical.com.ar\/notas\/var\/www\/html\/notas\/wp-content\/uploads\/2022\/04\/AFIP-Marcelo-Frecha-768x781.jpg 768w, https:\/\/www.elsindical.com.ar\/notas\/var\/www\/html\/notas\/wp-content\/uploads\/2022\/04\/AFIP-Marcelo-Frecha-50x50.jpg 50w\" sizes=\"auto, (max-width: 770px) 100vw, 770px\" \/><\/a><\/figure><\/div>\n\n\n\n<p>Por Marcelo Ricardo Hawrylciw<\/p>\n","protected":false},"excerpt":{"rendered":"<p>Marcelo Mario Frecha volvi\u00f3 a mostrar su incoherencia y su fascinaci\u00f3n por creerse de la oligarqu\u00eda y la derecha, cuando en realidad ha virado todas las supuestas buenas intenciones en busca de un billete m\u00e1s, as\u00ed, el Foro Vecinal Avellaneda Segura ha pasado de ser un medio para los reclamos y orientaci\u00f3n de los vecinos&hellip;<\/p>\n","protected":false},"author":1,"featured_media":112688,"comment_status":"open","ping_status":"open","sticky":false,"template":"","format":"standard","meta":{"footnotes":""},"categories":[10],"tags":[69,461,2450,6073,17824,36919,17822,9385],"class_list":["post-112687","post","type-post","status-publish","format-standard","has-post-thumbnail","hentry","category-editorial","tag-afip","tag-avellaneda","tag-diario-el-sindical","tag-facturacion","tag-foro-vecinal-avellaneda-segura","tag-lgante","tag-marcelo-frecha","tag-sonido"],"_links":{"self":[{"href":"https:\/\/www.elsindical.com.ar\/notas\/wp-json\/wp\/v2\/posts\/112687","targetHints":{"allow":["GET"]}}],"collection":[{"href":"https:\/\/www.elsindical.com.ar\/notas\/wp-json\/wp\/v2\/posts"}],"about":[{"href":"https:\/\/www.elsindical.com.ar\/notas\/wp-json\/wp\/v2\/types\/post"}],"author":[{"embeddable":true,"href":"https:\/\/www.elsindical.com.ar\/notas\/wp-json\/wp\/v2\/users\/1"}],"replies":[{"embeddable":true,"href":"https:\/\/www.elsindical.com.ar\/notas\/wp-json\/wp\/v2\/comments?post=112687"}],"version-history":[{"count":1,"href":"https:\/\/www.elsindical.com.ar\/notas\/wp-json\/wp\/v2\/posts\/112687\/revisions"}],"predecessor-version":[{"id":112690,"href":"https:\/\/www.elsindical.com.ar\/notas\/wp-json\/wp\/v2\/posts\/112687\/revisions\/112690"}],"wp:featuredmedia":[{"embeddable":true,"href":"https:\/\/www.elsindical.com.ar\/notas\/wp-json\/wp\/v2\/media\/112688"}],"wp:attachment":[{"href":"https:\/\/www.elsindical.com.ar\/notas\/wp-json\/wp\/v2\/media?parent=112687"}],"wp:term":[{"taxonomy":"category","embeddable":true,"href":"https:\/\/www.elsindical.com.ar\/notas\/wp-json\/wp\/v2\/categories?post=112687"},{"taxonomy":"post_tag","embeddable":true,"href":"https:\/\/www.elsindical.com.ar\/notas\/wp-json\/wp\/v2\/tags?post=112687"}],"curies":[{"name":"wp","href":"https:\/\/api.w.org\/{rel}","templated":true}]}}