{"id":11267,"date":"2010-12-10T12:07:28","date_gmt":"2010-12-10T15:07:28","guid":{"rendered":"http:\/\/www.elsindical.com.ar\/notas\/?p=11267"},"modified":"2010-12-10T12:07:28","modified_gmt":"2010-12-10T15:07:28","slug":"san-martinasaltaron-y-violaron-a-una-embarazada-frente-su-esposo","status":"publish","type":"post","link":"https:\/\/www.elsindical.com.ar\/notas\/san-martinasaltaron-y-violaron-a-una-embarazada-frente-su-esposo\/","title":{"rendered":"San Mart\u00edn:Asaltaron y violaron a una embarazada frente su esposo"},"content":{"rendered":"<p style=\"text-align: justify;\"><em><strong><a href=\"http:\/\/www.elsindical.com.ar\/notas\/var\/www\/html\/notas\/wp-content\/uploads\/2010\/02\/violaci\u00f3n-joven.jpg\"><img loading=\"lazy\" decoding=\"async\" class=\"alignleft size-full wp-image-3597\" title=\"violaci\u00f3n-joven\" src=\"http:\/\/www.elsindical.com.ar\/notas\/var\/www\/html\/notas\/wp-content\/uploads\/2010\/02\/violaci\u00f3n-joven.jpg\" alt=\"\" width=\"255\" height=\"205\" \/><\/a>El hecho ocurri\u00f3 en el partido bonaerense de San Mart\u00edn<\/strong>, cuando un ladr\u00f3n ingres\u00f3 a una vivienda y abus\u00f3 de la mujer. Huy\u00f3 con electrodom\u00e9sticos y objetos de valor.<\/em><\/p>\n<p style=\"text-align: justify;\">Una mujer, embarazada de cuatro meses, <strong>fue violada delante de su esposo al ser asaltada por un ladr\u00f3n en su casa del partido bonaerense de San Mart\u00edn<\/strong>. El hecho ocurri\u00f3 el mi\u00e9rcoles por la noche, pero reci\u00e9n trascendi\u00f3 hoy,<\/p>\n<p>Seg\u00fan informaron fuentes policiales,<strong> el ataque se produjo cuando en una vivienda de la calle Castro al 3300, donde irrumpi\u00f3 un ladr\u00f3n armado que redujo a sus habitantes, un hombre de 34 a\u00f1os y su esposa de 31<\/strong>.<\/p>\n<p><strong>El delincuente maniat\u00f3 al hombre, abus\u00f3 sexualmente de la embarazada y huy\u00f3 con electrodom\u00e9sticos y objetos de valor en el auto de las v\u00edctimas<\/strong>, un Fiat Uno, que fue encontrado m\u00e1s tarde abandonado, a pocas cuadras de la vivienda asaltada.<\/p>\n<p>Investiga lo ocurrido la comisar\u00eda primera de San Mart\u00edn, donde se instruyeron actuaciones por \u00abrobo calificado por el uso de arma de fuego y abuso sexual\u00bb.<\/p>\n","protected":false},"excerpt":{"rendered":"<p>El hecho ocurri\u00f3 en el partido bonaerense de San Mart\u00edn, cuando un ladr\u00f3n ingres\u00f3 a una vivienda y abus\u00f3 de la mujer. Huy\u00f3 con electrodom\u00e9sticos y objetos de valor. Una mujer, embarazada de cuatro meses, fue violada delante de su esposo al ser asaltada por un ladr\u00f3n en su casa del partido bonaerense de San&hellip;<\/p>\n","protected":false},"author":1,"featured_media":0,"comment_status":"open","ping_status":"open","sticky":false,"template":"","format":"standard","meta":{"footnotes":""},"categories":[22],"tags":[4355,1050,1113,236,176,235,30,820,271],"class_list":["post-11267","post","type-post","status-publish","format-standard","hentry","category-policiales","tag-asaltante","tag-auto","tag-casa","tag-embarazada","tag-esposo","tag-mujer","tag-policia","tag-san-martin","tag-violacion"],"_links":{"self":[{"href":"https:\/\/www.elsindical.com.ar\/notas\/wp-json\/wp\/v2\/posts\/11267","targetHints":{"allow":["GET"]}}],"collection":[{"href":"https:\/\/www.elsindical.com.ar\/notas\/wp-json\/wp\/v2\/posts"}],"about":[{"href":"https:\/\/www.elsindical.com.ar\/notas\/wp-json\/wp\/v2\/types\/post"}],"author":[{"embeddable":true,"href":"https:\/\/www.elsindical.com.ar\/notas\/wp-json\/wp\/v2\/users\/1"}],"replies":[{"embeddable":true,"href":"https:\/\/www.elsindical.com.ar\/notas\/wp-json\/wp\/v2\/comments?post=11267"}],"version-history":[{"count":1,"href":"https:\/\/www.elsindical.com.ar\/notas\/wp-json\/wp\/v2\/posts\/11267\/revisions"}],"predecessor-version":[{"id":11268,"href":"https:\/\/www.elsindical.com.ar\/notas\/wp-json\/wp\/v2\/posts\/11267\/revisions\/11268"}],"wp:attachment":[{"href":"https:\/\/www.elsindical.com.ar\/notas\/wp-json\/wp\/v2\/media?parent=11267"}],"wp:term":[{"taxonomy":"category","embeddable":true,"href":"https:\/\/www.elsindical.com.ar\/notas\/wp-json\/wp\/v2\/categories?post=11267"},{"taxonomy":"post_tag","embeddable":true,"href":"https:\/\/www.elsindical.com.ar\/notas\/wp-json\/wp\/v2\/tags?post=11267"}],"curies":[{"name":"wp","href":"https:\/\/api.w.org\/{rel}","templated":true}]}}