{"id":112667,"date":"2022-04-06T13:34:17","date_gmt":"2022-04-06T16:34:17","guid":{"rendered":"https:\/\/www.elsindical.com.ar\/notas\/?p=112667"},"modified":"2022-04-06T13:34:18","modified_gmt":"2022-04-06T16:34:18","slug":"ajb-paritaria-2022-pase-a-planta-permanente","status":"publish","type":"post","link":"https:\/\/www.elsindical.com.ar\/notas\/ajb-paritaria-2022-pase-a-planta-permanente\/","title":{"rendered":"AJB: Paritaria 2022-Pase a planta permanente"},"content":{"rendered":"\n<figure class=\"wp-block-image size-large\"><a href=\"https:\/\/www.elsindical.com.ar\/notas\/var\/www\/html\/notas\/wp-content\/uploads\/2022\/04\/Banner-Mail-AJB-2022.jpg\"><img loading=\"lazy\" decoding=\"async\" width=\"1024\" height=\"288\" src=\"https:\/\/www.elsindical.com.ar\/notas\/var\/www\/html\/notas\/wp-content\/uploads\/2022\/04\/Banner-Mail-AJB-2022-1024x288.jpg\" alt=\"\" class=\"wp-image-112668\" srcset=\"https:\/\/www.elsindical.com.ar\/notas\/var\/www\/html\/notas\/wp-content\/uploads\/2022\/04\/Banner-Mail-AJB-2022-1024x288.jpg 1024w, https:\/\/www.elsindical.com.ar\/notas\/var\/www\/html\/notas\/wp-content\/uploads\/2022\/04\/Banner-Mail-AJB-2022-300x85.jpg 300w, https:\/\/www.elsindical.com.ar\/notas\/var\/www\/html\/notas\/wp-content\/uploads\/2022\/04\/Banner-Mail-AJB-2022-768x216.jpg 768w, https:\/\/www.elsindical.com.ar\/notas\/var\/www\/html\/notas\/wp-content\/uploads\/2022\/04\/Banner-Mail-AJB-2022-500x141.jpg 500w, https:\/\/www.elsindical.com.ar\/notas\/var\/www\/html\/notas\/wp-content\/uploads\/2022\/04\/Banner-Mail-AJB-2022.jpg 1200w\" sizes=\"auto, (max-width: 1024px) 100vw, 1024px\" \/><\/a><\/figure>\n\n\n\n<p class=\"wp-block-paragraph\"><strong>Ayer mediante la resoluci\u00f3n de la Suprema Corte N\u00b0 417\/22, se logr\u00f3 el pase a planta permanente de las y los trabajadores temporarios. Otro gran logro del gremio que pelea por mejorar las condiciones de trabajo de las y los judiciales.<\/strong><\/p>\n\n\n\n<p class=\"wp-block-paragraph\">En el marco de los reclamos que llev\u00f3 el gremio a la mesa de negociaci\u00f3n paritaria a comienzo de a\u00f1o,&nbsp; se logr\u00f3&nbsp;el pase a planta permanente de las y los trabajadores judiciales que hasta la actualidad se encontraban en planta temporaria.<\/p>\n\n\n\n<p class=\"wp-block-paragraph\">Mediante la resoluci\u00f3n de la Suprema Corte N\u00b0 417\/22&nbsp; se materializ\u00f3 un largo y continuado reclamo realizado por la AJB que dar\u00e1 tranquilidad y previsibilidad a la carrera judicial de muchas y muchos judiciales, principalmente del sector de Intendencia de distintas departamentales. De esta manera, pasan en forma definitiva a integrarse a la planta permanente del Poder Judicial.<\/p>\n\n\n\n<p class=\"wp-block-paragraph\">\u201cEste es un important\u00edsimo logro producto de la lucha organizada y colectiva del gremio, que nos llena de alegr\u00eda y nos da energ\u00edas para seguir luchando juntos por todos los derechos que nos faltan\u201d, destacaron desde la AJB.<\/p>\n","protected":false},"excerpt":{"rendered":"<p>Ayer mediante la resoluci\u00f3n de la Suprema Corte N\u00b0 417\/22, se logr\u00f3 el pase a planta permanente de las y los trabajadores temporarios. Otro gran logro del gremio que pelea por mejorar las condiciones de trabajo de las y los judiciales. En el marco de los reclamos que llev\u00f3 el gremio a la mesa de&hellip;<\/p>\n","protected":false},"author":1,"featured_media":112668,"comment_status":"open","ping_status":"open","sticky":false,"template":"","format":"standard","meta":{"footnotes":""},"categories":[16],"tags":[4626,2450,2107,28483,2605],"class_list":["post-112667","post","type-post","status-publish","format-standard","has-post-thumbnail","hentry","category-gremiales","tag-ajb","tag-diario-el-sindical","tag-paritarias","tag-planta-permanente","tag-redes-sociales"],"_links":{"self":[{"href":"https:\/\/www.elsindical.com.ar\/notas\/wp-json\/wp\/v2\/posts\/112667","targetHints":{"allow":["GET"]}}],"collection":[{"href":"https:\/\/www.elsindical.com.ar\/notas\/wp-json\/wp\/v2\/posts"}],"about":[{"href":"https:\/\/www.elsindical.com.ar\/notas\/wp-json\/wp\/v2\/types\/post"}],"author":[{"embeddable":true,"href":"https:\/\/www.elsindical.com.ar\/notas\/wp-json\/wp\/v2\/users\/1"}],"replies":[{"embeddable":true,"href":"https:\/\/www.elsindical.com.ar\/notas\/wp-json\/wp\/v2\/comments?post=112667"}],"version-history":[{"count":1,"href":"https:\/\/www.elsindical.com.ar\/notas\/wp-json\/wp\/v2\/posts\/112667\/revisions"}],"predecessor-version":[{"id":112669,"href":"https:\/\/www.elsindical.com.ar\/notas\/wp-json\/wp\/v2\/posts\/112667\/revisions\/112669"}],"wp:featuredmedia":[{"embeddable":true,"href":"https:\/\/www.elsindical.com.ar\/notas\/wp-json\/wp\/v2\/media\/112668"}],"wp:attachment":[{"href":"https:\/\/www.elsindical.com.ar\/notas\/wp-json\/wp\/v2\/media?parent=112667"}],"wp:term":[{"taxonomy":"category","embeddable":true,"href":"https:\/\/www.elsindical.com.ar\/notas\/wp-json\/wp\/v2\/categories?post=112667"},{"taxonomy":"post_tag","embeddable":true,"href":"https:\/\/www.elsindical.com.ar\/notas\/wp-json\/wp\/v2\/tags?post=112667"}],"curies":[{"name":"wp","href":"https:\/\/api.w.org\/{rel}","templated":true}]}}