{"id":112649,"date":"2022-04-06T10:43:08","date_gmt":"2022-04-06T13:43:08","guid":{"rendered":"https:\/\/www.elsindical.com.ar\/notas\/?p=112649"},"modified":"2022-04-06T10:43:09","modified_gmt":"2022-04-06T13:43:09","slug":"avellaneda-denuncian-ola-de-robos-en-centrica-esquina-a-mujeres-y-adolescentes","status":"publish","type":"post","link":"https:\/\/www.elsindical.com.ar\/notas\/avellaneda-denuncian-ola-de-robos-en-centrica-esquina-a-mujeres-y-adolescentes\/","title":{"rendered":"Avellaneda: Denuncian ola de robos en c\u00e9ntrica esquina a mujeres y adolescentes"},"content":{"rendered":"\n<div class=\"wp-block-image\"><figure class=\"aligncenter size-full\"><a href=\"https:\/\/www.elsindical.com.ar\/notas\/var\/www\/html\/notas\/wp-content\/uploads\/2022\/04\/Mitre-y-12-de-octubre.jpg\"><img loading=\"lazy\" decoding=\"async\" width=\"850\" height=\"504\" src=\"https:\/\/www.elsindical.com.ar\/notas\/var\/www\/html\/notas\/wp-content\/uploads\/2022\/04\/Mitre-y-12-de-octubre.jpg\" alt=\"\" class=\"wp-image-112650\" srcset=\"https:\/\/www.elsindical.com.ar\/notas\/var\/www\/html\/notas\/wp-content\/uploads\/2022\/04\/Mitre-y-12-de-octubre.jpg 850w, https:\/\/www.elsindical.com.ar\/notas\/var\/www\/html\/notas\/wp-content\/uploads\/2022\/04\/Mitre-y-12-de-octubre-300x178.jpg 300w, https:\/\/www.elsindical.com.ar\/notas\/var\/www\/html\/notas\/wp-content\/uploads\/2022\/04\/Mitre-y-12-de-octubre-768x455.jpg 768w, https:\/\/www.elsindical.com.ar\/notas\/var\/www\/html\/notas\/wp-content\/uploads\/2022\/04\/Mitre-y-12-de-octubre-500x296.jpg 500w\" sizes=\"auto, (max-width: 850px) 100vw, 850px\" \/><\/a><\/figure><\/div>\n\n\n\n<p>   Varias denuncias han comenzado a circular por las redes sociales donde se repiten robos en la modalidad motochorros a mujeres y adolescentes en la intersecci\u00f3n de las calles Av. Mitre y 12 de octubre de Avellaneda Centro.<\/p>\n\n\n\n<p>Los robos se dan principalmente en los horarios pico donde circulan m\u00e1s personas y se juntan en las paradas de colectivos, los delincuentes suelen huir por la calle Florentino Ameghino o continuar por 12 de octubre hasta Roca y luego en direcci\u00f3n a Villa Tranquila.<\/p>\n\n\n\n<p>Se sabe y desde hace a\u00f1os que los delincuentes que roban en la zona o bien viven en Villa Tranquila o huyen hacia ella, pero curiosamente el container que la Polic\u00eda Local tiene en el lugar con dos efectivos policiales, siempre se encuentra con la puerta cerrada y las dos polic\u00edas tomando mate en su interior.<\/p>\n\n\n\n<figure class=\"wp-block-image size-full\"><a href=\"https:\/\/www.elsindical.com.ar\/notas\/var\/www\/html\/notas\/wp-content\/uploads\/2022\/04\/Roca-y-12-de-octubre-destacamento-policial.jpg\"><img loading=\"lazy\" decoding=\"async\" width=\"897\" height=\"691\" src=\"https:\/\/www.elsindical.com.ar\/notas\/var\/www\/html\/notas\/wp-content\/uploads\/2022\/04\/Roca-y-12-de-octubre-destacamento-policial.jpg\" alt=\"\" class=\"wp-image-112651\" srcset=\"https:\/\/www.elsindical.com.ar\/notas\/var\/www\/html\/notas\/wp-content\/uploads\/2022\/04\/Roca-y-12-de-octubre-destacamento-policial.jpg 897w, https:\/\/www.elsindical.com.ar\/notas\/var\/www\/html\/notas\/wp-content\/uploads\/2022\/04\/Roca-y-12-de-octubre-destacamento-policial-300x231.jpg 300w, https:\/\/www.elsindical.com.ar\/notas\/var\/www\/html\/notas\/wp-content\/uploads\/2022\/04\/Roca-y-12-de-octubre-destacamento-policial-768x592.jpg 768w, https:\/\/www.elsindical.com.ar\/notas\/var\/www\/html\/notas\/wp-content\/uploads\/2022\/04\/Roca-y-12-de-octubre-destacamento-policial-389x300.jpg 389w\" sizes=\"auto, (max-width: 897px) 100vw, 897px\" \/><\/a><\/figure>\n\n\n\n<p>Esos efectivos dependen en Avellaneda del Comisario Herrera y del Jefe de Estaci\u00f3n Comisario Mayor Gregorio Mart\u00ednez, otros responsables directos son el secretario de seguridad de Avellaneda Marcelo Rey, un funcionario incompetente que tiene m\u00e1s denuncias que m\u00e9ritos, pero es sostenido por el intendente Chornobroff y la protecci\u00f3n de Ferraresi y Magdalena Sierra.<\/p>\n\n\n\n<figure class=\"wp-block-image size-large\"><a href=\"https:\/\/www.elsindical.com.ar\/notas\/var\/www\/html\/notas\/wp-content\/uploads\/2022\/04\/Martinez-Sierra-Rey-y-Herrera.jpg\"><img loading=\"lazy\" decoding=\"async\" width=\"1024\" height=\"683\" src=\"https:\/\/www.elsindical.com.ar\/notas\/var\/www\/html\/notas\/wp-content\/uploads\/2022\/04\/Martinez-Sierra-Rey-y-Herrera-1024x683.jpg\" alt=\"\" class=\"wp-image-112652\" srcset=\"https:\/\/www.elsindical.com.ar\/notas\/var\/www\/html\/notas\/wp-content\/uploads\/2022\/04\/Martinez-Sierra-Rey-y-Herrera-1024x683.jpg 1024w, https:\/\/www.elsindical.com.ar\/notas\/var\/www\/html\/notas\/wp-content\/uploads\/2022\/04\/Martinez-Sierra-Rey-y-Herrera-300x200.jpg 300w, https:\/\/www.elsindical.com.ar\/notas\/var\/www\/html\/notas\/wp-content\/uploads\/2022\/04\/Martinez-Sierra-Rey-y-Herrera-768x512.jpg 768w, https:\/\/www.elsindical.com.ar\/notas\/var\/www\/html\/notas\/wp-content\/uploads\/2022\/04\/Martinez-Sierra-Rey-y-Herrera-450x300.jpg 450w, https:\/\/www.elsindical.com.ar\/notas\/var\/www\/html\/notas\/wp-content\/uploads\/2022\/04\/Martinez-Sierra-Rey-y-Herrera.jpg 1440w\" sizes=\"auto, (max-width: 1024px) 100vw, 1024px\" \/><\/a><\/figure>\n","protected":false},"excerpt":{"rendered":"<p>Varias denuncias han comenzado a circular por las redes sociales donde se repiten robos en la modalidad motochorros a mujeres y adolescentes en la intersecci\u00f3n de las calles Av. Mitre y 12 de octubre de Avellaneda Centro. Los robos se dan principalmente en los horarios pico donde circulan m\u00e1s personas y se juntan en las&hellip;<\/p>\n","protected":false},"author":1,"featured_media":112650,"comment_status":"open","ping_status":"open","sticky":false,"template":"","format":"standard","meta":{"footnotes":""},"categories":[6,22],"tags":[30014,461,36909,34470,22020,2450,16519,21958,308,21009,22030,1796],"class_list":["post-112649","post","type-post","status-publish","format-standard","has-post-thumbnail","hentry","category-denuncias","category-policiales","tag-alejo-chornobroff","tag-avellaneda","tag-comisario-herrera","tag-comisario-mayor-gregorio-martinez","tag-denuncias","tag-diario-el-sindical","tag-magdalena-sierra","tag-marcelo-rey","tag-motochorros","tag-policia-local","tag-policiales","tag-villa-tranquila"],"_links":{"self":[{"href":"https:\/\/www.elsindical.com.ar\/notas\/wp-json\/wp\/v2\/posts\/112649","targetHints":{"allow":["GET"]}}],"collection":[{"href":"https:\/\/www.elsindical.com.ar\/notas\/wp-json\/wp\/v2\/posts"}],"about":[{"href":"https:\/\/www.elsindical.com.ar\/notas\/wp-json\/wp\/v2\/types\/post"}],"author":[{"embeddable":true,"href":"https:\/\/www.elsindical.com.ar\/notas\/wp-json\/wp\/v2\/users\/1"}],"replies":[{"embeddable":true,"href":"https:\/\/www.elsindical.com.ar\/notas\/wp-json\/wp\/v2\/comments?post=112649"}],"version-history":[{"count":1,"href":"https:\/\/www.elsindical.com.ar\/notas\/wp-json\/wp\/v2\/posts\/112649\/revisions"}],"predecessor-version":[{"id":112653,"href":"https:\/\/www.elsindical.com.ar\/notas\/wp-json\/wp\/v2\/posts\/112649\/revisions\/112653"}],"wp:featuredmedia":[{"embeddable":true,"href":"https:\/\/www.elsindical.com.ar\/notas\/wp-json\/wp\/v2\/media\/112650"}],"wp:attachment":[{"href":"https:\/\/www.elsindical.com.ar\/notas\/wp-json\/wp\/v2\/media?parent=112649"}],"wp:term":[{"taxonomy":"category","embeddable":true,"href":"https:\/\/www.elsindical.com.ar\/notas\/wp-json\/wp\/v2\/categories?post=112649"},{"taxonomy":"post_tag","embeddable":true,"href":"https:\/\/www.elsindical.com.ar\/notas\/wp-json\/wp\/v2\/tags?post=112649"}],"curies":[{"name":"wp","href":"https:\/\/api.w.org\/{rel}","templated":true}]}}