{"id":112615,"date":"2022-04-05T00:01:36","date_gmt":"2022-04-05T03:01:36","guid":{"rendered":"https:\/\/www.elsindical.com.ar\/notas\/?p=112615"},"modified":"2022-04-05T00:01:37","modified_gmt":"2022-04-05T03:01:37","slug":"el-museo-sitio-de-memoria-esma-tiene-nueva-directora","status":"publish","type":"post","link":"https:\/\/www.elsindical.com.ar\/notas\/el-museo-sitio-de-memoria-esma-tiene-nueva-directora\/","title":{"rendered":"El Museo Sitio de Memoria ESMA tiene nueva directora"},"content":{"rendered":"\n<div class=\"wp-block-image\"><figure class=\"aligncenter size-large\"><a href=\"https:\/\/www.elsindical.com.ar\/notas\/var\/www\/html\/notas\/wp-content\/uploads\/2022\/04\/Mayki-Gorosito.jpg\"><img loading=\"lazy\" decoding=\"async\" width=\"1024\" height=\"568\" src=\"https:\/\/www.elsindical.com.ar\/notas\/var\/www\/html\/notas\/wp-content\/uploads\/2022\/04\/Mayki-Gorosito-1024x568.jpg\" alt=\"\" class=\"wp-image-112616\" srcset=\"https:\/\/www.elsindical.com.ar\/notas\/var\/www\/html\/notas\/wp-content\/uploads\/2022\/04\/Mayki-Gorosito-1024x568.jpg 1024w, https:\/\/www.elsindical.com.ar\/notas\/var\/www\/html\/notas\/wp-content\/uploads\/2022\/04\/Mayki-Gorosito-300x166.jpg 300w, https:\/\/www.elsindical.com.ar\/notas\/var\/www\/html\/notas\/wp-content\/uploads\/2022\/04\/Mayki-Gorosito-768x426.jpg 768w, https:\/\/www.elsindical.com.ar\/notas\/var\/www\/html\/notas\/wp-content\/uploads\/2022\/04\/Mayki-Gorosito-500x277.jpg 500w, https:\/\/www.elsindical.com.ar\/notas\/var\/www\/html\/notas\/wp-content\/uploads\/2022\/04\/Mayki-Gorosito.jpg 1030w\" sizes=\"auto, (max-width: 1024px) 100vw, 1024px\" \/><\/a><\/figure><\/div>\n\n\n\n<p class=\"wp-block-paragraph\"><em>Se trata de Mayki Gorosito, quien desde 2019 ven\u00eda desempe\u00f1\u00e1ndose como Coordinadora de Cooperaci\u00f3n Internacional de la candidatura del Museo a la Lista del Patrimonio Mundial de la Unesco.<br><br>La Secretar\u00eda de Derechos Humanos de la Naci\u00f3n anunci\u00f3 el nombramiento de Gorosito al frente del Museo Sitio de Memoria ESMA. La flamante directora ejecutiva reemplazar\u00e1 a Alejandra Naftal, responsable de una destacada gesti\u00f3n marcada por una agenda de actividades educativas y culturales abiertas al p\u00fablico e impulsora de la candidatura del Museo a Lista del Patrimonio Mundial de la Unesco.\u00a0<br><br>La nueva directora tendr\u00e1 a su cargo la continuidad de esta iniciativa, que busca dar visibilidad internacional a los cr\u00edmenes de lesa humanidad cometidos por la dictadura c\u00edvico-militar que gobern\u00f3 la Argentina entre 1976 y 1983, y al proceso de justicia ejemplar logrado por nuestra democracia gracias a la lucha encabezada por los organismos de Derechos Humanos.<br><br>Profesora y Licenciada en Ciencias de la Educaci\u00f3n \u00a0y experta en cooperaci\u00f3n internacional e integraci\u00f3n regional latinoamericana, Mayki Gorosito ha sido docente universitaria e investigadora, y se ha desempe\u00f1ado como Directora General de Relaciones Internacionales del Gobierno de la Ciudad Aut\u00f3noma de Buenos Aires y del Municipio de Mor\u00f3n.\u00a0<br><br>Tambi\u00e9n fue asesora externa en cooperaci\u00f3n internacional e integraci\u00f3n regional de la Intendencia Departamental de Canelones, Rep\u00fablica Oriental del Uruguay, y responsable \u00a0de la formulaci\u00f3n y ejecuci\u00f3n de m\u00faltiples proyectos de cooperaci\u00f3n internacional.<br>Entre los cargos desempe\u00f1ados, tambi\u00e9n tuvo a su cargo la coordinaci\u00f3n de la Secretar\u00eda Ejecutiva de Mercociudades \u00a0(per\u00edodos 2004-05 y 2006-08), y particip\u00f3 en la instalaci\u00f3n del Foro Consultivo de Municipios, Estados Federados, Provincias y Departamentos del MERCOSUR. Asimismo, capacit\u00f3 en temas de internacionalizaci\u00f3n de ciudades y cooperaci\u00f3n descentralizada a cuadros gubernamentales en Argentina, Uruguay y Paraguay, y fue \u00a0miembro del equipo de conducci\u00f3n que puso en funcionamiento la Unidad de Apoyo a la Participaci\u00f3n Social del MERCOSUR.<br><br>Cabe destacar que Gorosito es fundadora y Presidenta de la Asociaci\u00f3n Civil INCIDIR: Iniciativas para la Cooperaci\u00f3n Internacional, el Desarrollo y la Integraci\u00f3n Regional, y ha participado en conferencias y disertaciones y es autora de diversos art\u00edculos sobre participaci\u00f3n de entidades subnacionales, y participaci\u00f3n social en los procesos de integraci\u00f3n sub regional. Adem\u00e1s fue coordinadora del Libro \u00abLa participaci\u00f3n Social en el MERCOSUR del Siglo XXI, legitimidad social en los procesos de integraci\u00f3n\u00bb<\/em><br>\u00a0<\/p>\n","protected":false},"excerpt":{"rendered":"<p>Se trata de Mayki Gorosito, quien desde 2019 ven\u00eda desempe\u00f1\u00e1ndose como Coordinadora de Cooperaci\u00f3n Internacional de la candidatura del Museo a la Lista del Patrimonio Mundial de la Unesco. La Secretar\u00eda de Derechos Humanos de la Naci\u00f3n anunci\u00f3 el nombramiento de Gorosito al frente del Museo Sitio de Memoria ESMA. La flamante directora ejecutiva reemplazar\u00e1&hellip;<\/p>\n","protected":false},"author":1,"featured_media":112616,"comment_status":"open","ping_status":"open","sticky":false,"template":"","format":"standard","meta":{"footnotes":""},"categories":[8,13],"tags":[1765,2450,1683,36898,36260,36259],"class_list":["post-112615","post","type-post","status-publish","format-standard","has-post-thumbnail","hentry","category-derechos-humanos","category-politica","tag-ddhh","tag-diario-el-sindical","tag-directora","tag-mayki-gorosito","tag-museo-sitio-de-la-memoria-esma","tag-patrimonio-mundial-de-la-unesco"],"_links":{"self":[{"href":"https:\/\/www.elsindical.com.ar\/notas\/wp-json\/wp\/v2\/posts\/112615","targetHints":{"allow":["GET"]}}],"collection":[{"href":"https:\/\/www.elsindical.com.ar\/notas\/wp-json\/wp\/v2\/posts"}],"about":[{"href":"https:\/\/www.elsindical.com.ar\/notas\/wp-json\/wp\/v2\/types\/post"}],"author":[{"embeddable":true,"href":"https:\/\/www.elsindical.com.ar\/notas\/wp-json\/wp\/v2\/users\/1"}],"replies":[{"embeddable":true,"href":"https:\/\/www.elsindical.com.ar\/notas\/wp-json\/wp\/v2\/comments?post=112615"}],"version-history":[{"count":1,"href":"https:\/\/www.elsindical.com.ar\/notas\/wp-json\/wp\/v2\/posts\/112615\/revisions"}],"predecessor-version":[{"id":112617,"href":"https:\/\/www.elsindical.com.ar\/notas\/wp-json\/wp\/v2\/posts\/112615\/revisions\/112617"}],"wp:featuredmedia":[{"embeddable":true,"href":"https:\/\/www.elsindical.com.ar\/notas\/wp-json\/wp\/v2\/media\/112616"}],"wp:attachment":[{"href":"https:\/\/www.elsindical.com.ar\/notas\/wp-json\/wp\/v2\/media?parent=112615"}],"wp:term":[{"taxonomy":"category","embeddable":true,"href":"https:\/\/www.elsindical.com.ar\/notas\/wp-json\/wp\/v2\/categories?post=112615"},{"taxonomy":"post_tag","embeddable":true,"href":"https:\/\/www.elsindical.com.ar\/notas\/wp-json\/wp\/v2\/tags?post=112615"}],"curies":[{"name":"wp","href":"https:\/\/api.w.org\/{rel}","templated":true}]}}