{"id":112606,"date":"2022-04-04T11:28:16","date_gmt":"2022-04-04T14:28:16","guid":{"rendered":"https:\/\/www.elsindical.com.ar\/notas\/?p=112606"},"modified":"2022-04-04T11:28:18","modified_gmt":"2022-04-04T14:28:18","slug":"republica-dominicana-detuvieron-a-leonardo-cositorto-por-estafas-y-asociacion-ilicita","status":"publish","type":"post","link":"https:\/\/www.elsindical.com.ar\/notas\/republica-dominicana-detuvieron-a-leonardo-cositorto-por-estafas-y-asociacion-ilicita\/","title":{"rendered":"Rep\u00fablica Dominicana: Detuvieron a Leonardo Cositorto por estafas y asociaci\u00f3n il\u00edcita"},"content":{"rendered":"\n<div class=\"wp-block-image\"><figure class=\"aligncenter size-full is-resized\"><a href=\"https:\/\/www.elsindical.com.ar\/notas\/var\/www\/html\/notas\/wp-content\/uploads\/2022\/04\/Cositorto-Martiniano-Molina-y-Cristian-Ritondo.png\"><img loading=\"lazy\" decoding=\"async\" src=\"https:\/\/www.elsindical.com.ar\/notas\/var\/www\/html\/notas\/wp-content\/uploads\/2022\/04\/Cositorto-Martiniano-Molina-y-Cristian-Ritondo.png\" alt=\"\" class=\"wp-image-112607\" width=\"677\" height=\"585\" srcset=\"https:\/\/www.elsindical.com.ar\/notas\/var\/www\/html\/notas\/wp-content\/uploads\/2022\/04\/Cositorto-Martiniano-Molina-y-Cristian-Ritondo.png 535w, https:\/\/www.elsindical.com.ar\/notas\/var\/www\/html\/notas\/wp-content\/uploads\/2022\/04\/Cositorto-Martiniano-Molina-y-Cristian-Ritondo-300x259.png 300w, https:\/\/www.elsindical.com.ar\/notas\/var\/www\/html\/notas\/wp-content\/uploads\/2022\/04\/Cositorto-Martiniano-Molina-y-Cristian-Ritondo-347x300.png 347w\" sizes=\"auto, (max-width: 677px) 100vw, 677px\" \/><\/a><\/figure><\/div>\n\n\n\n<p>Fue arrestado en un barrio privado en Rep\u00fablica Dominicana. Su mano derecha en la organizaci\u00f3n hab\u00eda sido interceptado en Ezeiza por Interpol tras regresar de Francia.<\/p>\n\n\n\n<p>El CEO de Generaci\u00f3n Zoe, Leonardo Cositorto, fue detenido por Interpol durante la madrugada en un barrio privado de Rep\u00fablica Dominicana en la causa por crear una organizaci\u00f3n que realiz\u00f3 estafas piramidales. Tambi\u00e9n deber\u00e1 enfrentar casos por asociaci\u00f3n il\u00edcita y lavado de dinero.<\/p>\n\n\n\n<p>En la causa, hay 23 detenidos que interven\u00edan con diferentes cargos en la empresa que mont\u00f3 <strong>Leonardo Cositorto<\/strong>. El ex juez porte\u00f1o H\u00e9ctor Luis Yrimia permanece pr\u00f3fugo ya que la Justicia sostiene que fue asesor jur\u00eddico de Generaci\u00f3n Zoe, la organizaci\u00f3n acusada de cometer un megafraude financiero.<\/p>\n\n\n\n<p>Leonardo Cositorto afronta dos causas judiciales: una por estafa y asociaci\u00f3n il\u00edcita en la Justicia de C\u00f3rdoba y otra por lavado de dinero que instruye el juez federal Ariel Lijo.<\/p>\n\n\n\n<p>\u201c<strong>Cositorto enga\u00f1aba a las personas para que invirtieran en un proyecto financiero inviable<\/strong>\u201d, se\u00f1al\u00f3 a TN la fiscal de Villa Mar\u00eda, Juliana Companys.<\/p>\n\n\n\n<p>Con la detenci\u00f3n del pr\u00f3fugo empresario, ahora se espera que la justicia llegue a fondo respecto de los v\u00ednculos pol\u00edticos que habr\u00edan ayudado a Cositorto durante su fraudulento paso como empresario.<\/p>\n\n\n\n<div class=\"wp-block-image\"><figure class=\"aligncenter size-large\"><a href=\"https:\/\/www.elsindical.com.ar\/notas\/var\/www\/html\/notas\/wp-content\/uploads\/2022\/04\/Cositorto-detenido.jpg\"><img loading=\"lazy\" decoding=\"async\" width=\"990\" height=\"1024\" src=\"https:\/\/www.elsindical.com.ar\/notas\/var\/www\/html\/notas\/wp-content\/uploads\/2022\/04\/Cositorto-detenido-990x1024.jpg\" alt=\"\" class=\"wp-image-112608\" srcset=\"https:\/\/www.elsindical.com.ar\/notas\/var\/www\/html\/notas\/wp-content\/uploads\/2022\/04\/Cositorto-detenido-990x1024.jpg 990w, https:\/\/www.elsindical.com.ar\/notas\/var\/www\/html\/notas\/wp-content\/uploads\/2022\/04\/Cositorto-detenido-290x300.jpg 290w, https:\/\/www.elsindical.com.ar\/notas\/var\/www\/html\/notas\/wp-content\/uploads\/2022\/04\/Cositorto-detenido-768x795.jpg 768w, https:\/\/www.elsindical.com.ar\/notas\/var\/www\/html\/notas\/wp-content\/uploads\/2022\/04\/Cositorto-detenido.jpg 1440w\" sizes=\"auto, (max-width: 990px) 100vw, 990px\" \/><\/a><\/figure><\/div>\n","protected":false},"excerpt":{"rendered":"<p>Fue arrestado en un barrio privado en Rep\u00fablica Dominicana. Su mano derecha en la organizaci\u00f3n hab\u00eda sido interceptado en Ezeiza por Interpol tras regresar de Francia. El CEO de Generaci\u00f3n Zoe, Leonardo Cositorto, fue detenido por Interpol durante la madrugada en un barrio privado de Rep\u00fablica Dominicana en la causa por crear una organizaci\u00f3n que&hellip;<\/p>\n","protected":false},"author":1,"featured_media":112607,"comment_status":"open","ping_status":"open","sticky":false,"template":"","format":"standard","meta":{"footnotes":""},"categories":[18,22],"tags":[153,2450,2704,36897,36550,36551,658,1789,2488],"class_list":["post-112606","post","type-post","status-publish","format-standard","has-post-thumbnail","hentry","category-internacionales","category-policiales","tag-cordoba","tag-diario-el-sindical","tag-estafas","tag-fiscal-juliana-companys","tag-generacion-zoe","tag-leonardo-cositorto","tag-profugo","tag-republica-dominicana","tag-villa-maria"],"_links":{"self":[{"href":"https:\/\/www.elsindical.com.ar\/notas\/wp-json\/wp\/v2\/posts\/112606","targetHints":{"allow":["GET"]}}],"collection":[{"href":"https:\/\/www.elsindical.com.ar\/notas\/wp-json\/wp\/v2\/posts"}],"about":[{"href":"https:\/\/www.elsindical.com.ar\/notas\/wp-json\/wp\/v2\/types\/post"}],"author":[{"embeddable":true,"href":"https:\/\/www.elsindical.com.ar\/notas\/wp-json\/wp\/v2\/users\/1"}],"replies":[{"embeddable":true,"href":"https:\/\/www.elsindical.com.ar\/notas\/wp-json\/wp\/v2\/comments?post=112606"}],"version-history":[{"count":1,"href":"https:\/\/www.elsindical.com.ar\/notas\/wp-json\/wp\/v2\/posts\/112606\/revisions"}],"predecessor-version":[{"id":112609,"href":"https:\/\/www.elsindical.com.ar\/notas\/wp-json\/wp\/v2\/posts\/112606\/revisions\/112609"}],"wp:featuredmedia":[{"embeddable":true,"href":"https:\/\/www.elsindical.com.ar\/notas\/wp-json\/wp\/v2\/media\/112607"}],"wp:attachment":[{"href":"https:\/\/www.elsindical.com.ar\/notas\/wp-json\/wp\/v2\/media?parent=112606"}],"wp:term":[{"taxonomy":"category","embeddable":true,"href":"https:\/\/www.elsindical.com.ar\/notas\/wp-json\/wp\/v2\/categories?post=112606"},{"taxonomy":"post_tag","embeddable":true,"href":"https:\/\/www.elsindical.com.ar\/notas\/wp-json\/wp\/v2\/tags?post=112606"}],"curies":[{"name":"wp","href":"https:\/\/api.w.org\/{rel}","templated":true}]}}