{"id":11255,"date":"2010-12-10T00:25:27","date_gmt":"2010-12-10T03:25:27","guid":{"rendered":"http:\/\/www.elsindical.com.ar\/notas\/?p=11255"},"modified":"2010-12-10T00:25:27","modified_gmt":"2010-12-10T03:25:27","slug":"el-ministro-de-seguridad-porteno-confirmo-la-existencia-de-un-tercer-muerto-en-villa-soldati","status":"publish","type":"post","link":"https:\/\/www.elsindical.com.ar\/notas\/el-ministro-de-seguridad-porteno-confirmo-la-existencia-de-un-tercer-muerto-en-villa-soldati\/","title":{"rendered":"El ministro de Seguridad porte\u00f1o confirm\u00f3 la existencia de un tercer muerto en Villa Soldati"},"content":{"rendered":"<p style=\"text-align: justify;\"><em><a href=\"http:\/\/www.elsindical.com.ar\/notas\/var\/www\/html\/notas\/wp-content\/uploads\/2009\/11\/Guillermo-Montenegro1.jpg\"><img loading=\"lazy\" decoding=\"async\" class=\"alignleft size-full wp-image-1858\" title=\"Guillermo-Montenegro\" src=\"http:\/\/www.elsindical.com.ar\/notas\/var\/www\/html\/notas\/wp-content\/uploads\/2009\/11\/Guillermo-Montenegro1.jpg\" alt=\"\" width=\"283\" height=\"180\" \/><\/a>Montenegro confirm\u00f3 que una tercera persona fallecida fue abandonada en la puerta del Hospital Pi\u00f1ero, en la calle Varela al 1300, en el bajo Flores.<\/em><\/p>\n<p style=\"text-align: justify;\">El ministro de Seguridad de la Ciudad de Buenos Aires confirm\u00f3 la existencia de una tercera persona fallecida, al parecer en los enfrentamientos entre vecinos en la zona de Villa Soldati, en esta capital.<\/p>\n<p>En declaraciones a un canal de noticias, Montenegro confirm\u00f3 que una tercera persona fallecida fue abandonada en la puerta del Hospital Pi\u00f1ero, en la calle Varela al 1300, en el bajo Flores.<\/p>\n<p>El funcionario no pudo confirmar si se trata de una persona muerta en los disturbios de esta tarde, pero sum\u00f3 ese deceso a los tres heridos de bala que tiene asentados el gobierno porte\u00f1o.<\/p>\n","protected":false},"excerpt":{"rendered":"<p>Montenegro confirm\u00f3 que una tercera persona fallecida fue abandonada en la puerta del Hospital Pi\u00f1ero, en la calle Varela al 1300, en el bajo Flores. El ministro de Seguridad de la Ciudad de Buenos Aires confirm\u00f3 la existencia de una tercera persona fallecida, al parecer en los enfrentamientos entre vecinos en la zona de Villa&hellip;<\/p>\n","protected":false},"author":1,"featured_media":0,"comment_status":"open","ping_status":"open","sticky":false,"template":"","format":"standard","meta":{"footnotes":""},"categories":[13],"tags":[388,673,3316,1838,30,5315],"class_list":["post-11255","post","type-post","status-publish","format-standard","hentry","category-politica","tag-disparo","tag-guillermo-montenegro","tag-hospital-pinero","tag-muerto","tag-policia","tag-villa-soldati"],"_links":{"self":[{"href":"https:\/\/www.elsindical.com.ar\/notas\/wp-json\/wp\/v2\/posts\/11255","targetHints":{"allow":["GET"]}}],"collection":[{"href":"https:\/\/www.elsindical.com.ar\/notas\/wp-json\/wp\/v2\/posts"}],"about":[{"href":"https:\/\/www.elsindical.com.ar\/notas\/wp-json\/wp\/v2\/types\/post"}],"author":[{"embeddable":true,"href":"https:\/\/www.elsindical.com.ar\/notas\/wp-json\/wp\/v2\/users\/1"}],"replies":[{"embeddable":true,"href":"https:\/\/www.elsindical.com.ar\/notas\/wp-json\/wp\/v2\/comments?post=11255"}],"version-history":[{"count":1,"href":"https:\/\/www.elsindical.com.ar\/notas\/wp-json\/wp\/v2\/posts\/11255\/revisions"}],"predecessor-version":[{"id":11256,"href":"https:\/\/www.elsindical.com.ar\/notas\/wp-json\/wp\/v2\/posts\/11255\/revisions\/11256"}],"wp:attachment":[{"href":"https:\/\/www.elsindical.com.ar\/notas\/wp-json\/wp\/v2\/media?parent=11255"}],"wp:term":[{"taxonomy":"category","embeddable":true,"href":"https:\/\/www.elsindical.com.ar\/notas\/wp-json\/wp\/v2\/categories?post=11255"},{"taxonomy":"post_tag","embeddable":true,"href":"https:\/\/www.elsindical.com.ar\/notas\/wp-json\/wp\/v2\/tags?post=11255"}],"curies":[{"name":"wp","href":"https:\/\/api.w.org\/{rel}","templated":true}]}}