{"id":112542,"date":"2022-03-31T00:29:57","date_gmt":"2022-03-31T03:29:57","guid":{"rendered":"https:\/\/www.elsindical.com.ar\/notas\/?p=112542"},"modified":"2022-03-31T00:29:58","modified_gmt":"2022-03-31T03:29:58","slug":"grupos-piqueteros-acampan-hasta-el-viernes-sobre-la-9-de-julio","status":"publish","type":"post","link":"https:\/\/www.elsindical.com.ar\/notas\/grupos-piqueteros-acampan-hasta-el-viernes-sobre-la-9-de-julio\/","title":{"rendered":"Grupos piqueteros acampan hasta el viernes sobre la 9 de Julio"},"content":{"rendered":"\n<figure class=\"wp-block-image size-large\"><a href=\"https:\/\/www.elsindical.com.ar\/notas\/var\/www\/html\/notas\/wp-content\/uploads\/2022\/03\/acampe-piquetero-9-de-julio.jpg\"><img loading=\"lazy\" decoding=\"async\" width=\"1024\" height=\"576\" src=\"https:\/\/www.elsindical.com.ar\/notas\/var\/www\/html\/notas\/wp-content\/uploads\/2022\/03\/acampe-piquetero-9-de-julio-1024x576.jpg\" alt=\"\" class=\"wp-image-112543\" srcset=\"https:\/\/www.elsindical.com.ar\/notas\/var\/www\/html\/notas\/wp-content\/uploads\/2022\/03\/acampe-piquetero-9-de-julio-1024x576.jpg 1024w, https:\/\/www.elsindical.com.ar\/notas\/var\/www\/html\/notas\/wp-content\/uploads\/2022\/03\/acampe-piquetero-9-de-julio-300x169.jpg 300w, https:\/\/www.elsindical.com.ar\/notas\/var\/www\/html\/notas\/wp-content\/uploads\/2022\/03\/acampe-piquetero-9-de-julio-768x432.jpg 768w, https:\/\/www.elsindical.com.ar\/notas\/var\/www\/html\/notas\/wp-content\/uploads\/2022\/03\/acampe-piquetero-9-de-julio-500x281.jpg 500w, https:\/\/www.elsindical.com.ar\/notas\/var\/www\/html\/notas\/wp-content\/uploads\/2022\/03\/acampe-piquetero-9-de-julio-460x260.jpg 460w, https:\/\/www.elsindical.com.ar\/notas\/var\/www\/html\/notas\/wp-content\/uploads\/2022\/03\/acampe-piquetero-9-de-julio.jpg 1280w\" sizes=\"auto, (max-width: 1024px) 100vw, 1024px\" \/><\/a><\/figure>\n\n\n\n<p>Organizaciones sociales opositoras enroladas en diversas tendencias de izquierda nucleadas en Unidad Piquetera iniciaron <strong>un acampe de 48 horas frente a la sede del Ministerio de Desarrollo Social <\/strong>tras el fracaso de las negociaciones entre los l\u00edderes de la protesta y el titular de esa cartera, Juan Zabaleta.<\/p>\n\n\n\n<p>Con diez cuadras de movilizaci\u00f3n sobre la Avenida 9 de Julio desde Chile hasta Avenida de Mayo, el caos de tr\u00e1nsito impera en esa zona en pleno centro porte\u00f1o donde los piqueteros <strong>permanecer\u00e1n hasta el viernes las 13.30<\/strong>. Adem\u00e1s, la protesta se replicar\u00e1 con movilizaciones y cortes de ruta en todo el pa\u00eds.<\/p>\n\n\n\n<p>Los movimientos sociales reclaman <strong>m\u00e1s planes y un amplio abanico de reivindicaciones<\/strong>, y es la segunda manifestaci\u00f3n de este tipo en menos de un mes.<\/p>\n\n\n\n<p>Antes del inicio de la marcha, en puntos como el puente Pueyrred\u00f3n, hubo tensi\u00f3n con la Polic\u00eda, que inicialmente impidi\u00f3 el avance de las columnas en <strong>un operativo que los manifestantes calificaron como \u201crepresivo\u201d <\/strong>y subrayaron que se trataba de una manifestaci\u00f3n pacifica \u201cen medio de una enorme crisis social\u201d<\/p>\n\n\n\n<p>Tras la tensi\u00f3n, los manifestantes lograron avanzar con la marcha hacia la sede del ministerio de Desarrollo Social donde lograron entrevistarse con el Juan Zabaleta<\/p>\n\n\n\n<p>La movilizaci\u00f3n tiene el apoyo de los representantes del <strong>Polo Obrero, MTR-Votamos Luchar, <\/strong>el CUBA-MTR-, el Bloque Piquetero Nacional, la Agrupaci\u00f3n Armando Conciencia y la Organizaci\u00f3n 17 de Noviembre y el Movimiento Territorial (MTL-Rebelde).<\/p>\n\n\n\n<p>Otras agrupaciones como la Coordinadora por el Cambio Social, el Frente de Organizaciones en Lucha (FOL), el Movimiento por los Pueblos, el Movimiento de Unidad Latinoamericana, <strong>Barrios de Pie\/Libres del Sur, el MST Teresa Vive <\/strong>y fracciones del Frente Popular Dar\u00edo Santill\u00e1n (FPDS) tambi\u00e9n integran la protesta.<\/p>\n\n\n\n<p>Hasta el viernes se espera un caos en el centro porte\u00f1o. Es que por el acampe piquetero <strong>estar\u00e1 afectada la zona del Obelisco y en los cruces de la 9 de Julio con las avenidas <\/strong>San Juan, Independencia, Berlgrano y de Mayo.<\/p>\n\n\n\n<p>Zabaleta hab\u00eda recibido el lunes a los dirigentes piqueteros, con quienes acord\u00f3 que \u201cpresentar\u00e1n <strong>un plan de actividades laborales para titulares del Potenciar Trabajo<\/strong>\u201d, mientras la cartera \u201cfinanciar\u00e1 la compra de maquinarias, herramientas e insumos para la producci\u00f3n para fortalecer el trabajo en cooperativas y un refuerzo para las pol\u00edticas\u201d, informaron fuentes oficiales.<\/p>\n\n\n\n<p>Desde Desarrollo Social se confirm\u00f3 que se implementar\u00e1 un \u201c<strong>refuerzo para las pol\u00edticas alimentarias<\/strong>\u201d, aunque descartaron aumentar el cupo de planes.<\/p>\n\n\n\n<p>Al respecto, Gustavo Aguilera, secretario de Articulaci\u00f3n de Pol\u00edtica Social del Ministerio de Desarrollo Social, justific\u00f3 la decisi\u00f3n de no aumentar la cantidad de programas de asistencia: \u201c<strong>Argentina sale adelante con trabajo, no con planes sociales<\/strong>\u201d.<\/p>\n\n\n\n<p>\u201cA pesar de haberlos escuchado, de la presencia del ministro Zabaleta y de ofrecerles soluciones laborales, ellos eligen acampar. Evidentemente <strong>tienen otros intereses y lamentamos que compliquen la vida de quienes salen todos los d\u00edas a trabajar<\/strong>\u201d, subray\u00f3.<\/p>\n","protected":false},"excerpt":{"rendered":"<p>Organizaciones sociales opositoras enroladas en diversas tendencias de izquierda nucleadas en Unidad Piquetera iniciaron un acampe de 48 horas frente a la sede del Ministerio de Desarrollo Social tras el fracaso de las negociaciones entre los l\u00edderes de la protesta y el titular de esa cartera, Juan Zabaleta. Con diez cuadras de movilizaci\u00f3n sobre la&hellip;<\/p>\n","protected":false},"author":1,"featured_media":112543,"comment_status":"open","ping_status":"open","sticky":false,"template":"","format":"standard","meta":{"footnotes":""},"categories":[25],"tags":[36863,2450,36862,665],"class_list":["post-112542","post","type-post","status-publish","format-standard","has-post-thumbnail","hentry","category-sociedad","tag-acampe-9-de-julio","tag-diario-el-sindical","tag-grupos-piqueteros","tag-ministerio-de-desarrollo-social"],"_links":{"self":[{"href":"https:\/\/www.elsindical.com.ar\/notas\/wp-json\/wp\/v2\/posts\/112542","targetHints":{"allow":["GET"]}}],"collection":[{"href":"https:\/\/www.elsindical.com.ar\/notas\/wp-json\/wp\/v2\/posts"}],"about":[{"href":"https:\/\/www.elsindical.com.ar\/notas\/wp-json\/wp\/v2\/types\/post"}],"author":[{"embeddable":true,"href":"https:\/\/www.elsindical.com.ar\/notas\/wp-json\/wp\/v2\/users\/1"}],"replies":[{"embeddable":true,"href":"https:\/\/www.elsindical.com.ar\/notas\/wp-json\/wp\/v2\/comments?post=112542"}],"version-history":[{"count":1,"href":"https:\/\/www.elsindical.com.ar\/notas\/wp-json\/wp\/v2\/posts\/112542\/revisions"}],"predecessor-version":[{"id":112544,"href":"https:\/\/www.elsindical.com.ar\/notas\/wp-json\/wp\/v2\/posts\/112542\/revisions\/112544"}],"wp:featuredmedia":[{"embeddable":true,"href":"https:\/\/www.elsindical.com.ar\/notas\/wp-json\/wp\/v2\/media\/112543"}],"wp:attachment":[{"href":"https:\/\/www.elsindical.com.ar\/notas\/wp-json\/wp\/v2\/media?parent=112542"}],"wp:term":[{"taxonomy":"category","embeddable":true,"href":"https:\/\/www.elsindical.com.ar\/notas\/wp-json\/wp\/v2\/categories?post=112542"},{"taxonomy":"post_tag","embeddable":true,"href":"https:\/\/www.elsindical.com.ar\/notas\/wp-json\/wp\/v2\/tags?post=112542"}],"curies":[{"name":"wp","href":"https:\/\/api.w.org\/{rel}","templated":true}]}}