{"id":112501,"date":"2022-03-29T15:57:20","date_gmt":"2022-03-29T18:57:20","guid":{"rendered":"https:\/\/www.elsindical.com.ar\/notas\/?p=112501"},"modified":"2022-03-29T16:04:40","modified_gmt":"2022-03-29T19:04:40","slug":"hola-buenos-aires","status":"publish","type":"post","link":"https:\/\/www.elsindical.com.ar\/notas\/hola-buenos-aires\/","title":{"rendered":"Hola Buenos Aires"},"content":{"rendered":"\n<figure class=\"wp-block-image size-large\"><a href=\"https:\/\/www.elsindical.com.ar\/notas\/var\/www\/html\/notas\/wp-content\/uploads\/2022\/03\/2022-una-fo-feed-actividades-hola-buenos-aires.jpg\"><img loading=\"lazy\" decoding=\"async\" width=\"1024\" height=\"1024\" src=\"https:\/\/www.elsindical.com.ar\/notas\/var\/www\/html\/notas\/wp-content\/uploads\/2022\/03\/2022-una-fo-feed-actividades-hola-buenos-aires-1024x1024.jpg\" alt=\"\" class=\"wp-image-112502\" srcset=\"https:\/\/www.elsindical.com.ar\/notas\/var\/www\/html\/notas\/wp-content\/uploads\/2022\/03\/2022-una-fo-feed-actividades-hola-buenos-aires-1024x1024.jpg 1024w, https:\/\/www.elsindical.com.ar\/notas\/var\/www\/html\/notas\/wp-content\/uploads\/2022\/03\/2022-una-fo-feed-actividades-hola-buenos-aires-300x300.jpg 300w, https:\/\/www.elsindical.com.ar\/notas\/var\/www\/html\/notas\/wp-content\/uploads\/2022\/03\/2022-una-fo-feed-actividades-hola-buenos-aires-150x150.jpg 150w, https:\/\/www.elsindical.com.ar\/notas\/var\/www\/html\/notas\/wp-content\/uploads\/2022\/03\/2022-una-fo-feed-actividades-hola-buenos-aires-768x768.jpg 768w, https:\/\/www.elsindical.com.ar\/notas\/var\/www\/html\/notas\/wp-content\/uploads\/2022\/03\/2022-una-fo-feed-actividades-hola-buenos-aires-50x50.jpg 50w, https:\/\/www.elsindical.com.ar\/notas\/var\/www\/html\/notas\/wp-content\/uploads\/2022\/03\/2022-una-fo-feed-actividades-hola-buenos-aires.jpg 1200w\" sizes=\"auto, (max-width: 1024px) 100vw, 1024px\" \/><\/a><figcaption><br><br>DEPARTAMENTO DE FOLKLORE \u2013 UNIVERSIDAD NACIONAL DE LAS ARTES<br>Hola Buenos Aires<br><br>Con la direcci\u00f3n de Leo Calvelli y Eugenia Usandivaras, entre el 10 y el 24 de abril se llevar\u00e1 a cabo el proyecto \u201cHola Buenos Aires\u201d coordinado por la asociaci\u00f3n franco argentina Le Tango y la Secretar\u00eda de Extensi\u00f3n Universitaria del Departamento de Folklore de la Universidad Nacional de las Artes.<br><br>En primera instancia, ciudadanos europeos que visitar\u00e1n Buenos Aires por primera vez, participar\u00e1n en conjunto con ciudadanos argentinos en diversas actividades cuyo eje central ser\u00e1n el tango, el folklore y la Ciudad de Buenos Aires. La intenci\u00f3n de este proyecto es que los participantes puedan tener una mirada m\u00e1s completa sobre la cultura popular argentina.<br><br>Las principales actividades consistir\u00e1n en clases de entrenamiento f\u00edsico, tango, milonga y chacarera a cargo de docentes de la UNA. Adem\u00e1s, se realizar\u00e1n visitas a lugares emblem\u00e1ticos como el Teatro Col\u00f3n, Casa Rosada, Estancias, Milongas y Pe\u00f1as, etc. Tambi\u00e9n los y las participantes disfrutar\u00e1n de dos funciones a cargo de la Compa\u00f1\u00eda de Tango y el Ballet Folkl\u00f3rico de la UNA<br><br><br>Para m\u00e1s informaci\u00f3n escribir a : <a href=\"mailto:folklore.rp@una.edu.ar\">folklore.rp@una.edu.ar<\/a><br><a href=\"https:\/\/folklore.una.edu.ar\/\">https:\/\/folklore.una.edu.ar\/<\/a><\/figcaption><\/figure>\n","protected":false},"excerpt":{"rendered":"","protected":false},"author":1,"featured_media":112502,"comment_status":"open","ping_status":"open","sticky":false,"template":"","format":"standard","meta":{"footnotes":""},"categories":[5],"tags":[2550,2450,36849,36847,36848,36245,36211],"class_list":["post-112501","post","type-post","status-publish","format-standard","has-post-thumbnail","hentry","category-cultura","tag-actividad","tag-diario-el-sindical","tag-eugenia-usandivaras","tag-hola-buenos-aires","tag-leo-calvelli","tag-una-folklore","tag-universidad-nacional-de-las-artes"],"_links":{"self":[{"href":"https:\/\/www.elsindical.com.ar\/notas\/wp-json\/wp\/v2\/posts\/112501","targetHints":{"allow":["GET"]}}],"collection":[{"href":"https:\/\/www.elsindical.com.ar\/notas\/wp-json\/wp\/v2\/posts"}],"about":[{"href":"https:\/\/www.elsindical.com.ar\/notas\/wp-json\/wp\/v2\/types\/post"}],"author":[{"embeddable":true,"href":"https:\/\/www.elsindical.com.ar\/notas\/wp-json\/wp\/v2\/users\/1"}],"replies":[{"embeddable":true,"href":"https:\/\/www.elsindical.com.ar\/notas\/wp-json\/wp\/v2\/comments?post=112501"}],"version-history":[{"count":2,"href":"https:\/\/www.elsindical.com.ar\/notas\/wp-json\/wp\/v2\/posts\/112501\/revisions"}],"predecessor-version":[{"id":112505,"href":"https:\/\/www.elsindical.com.ar\/notas\/wp-json\/wp\/v2\/posts\/112501\/revisions\/112505"}],"wp:featuredmedia":[{"embeddable":true,"href":"https:\/\/www.elsindical.com.ar\/notas\/wp-json\/wp\/v2\/media\/112502"}],"wp:attachment":[{"href":"https:\/\/www.elsindical.com.ar\/notas\/wp-json\/wp\/v2\/media?parent=112501"}],"wp:term":[{"taxonomy":"category","embeddable":true,"href":"https:\/\/www.elsindical.com.ar\/notas\/wp-json\/wp\/v2\/categories?post=112501"},{"taxonomy":"post_tag","embeddable":true,"href":"https:\/\/www.elsindical.com.ar\/notas\/wp-json\/wp\/v2\/tags?post=112501"}],"curies":[{"name":"wp","href":"https:\/\/api.w.org\/{rel}","templated":true}]}}