{"id":112472,"date":"2022-03-29T08:35:53","date_gmt":"2022-03-29T11:35:53","guid":{"rendered":"https:\/\/www.elsindical.com.ar\/notas\/?p=112472"},"modified":"2022-03-29T08:35:54","modified_gmt":"2022-03-29T11:35:54","slug":"estaba-profugo-por-el-crimen-de-una-joven-en-lomas-y-trabajaba-de-changarin-en-el-mercado-central","status":"publish","type":"post","link":"https:\/\/www.elsindical.com.ar\/notas\/estaba-profugo-por-el-crimen-de-una-joven-en-lomas-y-trabajaba-de-changarin-en-el-mercado-central\/","title":{"rendered":"Estaba pr\u00f3fugo por  el crimen de una joven en Lomas y trabajaba de changar\u00edn en el Mercado Central"},"content":{"rendered":"\n<div class=\"wp-block-image\"><figure class=\"aligncenter size-full\"><a href=\"https:\/\/www.elsindical.com.ar\/notas\/var\/www\/html\/notas\/wp-content\/uploads\/2022\/03\/detenido-homicidio-Lara.jpg\"><img loading=\"lazy\" decoding=\"async\" width=\"711\" height=\"482\" src=\"https:\/\/www.elsindical.com.ar\/notas\/var\/www\/html\/notas\/wp-content\/uploads\/2022\/03\/detenido-homicidio-Lara.jpg\" alt=\"\" class=\"wp-image-112473\" srcset=\"https:\/\/www.elsindical.com.ar\/notas\/var\/www\/html\/notas\/wp-content\/uploads\/2022\/03\/detenido-homicidio-Lara.jpg 711w, https:\/\/www.elsindical.com.ar\/notas\/var\/www\/html\/notas\/wp-content\/uploads\/2022\/03\/detenido-homicidio-Lara-300x203.jpg 300w, https:\/\/www.elsindical.com.ar\/notas\/var\/www\/html\/notas\/wp-content\/uploads\/2022\/03\/detenido-homicidio-Lara-443x300.jpg 443w\" sizes=\"auto, (max-width: 711px) 100vw, 711px\" \/><\/a><\/figure><\/div>\n\n\n\n<p>Un joven de 22 a\u00f1os fue detenido este lunes por la madrugada acusado de ser uno de los asesinos de Lara Fern\u00e1ndez, en un hecho ocurrido el 1ero de enero de este a\u00f1o, en Parque Bar\u00f3n, Lomas de Zamora. Estaba pr\u00f3fugo y trabajaba como changar\u00edn en el Mercado Central.<\/p>\n\n\n\n<p>La detenci\u00f3n estuvo a cargo de personal del Departamento de Casos Especiales de la superintendencia de Investigaciones en Funcion Judicial, polic\u00eda de la Provincia de Buenos Aires.<\/p>\n\n\n\n<p>Por el caso son ya tres los detenidos \u2013 uno de ellos menor de edad y sindicado como el autor del disparo fatal \u2013 mientras que uno permanece pr\u00f3fugo.<\/p>\n\n\n\n<p>Los investigadores ten\u00edan el dato certero de que el acusado \u2013 identificado como Alan Benjam\u00edn Gonz\u00e1lez, de 22 a\u00f1os \u2013 estaba escondido en una vivienda de Laferrere, mientras que trabajaba como changar\u00edn en el Mercado Central, con una identidad falsa.<\/p>\n\n\n\n<p><strong>Este lunes por la madrugada, efectivos policiales montaron un operativo encubierto en el Mercado Central, que incluy\u00f3 efectivos disfrazados de changarines y otros simulando ser de una empresa gastron\u00f3mica. As\u00ed lograron detectar el puesto donde se encontraba trabajando Gonz\u00e1lez.<\/strong><\/p>\n\n\n\n<p>Los polic\u00edas camuflados simularon una compra de mercader\u00ed, y acercaron un veh\u00edculo para que los changarines hicieran la carga, entre ellos estaba Gonz\u00e1lez. El pr\u00f3fugo fue detenido inmediatamente.<\/p>\n\n\n\n<p>El sujeto de 22 a\u00f1os qued\u00f3 a disposici\u00f3n de la UFI 1 de Lomas de Zamora, a cargo de la fiscal Carla Furnigo.<\/p>\n\n\n\n<p>El 3 de marzo pasado hab\u00eda sido detenido \u201cMartincito\u201d de 15 a\u00f1os, acusado de ser el autor material del crimen de la adolescente Lara Fern\u00e1ndez. Poco despu\u00e9s del homicidio hab\u00eda sido apresado otro de los delincuentes. Ahora los investigadores est\u00e1n concentrados en dar con \u00faltimo acusado, mayor de edad.<\/p>\n\n\n\n<p>En el caso del menor, se encuentra a disposici\u00f3n de la UFI de Responsabilidad Penal Juvenil 2 de Lomas de Zamora<\/p>\n\n\n\n<p><strong>El hecho<\/strong><\/p>\n\n\n\n<p>Lara Fern\u00e1ndez fue asesinada el 1ero de enero por la ma\u00f1ana, cuando se encontraba con un grupo de amigas en la esquina de Olmos y Falucho, en Parque Bar\u00f3n.<\/p>\n\n\n\n<p>All\u00ed, las j\u00f3venes fueron sorprendidas por cuatro delincuentes que le exigieron a Lara que les entregara el celular. La adolescente se habr\u00eda resistido y uno de los sujetos le dio un culatazo y le efectu\u00f3 un disparo apoyando el arma en su cuello.<\/p>\n\n\n\n<p>Lara falleci\u00f3 camino al Hospital de Llavallol, mientras que los criminales escaparon pero uno fue detenido un par de horas despu\u00e9s, en tanto el menor fue apresado el 3 de marzo, y el mayor este lunes por la madrugada.<\/p>\n","protected":false},"excerpt":{"rendered":"<p>Un joven de 22 a\u00f1os fue detenido este lunes por la madrugada acusado de ser uno de los asesinos de Lara Fern\u00e1ndez, en un hecho ocurrido el 1ero de enero de este a\u00f1o, en Parque Bar\u00f3n, Lomas de Zamora. Estaba pr\u00f3fugo y trabajaba como changar\u00edn en el Mercado Central. La detenci\u00f3n estuvo a cargo de&hellip;<\/p>\n","protected":false},"author":1,"featured_media":112473,"comment_status":"open","ping_status":"open","sticky":false,"template":"","format":"standard","meta":{"footnotes":""},"categories":[22],"tags":[36840,2450,2329,36294,744,2846],"class_list":["post-112472","post","type-post","status-publish","format-standard","has-post-thumbnail","hentry","category-policiales","tag-alan-benjamin-gonzalez","tag-diario-el-sindical","tag-homicidio","tag-lara-fernandez","tag-lomas-de-zamora","tag-mercado-central"],"_links":{"self":[{"href":"https:\/\/www.elsindical.com.ar\/notas\/wp-json\/wp\/v2\/posts\/112472","targetHints":{"allow":["GET"]}}],"collection":[{"href":"https:\/\/www.elsindical.com.ar\/notas\/wp-json\/wp\/v2\/posts"}],"about":[{"href":"https:\/\/www.elsindical.com.ar\/notas\/wp-json\/wp\/v2\/types\/post"}],"author":[{"embeddable":true,"href":"https:\/\/www.elsindical.com.ar\/notas\/wp-json\/wp\/v2\/users\/1"}],"replies":[{"embeddable":true,"href":"https:\/\/www.elsindical.com.ar\/notas\/wp-json\/wp\/v2\/comments?post=112472"}],"version-history":[{"count":1,"href":"https:\/\/www.elsindical.com.ar\/notas\/wp-json\/wp\/v2\/posts\/112472\/revisions"}],"predecessor-version":[{"id":112474,"href":"https:\/\/www.elsindical.com.ar\/notas\/wp-json\/wp\/v2\/posts\/112472\/revisions\/112474"}],"wp:featuredmedia":[{"embeddable":true,"href":"https:\/\/www.elsindical.com.ar\/notas\/wp-json\/wp\/v2\/media\/112473"}],"wp:attachment":[{"href":"https:\/\/www.elsindical.com.ar\/notas\/wp-json\/wp\/v2\/media?parent=112472"}],"wp:term":[{"taxonomy":"category","embeddable":true,"href":"https:\/\/www.elsindical.com.ar\/notas\/wp-json\/wp\/v2\/categories?post=112472"},{"taxonomy":"post_tag","embeddable":true,"href":"https:\/\/www.elsindical.com.ar\/notas\/wp-json\/wp\/v2\/tags?post=112472"}],"curies":[{"name":"wp","href":"https:\/\/api.w.org\/{rel}","templated":true}]}}