{"id":112408,"date":"2022-03-25T01:47:14","date_gmt":"2022-03-25T04:47:14","guid":{"rendered":"https:\/\/www.elsindical.com.ar\/notas\/?p=112408"},"modified":"2022-03-25T01:47:15","modified_gmt":"2022-03-25T04:47:15","slug":"quilmes-vecinos-agreden-a-efectivos-del-spb-y-logran-rescatar-a-un-detenido-con-arresto-domiciliario-que-seguia-delinquiendo","status":"publish","type":"post","link":"https:\/\/www.elsindical.com.ar\/notas\/quilmes-vecinos-agreden-a-efectivos-del-spb-y-logran-rescatar-a-un-detenido-con-arresto-domiciliario-que-seguia-delinquiendo\/","title":{"rendered":"Quilmes: Vecinos agreden a efectivos del SPB y logran rescatar a un detenido con arresto domiciliario que segu\u00eda delinquiendo"},"content":{"rendered":"\n<figure class=\"wp-block-image size-large\"><a href=\"https:\/\/www.elsindical.com.ar\/notas\/var\/www\/html\/notas\/wp-content\/uploads\/2022\/03\/Jonathan-Jose-Aguero-Olmos.jpg\"><img loading=\"lazy\" decoding=\"async\" width=\"1024\" height=\"575\" src=\"https:\/\/www.elsindical.com.ar\/notas\/var\/www\/html\/notas\/wp-content\/uploads\/2022\/03\/Jonathan-Jose-Aguero-Olmos-1024x575.jpg\" alt=\"\" class=\"wp-image-112409\" srcset=\"https:\/\/www.elsindical.com.ar\/notas\/var\/www\/html\/notas\/wp-content\/uploads\/2022\/03\/Jonathan-Jose-Aguero-Olmos-1024x575.jpg 1024w, https:\/\/www.elsindical.com.ar\/notas\/var\/www\/html\/notas\/wp-content\/uploads\/2022\/03\/Jonathan-Jose-Aguero-Olmos-300x169.jpg 300w, https:\/\/www.elsindical.com.ar\/notas\/var\/www\/html\/notas\/wp-content\/uploads\/2022\/03\/Jonathan-Jose-Aguero-Olmos-768x432.jpg 768w, https:\/\/www.elsindical.com.ar\/notas\/var\/www\/html\/notas\/wp-content\/uploads\/2022\/03\/Jonathan-Jose-Aguero-Olmos-500x281.jpg 500w, https:\/\/www.elsindical.com.ar\/notas\/var\/www\/html\/notas\/wp-content\/uploads\/2022\/03\/Jonathan-Jose-Aguero-Olmos-1536x863.jpg 1536w, https:\/\/www.elsindical.com.ar\/notas\/var\/www\/html\/notas\/wp-content\/uploads\/2022\/03\/Jonathan-Jose-Aguero-Olmos.jpg 1920w\" sizes=\"auto, (max-width: 1024px) 100vw, 1024px\" \/><\/a><\/figure>\n\n\n\n<p>Un preso que estaba con prisi\u00f3n domiciliaria fue rescatado por sus familiares y vecinos de un asentamiento de la localidad bonaerense de Bernal tras atacar a golpes y amenazas con armas de fuego a integrantes de una comisi\u00f3n del Servicio Penitenciario Bonaerense (SPB) que <strong>fue a buscarlo a su casa para trasladarlo a un penal porque hab\u00eda violado las condiciones del arresto domiciliario que le impuso la Justicia<\/strong>.<\/p>\n\n\n\n<p>Fuentes policiales y judiciales aseguraron a T\u00e9lam que se trata de Jonathan Jos\u00e9 Ag\u00fcero Olmos, quien desde el 25 de marzo de 2021 cumpl\u00eda con arresto domiciliario bajo monitoreo electr\u00f3nico en su domicilio de la calle Pilcomayo al 600, de la Villa Itat\u00ed, el cual hab\u00eda sido revocado por un Tribunal Oral en lo Criminal 5 de Quilmes que deb\u00eda juzgarlo en los pr\u00f3ximos d\u00edas y tem\u00eda que pudiera fugarse.<\/p>\n\n\n\n<p>Seg\u00fan los investigadores, <strong>el preso gozaba de la morigeraci\u00f3n de su prisi\u00f3n preventiva por disposici\u00f3n de un juzgado de Garant\u00edas de Quilmes,<\/strong> en el marco de una causa por <strong>\u201crobo agravado por el uso de arma cuya aptitud para el disparo no puede tenerse por acreditada y por su comisi\u00f3n en poblado y en banda\u201d.<\/strong><\/p>\n\n\n\n<p>Para acceder a ese beneficio, que inclu\u00eda salidas laborales, la Justicia le hab\u00eda impuesto distintas condiciones, entre ellas presentarse a trabajar en una cooperativa de ese asentamiento, aunque el detenido las incumpli\u00f3, seg\u00fan dijeron las fuentes.<\/p>\n\n\n\n<p>Adem\u00e1s, como Ag\u00fcero Olmos estaba con monitoreo electr\u00f3nico, la Justicia determin\u00f3 que hab\u00eda violado el arresto domiciliario en varias oportunidades, una de ellas el 20 de febrero en la que volvi\u00f3 a ser detenido por un robo, aunque la Sala III de la C\u00e1mara de Apelaci\u00f3n y Garant\u00edas de Lomas de Zamora le concedi\u00f3 la excarcelaci\u00f3n.<\/p>\n\n\n\n<p>Luego, el 15 de marzo \u00faltimo, el preso no se present\u00f3 a su lugar de trabajo, argumentando que se deb\u00eda a un malestar por aplicarse la tercera dosis de la vacuna, pero los investigadores registraron que violent\u00f3 el monitoreo saliendo de su domicilio en el horario laboral.<\/p>\n\n\n\n<p>Los compa\u00f1eros de la cooperativa revelaron finalmente a la justicia que no hab\u00eda concurrido a trabajar ni el 16, ni el 17, ni el 18 de marzo, se\u00f1ala el informe judicial al que tuvo acceso T\u00e9lam.<\/p>\n\n\n\n<p>Por tal motivo, el Tribunal Oral Criminal 5 de Quilmes, que iba a empezar a juzgar a Ag\u00fcero Olmos el pr\u00f3ximo 30 de marzo por el robo por el que estaba imputado y con prisi\u00f3n domiciliaria, orden\u00f3 -atento al riesgo de fuga- que se le revoque el arresto y orden\u00f3 su traslado a un penal bonaerense.<\/p>\n\n\n\n<p>\u201cSe han verificado circunstancias debidamente corroboradas por personal del \u00e1rea de monitoreo electr\u00f3nico, que hacer presumir al suscripto que Jonathan Jos\u00e9 Ag\u00fcero Olmedo <strong>no se encuentra cumpliendo con las obligaciones impuestas al momento de concederse tanto la morigeraci\u00f3n de la prisi\u00f3n preventiva como el beneficio de salidas laborales, pudiendo suponer asimismo, que se encontrar\u00eda cometiendo nuevos hechos delictivos\u201d,<\/strong> se\u00f1ala el informe TOC 5 de Quilmes.<\/p>\n\n\n\n<p>Adem\u00e1s, los jueces entendieron que \u201cla conducta asumida por Ag\u00fcero Olmedo pone palmariamente en evidencia la proclividad a no respetar reglas, a\u00fan ante una posici\u00f3n diferenciada, como lo es poder transitar la prisi\u00f3n preventiva de modo morigerado en detenci\u00f3n domiciliaria. No supo capitalizarlo y, por el contrario, opt\u00f3 por ausentarse del domicilio sin consentimiento\u201d.<\/p>\n\n\n\n<p>Por tal motivo, cerca de las 19 del 20 de marzo pasado, dos m\u00f3viles de Traslado de Detenidos del SPB, apoyados por la polic\u00eda de la zona, fueron a la casa del detenido, quien los recibi\u00f3 con una actitud \u201cdesafiante\u201d, por lo que fue reducido y esposado.<\/p>\n\n\n\n<p>Pero en ese momento, primero familiares y despu\u00e9s vecinos se aproximaron a los gritos y con palos atacaron a los siete penitenciarios presentes, a algunos de los cuales incluso bajaron a golpes y bajo amenazas con un arma de fuego de los m\u00f3viles para evitar que se llevaran a Ag\u00fcero Olmos.<\/p>\n\n\n\n<p>La situaci\u00f3n fue aprovechada por el propio detenido que, esposado, logr\u00f3 escapar del SPB, cuyos efectivos luego de varios minutos lograron salir del barrio de emergencia y fueron directamente a la comisar\u00eda de la zona para asentar la denuncia y dar la alerta a la fiscal\u00eda de turno de Quilmes sobre la fuga del detenido,<\/p>\n\n\n\n<p>Los oficiales fueron revisados por m\u00e9dicos legistas, quienes constataron que presentaban hematomas por golpes de pu\u00f1os, palazos y rasgu\u00f1os en distintas partes del cuerpo.<\/p>\n\n\n\n<p>La Justicia dispuso ahora la captura del pr\u00f3fugo y la identificaci\u00f3n de los agresores.<\/p>\n\n\n\n<figure class=\"wp-block-image size-large\"><a href=\"https:\/\/www.elsindical.com.ar\/notas\/var\/www\/html\/notas\/wp-content\/uploads\/2022\/03\/movil-del-SPB.jpeg\"><img loading=\"lazy\" decoding=\"async\" width=\"1024\" height=\"768\" src=\"https:\/\/www.elsindical.com.ar\/notas\/var\/www\/html\/notas\/wp-content\/uploads\/2022\/03\/movil-del-SPB-1024x768.jpeg\" alt=\"\" class=\"wp-image-112410\" srcset=\"https:\/\/www.elsindical.com.ar\/notas\/var\/www\/html\/notas\/wp-content\/uploads\/2022\/03\/movil-del-SPB-1024x768.jpeg 1024w, https:\/\/www.elsindical.com.ar\/notas\/var\/www\/html\/notas\/wp-content\/uploads\/2022\/03\/movil-del-SPB-300x225.jpeg 300w, https:\/\/www.elsindical.com.ar\/notas\/var\/www\/html\/notas\/wp-content\/uploads\/2022\/03\/movil-del-SPB-768x576.jpeg 768w, https:\/\/www.elsindical.com.ar\/notas\/var\/www\/html\/notas\/wp-content\/uploads\/2022\/03\/movil-del-SPB-400x300.jpeg 400w, https:\/\/www.elsindical.com.ar\/notas\/var\/www\/html\/notas\/wp-content\/uploads\/2022\/03\/movil-del-SPB.jpeg 1280w\" sizes=\"auto, (max-width: 1024px) 100vw, 1024px\" \/><\/a><\/figure>\n","protected":false},"excerpt":{"rendered":"<p>Un preso que estaba con prisi\u00f3n domiciliaria fue rescatado por sus familiares y vecinos de un asentamiento de la localidad bonaerense de Bernal tras atacar a golpes y amenazas con armas de fuego a integrantes de una comisi\u00f3n del Servicio Penitenciario Bonaerense (SPB) que fue a buscarlo a su casa para trasladarlo a un penal&hellip;<\/p>\n","protected":false},"author":1,"featured_media":112409,"comment_status":"open","ping_status":"open","sticky":false,"template":"","format":"standard","meta":{"footnotes":""},"categories":[22],"tags":[2999,2450,36820,684,1544,3653],"class_list":["post-112408","post","type-post","status-publish","format-standard","has-post-thumbnail","hentry","category-policiales","tag-arresto-domiciliario","tag-diario-el-sindical","tag-jose-jonathan-aguero-olmos","tag-quilmes","tag-spb","tag-villa-itati"],"_links":{"self":[{"href":"https:\/\/www.elsindical.com.ar\/notas\/wp-json\/wp\/v2\/posts\/112408","targetHints":{"allow":["GET"]}}],"collection":[{"href":"https:\/\/www.elsindical.com.ar\/notas\/wp-json\/wp\/v2\/posts"}],"about":[{"href":"https:\/\/www.elsindical.com.ar\/notas\/wp-json\/wp\/v2\/types\/post"}],"author":[{"embeddable":true,"href":"https:\/\/www.elsindical.com.ar\/notas\/wp-json\/wp\/v2\/users\/1"}],"replies":[{"embeddable":true,"href":"https:\/\/www.elsindical.com.ar\/notas\/wp-json\/wp\/v2\/comments?post=112408"}],"version-history":[{"count":1,"href":"https:\/\/www.elsindical.com.ar\/notas\/wp-json\/wp\/v2\/posts\/112408\/revisions"}],"predecessor-version":[{"id":112411,"href":"https:\/\/www.elsindical.com.ar\/notas\/wp-json\/wp\/v2\/posts\/112408\/revisions\/112411"}],"wp:featuredmedia":[{"embeddable":true,"href":"https:\/\/www.elsindical.com.ar\/notas\/wp-json\/wp\/v2\/media\/112409"}],"wp:attachment":[{"href":"https:\/\/www.elsindical.com.ar\/notas\/wp-json\/wp\/v2\/media?parent=112408"}],"wp:term":[{"taxonomy":"category","embeddable":true,"href":"https:\/\/www.elsindical.com.ar\/notas\/wp-json\/wp\/v2\/categories?post=112408"},{"taxonomy":"post_tag","embeddable":true,"href":"https:\/\/www.elsindical.com.ar\/notas\/wp-json\/wp\/v2\/tags?post=112408"}],"curies":[{"name":"wp","href":"https:\/\/api.w.org\/{rel}","templated":true}]}}