{"id":11239,"date":"2010-12-09T17:21:16","date_gmt":"2010-12-09T20:21:16","guid":{"rendered":"http:\/\/www.elsindical.com.ar\/notas\/?p=11239"},"modified":"2010-12-09T17:21:16","modified_gmt":"2010-12-09T20:21:16","slug":"santiago-del-esteroimprudente-que-corria-picadas-con-su-beba-quedo-en-libertad","status":"publish","type":"post","link":"https:\/\/www.elsindical.com.ar\/notas\/santiago-del-esteroimprudente-que-corria-picadas-con-su-beba-quedo-en-libertad\/","title":{"rendered":"Santiago del Estero:Imprudente que corr\u00eda picadas con su beba qued\u00f3 en libertad"},"content":{"rendered":"<p style=\"text-align: justify;\"><em><a href=\"http:\/\/www.elsindical.com.ar\/notas\/var\/www\/html\/notas\/wp-content\/uploads\/2010\/12\/picada-Santiago-del-Estero.jpg\"><img loading=\"lazy\" decoding=\"async\" class=\"alignleft size-medium wp-image-11240\" title=\"picada-Santiago-del-Estero\" src=\"http:\/\/www.elsindical.com.ar\/notas\/var\/www\/html\/notas\/wp-content\/uploads\/2010\/12\/picada-Santiago-del-Estero-300x179.jpg\" alt=\"\" width=\"300\" height=\"179\" srcset=\"https:\/\/www.elsindical.com.ar\/notas\/var\/www\/html\/notas\/wp-content\/uploads\/2010\/12\/picada-Santiago-del-Estero-300x179.jpg 300w, https:\/\/www.elsindical.com.ar\/notas\/var\/www\/html\/notas\/wp-content\/uploads\/2010\/12\/picada-Santiago-del-Estero.jpg 325w\" sizes=\"auto, (max-width: 300px) 100vw, 300px\" \/><\/a>Un joven de 29 a\u00f1os protagoniz\u00f3 una violenta \u00abpicada\u00bb junto a otro automovilista mientras llevaba a bordo de su veh\u00edculo a su pareja de 19 a\u00f1os y a su peque\u00f1a beba, de seis meses, y en medio de la \u00abcarrera\u00bb choc\u00f3 a tres autos e intent\u00f3 huir a\u00fan luego de que su coche perdiera una rueda.<\/em><\/p>\n<p style=\"text-align: justify;\">Como consecuencia de los sucesivos choques -ocurridos mientras el auto conducido por el joven iba a toda velocidad- hubo tres personas heridas, entre ellas la hija de quien protagoniz\u00f3 la furiosa \u00abpicada\u00bb.<\/p>\n<p>En tanto, el conductor no qued\u00f3 detenido, sino que s\u00f3lo prest\u00f3 una declaraci\u00f3n testimonial ante la Justicia y luego regres\u00f3 a su casa junto a su mujer y a su hijita, de acuerdo con lo se\u00f1alado por el diario El Liberal de Santiago del Estero.<\/p>\n<p>Tras los choques, el joven conductor tuvo que detenerse a unas diez cuadras de donde se hab\u00eda iniciado la carrera ilegal, debido a que su auto -un Volkswagen Fox- perdi\u00f3 una rueda trasera y no pudo avanzar m\u00e1s.<\/p>\n<p style=\"text-align: justify;\">Por las heridas sufridas, tuvieron que ser atendidos en un hospital un hombre que fue embestido por el Fox, y la pareja y la hijita del irascible conductor, quienes sin embargo posteriormente fueron dadas de alta ya que s\u00f3lo presentaban lesiones leves.<\/p>\n<p>El episodio se desencaden\u00f3 ayer por la ma\u00f1ana, y tuvo lugar en las calles de los barrios Belgrano, Cabildo y Juramento, en la capital provincial.<\/p>\n<p style=\"text-align: justify;\">Todo comenz\u00f3 alrededor de las 8:30, en la esquina de Independencia y Juncal, del barrio Belgrano: seg\u00fan estableci\u00f3 la investigaci\u00f3n preliminar de la Polic\u00eda, el Volkswagen Fox, que era conducido por el joven de 29 a\u00f1os, y otro autom\u00f3vil no identificado comenzaron a correr una \u00abpicada\u00bb.<\/p>\n<p>En medio de \u00abcarrera\u00bb, en la esquina de Independencia y Par\u00eds el joven que manejaba el Fox embisti\u00f3 a una furgoneta marca Renault, conducida por Ricardo Cortez, de 77 a\u00f1os, que dio un trompo y peg\u00f3 contra un poste del alumbrado p\u00fablico.<\/p>\n<p style=\"text-align: justify;\">De acuerdo con lo se\u00f1alado, a menos de veinte metros de all\u00ed, casi llegando a la calle Marconi, embisti\u00f3 a un Rover, cuyo conductor no fue identificado, y le destroz\u00f3 la parte trasera.<\/p>\n<p>El joven, sin embargo, sigui\u00f3 la marcha a toda velocidad hasta la calle Hernandarias, y a toda velocidad atraves\u00f3 el barrio Cabildo y cruz\u00f3 la avenida Belgrano.<\/p>\n<p style=\"text-align: justify;\">En ese trayecto, volvi\u00f3 a chocar, esta vez a una camioneta, y como consecuencia del \u00faltimo impacto, finalmente perdi\u00f3 la rueda trasera izquierda y qued\u00f3 atravesado en la avenida, en el carril que corre de norte a sur.<\/p>\n<p>Seg\u00fan lo se\u00f1alado por el diario, cuando fue entrevistado por la Polic\u00eda, el conductor reci\u00e9n se preocup\u00f3 por su hija de seis meses y por su pareja, de 19 a\u00f1os: ambas estaban heridas y tuvieron que ser atendidas.<\/p>\n<p>El conductor de la camioneta Renault, que el acusado embisti\u00f3 primero en la calle Independencia, tambi\u00e9n result\u00f3 herido en el rostro tras el impacto.<\/p>\n<p>El juez que entiende en la causa consider\u00f3 que el conductor del veh\u00edculo no deb\u00eda quedar detenido, y por lo tanto el joven regres\u00f3 a su casa con su pareja y su hija, quienes fueron dadas de alta luego de haber sido atendidas en los hospitales Cepsi y Regional.<\/p>\n","protected":false},"excerpt":{"rendered":"<p>Un joven de 29 a\u00f1os protagoniz\u00f3 una violenta \u00abpicada\u00bb junto a otro automovilista mientras llevaba a bordo de su veh\u00edculo a su pareja de 19 a\u00f1os y a su peque\u00f1a beba, de seis meses, y en medio de la \u00abcarrera\u00bb choc\u00f3 a tres autos e intent\u00f3 huir a\u00fan luego de que su coche perdiera una&hellip;<\/p>\n","protected":false},"author":1,"featured_media":0,"comment_status":"open","ping_status":"open","sticky":false,"template":"","format":"standard","meta":{"footnotes":""},"categories":[20],"tags":[5346,681,5344,569,582,189,5345,30,1478],"class_list":["post-11239","post","type-post","status-publish","format-standard","hentry","category-judiciales","tag-automovilista","tag-beba","tag-cepsi","tag-esposa","tag-heridos","tag-juez","tag-picadas","tag-policia","tag-santiago-del-estero"],"_links":{"self":[{"href":"https:\/\/www.elsindical.com.ar\/notas\/wp-json\/wp\/v2\/posts\/11239","targetHints":{"allow":["GET"]}}],"collection":[{"href":"https:\/\/www.elsindical.com.ar\/notas\/wp-json\/wp\/v2\/posts"}],"about":[{"href":"https:\/\/www.elsindical.com.ar\/notas\/wp-json\/wp\/v2\/types\/post"}],"author":[{"embeddable":true,"href":"https:\/\/www.elsindical.com.ar\/notas\/wp-json\/wp\/v2\/users\/1"}],"replies":[{"embeddable":true,"href":"https:\/\/www.elsindical.com.ar\/notas\/wp-json\/wp\/v2\/comments?post=11239"}],"version-history":[{"count":1,"href":"https:\/\/www.elsindical.com.ar\/notas\/wp-json\/wp\/v2\/posts\/11239\/revisions"}],"predecessor-version":[{"id":11241,"href":"https:\/\/www.elsindical.com.ar\/notas\/wp-json\/wp\/v2\/posts\/11239\/revisions\/11241"}],"wp:attachment":[{"href":"https:\/\/www.elsindical.com.ar\/notas\/wp-json\/wp\/v2\/media?parent=11239"}],"wp:term":[{"taxonomy":"category","embeddable":true,"href":"https:\/\/www.elsindical.com.ar\/notas\/wp-json\/wp\/v2\/categories?post=11239"},{"taxonomy":"post_tag","embeddable":true,"href":"https:\/\/www.elsindical.com.ar\/notas\/wp-json\/wp\/v2\/tags?post=11239"}],"curies":[{"name":"wp","href":"https:\/\/api.w.org\/{rel}","templated":true}]}}