{"id":112304,"date":"2022-03-21T14:05:57","date_gmt":"2022-03-21T17:05:57","guid":{"rendered":"https:\/\/www.elsindical.com.ar\/notas\/?p=112304"},"modified":"2022-03-21T14:05:58","modified_gmt":"2022-03-21T17:05:58","slug":"la-justicia-de-brasil-ordeno-suspender-telegram-en-todo-el-pais","status":"publish","type":"post","link":"https:\/\/www.elsindical.com.ar\/notas\/la-justicia-de-brasil-ordeno-suspender-telegram-en-todo-el-pais\/","title":{"rendered":"La Justicia de Brasil orden\u00f3 suspender Telegram en todo el pa\u00eds"},"content":{"rendered":"\n<figure class=\"wp-block-image size-full\"><a href=\"https:\/\/www.elsindical.com.ar\/notas\/var\/www\/html\/notas\/wp-content\/uploads\/2022\/03\/Telegram-app.jpg\"><img loading=\"lazy\" decoding=\"async\" width=\"763\" height=\"417\" src=\"https:\/\/www.elsindical.com.ar\/notas\/var\/www\/html\/notas\/wp-content\/uploads\/2022\/03\/Telegram-app.jpg\" alt=\"\" class=\"wp-image-112305\" srcset=\"https:\/\/www.elsindical.com.ar\/notas\/var\/www\/html\/notas\/wp-content\/uploads\/2022\/03\/Telegram-app.jpg 763w, https:\/\/www.elsindical.com.ar\/notas\/var\/www\/html\/notas\/wp-content\/uploads\/2022\/03\/Telegram-app-300x164.jpg 300w, https:\/\/www.elsindical.com.ar\/notas\/var\/www\/html\/notas\/wp-content\/uploads\/2022\/03\/Telegram-app-500x273.jpg 500w\" sizes=\"auto, (max-width: 763px) 100vw, 763px\" \/><\/a><\/figure>\n\n\n\n<p>La determinaci\u00f3n fue tomada por un juez del Tribunal Supremo porque la aplicaci\u00f3n de mensajes no cumpli\u00f3 una orden judicial de bloquear perfiles que emiten informaci\u00f3n falsa.<\/p>\n\n\n\n<p><strong>El juez Alexandre de Moraes del Supremo Tribunal Federal (STF) de Brasil orden\u00f3 la suspensi\u00f3n de la aplicaci\u00f3n de mensajes Telegram<\/strong>\u00a0en todo el territorio brasile\u00f1o, en respuesta a una petici\u00f3n de la Polic\u00eda Federal (PF), inform\u00f3 el alto tribunal.<\/p>\n\n\n\n<p><strong>De acuerdo con el STF, la orden fue remitida a las plataformas digitales y a los proveedores de Internet<\/strong>, que deben adoptar mecanismos para impedir el uso de Telegram en el pa\u00eds sudamericano.<\/p>\n\n\n\n<p><strong>La decisi\u00f3n de Moraes se produce despu\u00e9s de que Telegram no cumpli\u00f3 las \u00f3rdenes judiciales de bloquear perfiles identificados como emisores de informaci\u00f3n falsa.<\/strong><\/p>\n\n\n\n<p>\u00abLa aplicaci\u00f3n Telegram es notoriamente conocida por su postura de no cooperar con las autoridades judiciales y policiales de varios pa\u00edses\u00bb, se\u00f1ala la solicitud de la PF enviada al STF.<\/p>\n\n\n\n<p>Seg\u00fan la PF,&nbsp;<strong>Telegram tiene una \u00abactitud no cooperativa\u00bb con las autoridades<\/strong>, con \u00abventaja frente a otras Apps de comunicaci\u00f3n, lo que la convierte en terreno libre para la proliferaci\u00f3n de diversos contenidos, incluso con repercusi\u00f3n en el \u00e1mbito penal\u00bb.<\/p>\n\n\n\n<p><strong>Moraes estableci\u00f3 tambi\u00e9n multa de 100.000 reales<\/strong>&nbsp;(unos 20.000 d\u00f3lares) al d\u00eda para las empresas que no cumplan con la determinaci\u00f3n de bloquear la aplicaci\u00f3n.<\/p>\n\n\n\n<p><strong>La decisi\u00f3n del magistrado se bas\u00f3 en el Marco Civil de Internet del Tribunal de Justicia del Distrito Federal y los Territorios<\/strong>, el marco legal que rige en Brasil desde el a\u00f1o 2014.<\/p>\n","protected":false},"excerpt":{"rendered":"<p>La determinaci\u00f3n fue tomada por un juez del Tribunal Supremo porque la aplicaci\u00f3n de mensajes no cumpli\u00f3 una orden judicial de bloquear perfiles que emiten informaci\u00f3n falsa. El juez Alexandre de Moraes del Supremo Tribunal Federal (STF) de Brasil orden\u00f3 la suspensi\u00f3n de la aplicaci\u00f3n de mensajes Telegram\u00a0en todo el territorio brasile\u00f1o, en respuesta a&hellip;<\/p>\n","protected":false},"author":1,"featured_media":112305,"comment_status":"open","ping_status":"open","sticky":false,"template":"","format":"standard","meta":{"footnotes":""},"categories":[18],"tags":[17711,95,2450,36797,22157,18039],"class_list":["post-112304","post","type-post","status-publish","format-standard","has-post-thumbnail","hentry","category-internacionales","tag-app","tag-brasil","tag-diario-el-sindical","tag-juez-alexandre-de-moraes","tag-stf","tag-telegram"],"_links":{"self":[{"href":"https:\/\/www.elsindical.com.ar\/notas\/wp-json\/wp\/v2\/posts\/112304","targetHints":{"allow":["GET"]}}],"collection":[{"href":"https:\/\/www.elsindical.com.ar\/notas\/wp-json\/wp\/v2\/posts"}],"about":[{"href":"https:\/\/www.elsindical.com.ar\/notas\/wp-json\/wp\/v2\/types\/post"}],"author":[{"embeddable":true,"href":"https:\/\/www.elsindical.com.ar\/notas\/wp-json\/wp\/v2\/users\/1"}],"replies":[{"embeddable":true,"href":"https:\/\/www.elsindical.com.ar\/notas\/wp-json\/wp\/v2\/comments?post=112304"}],"version-history":[{"count":1,"href":"https:\/\/www.elsindical.com.ar\/notas\/wp-json\/wp\/v2\/posts\/112304\/revisions"}],"predecessor-version":[{"id":112306,"href":"https:\/\/www.elsindical.com.ar\/notas\/wp-json\/wp\/v2\/posts\/112304\/revisions\/112306"}],"wp:featuredmedia":[{"embeddable":true,"href":"https:\/\/www.elsindical.com.ar\/notas\/wp-json\/wp\/v2\/media\/112305"}],"wp:attachment":[{"href":"https:\/\/www.elsindical.com.ar\/notas\/wp-json\/wp\/v2\/media?parent=112304"}],"wp:term":[{"taxonomy":"category","embeddable":true,"href":"https:\/\/www.elsindical.com.ar\/notas\/wp-json\/wp\/v2\/categories?post=112304"},{"taxonomy":"post_tag","embeddable":true,"href":"https:\/\/www.elsindical.com.ar\/notas\/wp-json\/wp\/v2\/tags?post=112304"}],"curies":[{"name":"wp","href":"https:\/\/api.w.org\/{rel}","templated":true}]}}