{"id":112261,"date":"2022-03-19T00:27:49","date_gmt":"2022-03-19T03:27:49","guid":{"rendered":"https:\/\/www.elsindical.com.ar\/notas\/?p=112261"},"modified":"2022-03-19T00:27:49","modified_gmt":"2022-03-19T03:27:49","slug":"lujan-apresaron-a-los-dos-entrenadores-del-futbol-femenino-de-argentino-de-quilmes-acusados-de-abuso-sexual","status":"publish","type":"post","link":"https:\/\/www.elsindical.com.ar\/notas\/lujan-apresaron-a-los-dos-entrenadores-del-futbol-femenino-de-argentino-de-quilmes-acusados-de-abuso-sexual\/","title":{"rendered":"Luj\u00e1n: Apresaron a los dos entrenadores del f\u00fatbol femenino de Argentino de Quilmes acusados de abuso sexual"},"content":{"rendered":"\n<div class=\"wp-block-image\"><figure class=\"aligncenter size-large\"><a href=\"https:\/\/www.elsindical.com.ar\/notas\/var\/www\/html\/notas\/wp-content\/uploads\/2022\/03\/entrenadores-degenerados-de-Quilmes.jpg\"><img loading=\"lazy\" decoding=\"async\" width=\"1024\" height=\"576\" src=\"https:\/\/www.elsindical.com.ar\/notas\/var\/www\/html\/notas\/wp-content\/uploads\/2022\/03\/entrenadores-degenerados-de-Quilmes-1024x576.jpg\" alt=\"\" class=\"wp-image-112262\" srcset=\"https:\/\/www.elsindical.com.ar\/notas\/var\/www\/html\/notas\/wp-content\/uploads\/2022\/03\/entrenadores-degenerados-de-Quilmes-1024x576.jpg 1024w, https:\/\/www.elsindical.com.ar\/notas\/var\/www\/html\/notas\/wp-content\/uploads\/2022\/03\/entrenadores-degenerados-de-Quilmes-300x169.jpg 300w, https:\/\/www.elsindical.com.ar\/notas\/var\/www\/html\/notas\/wp-content\/uploads\/2022\/03\/entrenadores-degenerados-de-Quilmes-768x432.jpg 768w, https:\/\/www.elsindical.com.ar\/notas\/var\/www\/html\/notas\/wp-content\/uploads\/2022\/03\/entrenadores-degenerados-de-Quilmes-500x281.jpg 500w, https:\/\/www.elsindical.com.ar\/notas\/var\/www\/html\/notas\/wp-content\/uploads\/2022\/03\/entrenadores-degenerados-de-Quilmes-460x260.jpg 460w, https:\/\/www.elsindical.com.ar\/notas\/var\/www\/html\/notas\/wp-content\/uploads\/2022\/03\/entrenadores-degenerados-de-Quilmes.jpg 1280w\" sizes=\"auto, (max-width: 1024px) 100vw, 1024px\" \/><\/a><\/figure><\/div>\n\n\n\n<p>Tras varios d\u00edas de b\u00fasqueda la polic\u00eda detuvo esta tarde durante un operativo realizado en la localidad bonaerense de Luj\u00e1n a los dos entrenadores de las divisiones inferiores del f\u00fatbol femenino de Argentino de Quilmes, Omar Leonardo Gim\u00e9nez, de 52 a\u00f1os, y su hijo Diego Omar Gim\u00e9nez, de 27, quienes se desempe\u00f1aban como entrenadores de las divisiones inferiores femeninas del club de la barranca quilme\u00f1a.<\/p>\n\n\n\n<p>Los detenidos estaban siendo buscados por las denuncias en una causa caratulada como \u201cabuso sexual agravado y grooming\u201d, y ambos hechos eran investigados por la Unidad Funcional de Investigaciones (UFI) 8 de Quilmes, como as\u00ed personal de la UFI 1 de Berazategui.<\/p>\n\n\n\n<p>Las v\u00edctimas son dos menores de 13 y 15 a\u00f1os y otra mujer de 21, todas jugadoras de f\u00fatbol femenino de Argentino de Quilmes, quienes denunciaron haber sido abusadas por ambos sujetos.<\/p>\n\n\n\n<p>Seg\u00fan la denuncia, los entrenadores no solo acosaban a las jugadoras a trav\u00e9s de las redes sociales, sino tambi\u00e9n mediante WhattsApp, e incluso a una de ellas la lleg\u00f3 a manosear y abus\u00f3 de ella<\/p>\n\n\n\n<p>La mayor de las denunciantes era una ex cu\u00f1ada del menor de los Gim\u00e9nez, a quien acus\u00f3 de abusar de ella desde los 12 a\u00f1os, tal como consta en la denuncia penal.<\/p>\n\n\n\n<p>A la tercera denunciante, que jugaba al f\u00fatbol en Argentino de Quilmes, de acuerdo a lo que refiri\u00f3 la familia, era acosada por el mismo hombre, quien le ped\u00eda fotos en ropa interior y desnuda, a la vez que \u00e9l mismo le enviaba ese tipo de elementos v\u00eda celular.<\/p>\n\n\n\n<p>Tambi\u00e9n explicaron que una vez que el hombre se qued\u00f3 a dormir en la vivienda familia, \u00e9ste abus\u00f3 carnalmente de la chica.<\/p>\n\n\n\n<p>Luego de las denuncias, y ante la notoriedad que tom\u00f3 el caso, tanto padre como hijo comenzaron a refugiarse en diferentes viviendas del conurbano bonaerense, hasta que fueron interceptados en cercan\u00edas de la estaci\u00f3n de \u00f3mnibus de Luj\u00e1n.<\/p>\n","protected":false},"excerpt":{"rendered":"<p>Tras varios d\u00edas de b\u00fasqueda la polic\u00eda detuvo esta tarde durante un operativo realizado en la localidad bonaerense de Luj\u00e1n a los dos entrenadores de las divisiones inferiores del f\u00fatbol femenino de Argentino de Quilmes, Omar Leonardo Gim\u00e9nez, de 52 a\u00f1os, y su hijo Diego Omar Gim\u00e9nez, de 27, quienes se desempe\u00f1aban como entrenadores de&hellip;<\/p>\n","protected":false},"author":1,"featured_media":112262,"comment_status":"open","ping_status":"open","sticky":false,"template":"","format":"standard","meta":{"footnotes":""},"categories":[22],"tags":[36788,36740,2450,36787,36739,478,36786,684],"class_list":["post-112261","post","type-post","status-publish","format-standard","has-post-thumbnail","hentry","category-policiales","tag-club-argentino-de-quilmes","tag-degenerados","tag-diario-el-sindical","tag-diego-omar-gimenez","tag-entrenadores","tag-lujan","tag-omar-leonardo-gimenez","tag-quilmes"],"_links":{"self":[{"href":"https:\/\/www.elsindical.com.ar\/notas\/wp-json\/wp\/v2\/posts\/112261","targetHints":{"allow":["GET"]}}],"collection":[{"href":"https:\/\/www.elsindical.com.ar\/notas\/wp-json\/wp\/v2\/posts"}],"about":[{"href":"https:\/\/www.elsindical.com.ar\/notas\/wp-json\/wp\/v2\/types\/post"}],"author":[{"embeddable":true,"href":"https:\/\/www.elsindical.com.ar\/notas\/wp-json\/wp\/v2\/users\/1"}],"replies":[{"embeddable":true,"href":"https:\/\/www.elsindical.com.ar\/notas\/wp-json\/wp\/v2\/comments?post=112261"}],"version-history":[{"count":1,"href":"https:\/\/www.elsindical.com.ar\/notas\/wp-json\/wp\/v2\/posts\/112261\/revisions"}],"predecessor-version":[{"id":112263,"href":"https:\/\/www.elsindical.com.ar\/notas\/wp-json\/wp\/v2\/posts\/112261\/revisions\/112263"}],"wp:featuredmedia":[{"embeddable":true,"href":"https:\/\/www.elsindical.com.ar\/notas\/wp-json\/wp\/v2\/media\/112262"}],"wp:attachment":[{"href":"https:\/\/www.elsindical.com.ar\/notas\/wp-json\/wp\/v2\/media?parent=112261"}],"wp:term":[{"taxonomy":"category","embeddable":true,"href":"https:\/\/www.elsindical.com.ar\/notas\/wp-json\/wp\/v2\/categories?post=112261"},{"taxonomy":"post_tag","embeddable":true,"href":"https:\/\/www.elsindical.com.ar\/notas\/wp-json\/wp\/v2\/tags?post=112261"}],"curies":[{"name":"wp","href":"https:\/\/api.w.org\/{rel}","templated":true}]}}