{"id":112255,"date":"2022-03-18T11:10:25","date_gmt":"2022-03-18T14:10:25","guid":{"rendered":"https:\/\/www.elsindical.com.ar\/notas\/?p=112255"},"modified":"2022-03-18T11:10:27","modified_gmt":"2022-03-18T14:10:27","slug":"magdalena-sierra-la-animadora-de-la-inseguridad-esta-de-fiesta","status":"publish","type":"post","link":"https:\/\/www.elsindical.com.ar\/notas\/magdalena-sierra-la-animadora-de-la-inseguridad-esta-de-fiesta\/","title":{"rendered":"Magdalena Sierra la animadora de \u00abla inseguridad est\u00e1 de fiesta\u00bb"},"content":{"rendered":"\n<div class=\"wp-block-image\"><figure class=\"aligncenter size-large\"><a href=\"https:\/\/www.elsindical.com.ar\/notas\/var\/www\/html\/notas\/wp-content\/uploads\/2022\/03\/seguridad-Avellaneda.jpg\"><img loading=\"lazy\" decoding=\"async\" width=\"1024\" height=\"683\" src=\"https:\/\/www.elsindical.com.ar\/notas\/var\/www\/html\/notas\/wp-content\/uploads\/2022\/03\/seguridad-Avellaneda-1024x683.jpg\" alt=\"\" class=\"wp-image-112256\" srcset=\"https:\/\/www.elsindical.com.ar\/notas\/var\/www\/html\/notas\/wp-content\/uploads\/2022\/03\/seguridad-Avellaneda-1024x683.jpg 1024w, https:\/\/www.elsindical.com.ar\/notas\/var\/www\/html\/notas\/wp-content\/uploads\/2022\/03\/seguridad-Avellaneda-300x200.jpg 300w, https:\/\/www.elsindical.com.ar\/notas\/var\/www\/html\/notas\/wp-content\/uploads\/2022\/03\/seguridad-Avellaneda-768x512.jpg 768w, https:\/\/www.elsindical.com.ar\/notas\/var\/www\/html\/notas\/wp-content\/uploads\/2022\/03\/seguridad-Avellaneda-450x300.jpg 450w, https:\/\/www.elsindical.com.ar\/notas\/var\/www\/html\/notas\/wp-content\/uploads\/2022\/03\/seguridad-Avellaneda.jpg 1440w\" sizes=\"auto, (max-width: 1024px) 100vw, 1024px\" \/><\/a><\/figure><\/div>\n\n\n\n<p>   Magdalena Sierra es en teor\u00eda, la Jefa de Gabinete de secretarios de Avellaneda, aunque en realidad es la imagen de la intendencia y los ojos y o\u00eddos de Jorge Ferraresi, quien pasa m\u00e1s tiempo en Avellaneda que ocupado en su ministerio, curioso que alguien en plena crisis gaste millones en remodelar un edificio en el que no pasa mucho tiempo.<\/p>\n\n\n\n<p>Volviendo a Avellaneda y la inseguridad, a diario se denuncian por las redes sociales delitos varios, en donde queda en evidencia que la elecci\u00f3n del Jefe de Estaci\u00f3n de la polic\u00eda de Avellaneda, en el Comisario Mayor Gregorio Mart\u00ednez ha sido una mala elecci\u00f3n si lo que se buscaba era mejorar la seguridad, por lo que no es dif\u00edcil de entender que otros deben ser los motivos para su elecci\u00f3n.<\/p>\n\n\n\n<p>Y tiene mucho sentido inferir que lo que se ha buscado desde la pol\u00edtica local es recaudar en lugar de combatir el delito, las cosas por su nombre, hay que dejar de hacerse los distra\u00eddos y creer que publicando denuncias por las redes sociales va a cambiar algo, los robos siguen y hasta los que dec\u00edan estar preocupados por la seguridad y los vecinos, terminaron \u00abtranzando\u00bb con delincuentes para llevarse unos pesos, como es el caso de Marcelo Frecha y su Foro Vecinal Avellaneda Segura, que bajo los decibeles en las criticas, se volvi\u00f3 un blandito y hasta hace publicidad de delincuentes porque los que cometen delitos son delincuentes.<\/p>\n\n\n\n<p>El personaje m\u00e1s repudiable e incomprensible en la seguridad de Avellaneda es sin dudas Marcelo Rey, un personaje que arrastra en su historial denuncias de todo tipo y a\u00fan as\u00ed, fue protegido por el municipio y ascendido varias veces hasta ser hoy el secretario de seguridad, \u00bfalguien en Avellaneda se siente seguro?.<\/p>\n\n\n\n<p>En las fotograf\u00edas que el municipio public\u00f3 para informar que les dieron la bienvenida a los nuevos polic\u00edas, se puede ver las caras de la hipocres\u00eda, ya que se muestren alegres y sonriendo es una burla a los vecinos que son v\u00edctimas de los delitos, porque no hay ninguna intenci\u00f3n de parte de Chornobroff, Magdalena Sierra y Jorge Ferraresi de enfrentar la inseguridad, a la fecha siguen todos los d\u00edas los robos de motochorros, los robos violentos de celulares que es lo m\u00e1s sencillo de robar y de vender porque en Avellaneda nadie controla los comercios que compran y venden celulares, hay varias cuevas donde todos los d\u00edas se ven en la puerta de los locales motos de la misma marca, color y modelo a las involucradas en robos, pero parece que eso la polic\u00eda no lo ve, ni siquiera si pasa frente a sus narices como pasa en Gerli donde a metros de la comisar\u00eda 6ta tienen un local The Doctor Cell al que le encontraron en un allanamiento 498 celulares con denuncia de robo, pero no pas\u00f3 nada.<\/p>\n\n\n\n<p>Ni siquiera existe inter\u00e9s alguno en controlar a quienes son los encargados de brindar seguridad a los vecinos de Avellaneda, as\u00ed hay varios polic\u00edas que viven en exclusivos barrios privados, con autos de alta gama que olvidaron declarar en la declaraci\u00f3n jurada patrimonial y no pasa nada, de ah\u00ed para abajo, los de menos jerarqu\u00eda disfrutan de subir fotos a las redes con autos, motos de alta gama y las infaltables joyer\u00edas de oro.<\/p>\n\n\n\n<p>En la misma fotograf\u00eda se ve al Comisario de la Polic\u00eda Local de Avellaneda, un personaje al que lo apodan el Tucu y que viene mencionado hace a\u00f1os por conocidos delincuentes de Avellaneda, que hablan de \u00e9l con cierto aprecio, algo que no es habitual en un polic\u00eda que hace su trabajo de manera profesional, a fuerza de verdad lo mencionaban a \u00e9l, al ex juez Carzoglio y a Claudio Yacoy el secretario de derechos humanos de Avellaneda, de quien ya me refer\u00ed en varias oportunidades por usar su horario de trabajo para representar a delincuentes procesados por el Polo Judicial de Avellaneda.<\/p>\n\n\n\n<p>Lo que para unos es una preocupaci\u00f3n y una mala experiencia la inseguridad y el delito, para otros es un negocio excelente, sin delincuentes no habr\u00eda clientes-<\/p>\n\n\n\n<p>Guarden esta nota y antes de votar piensen si no se merecen vivir mejor, si no les gustar\u00eda poder disfrutar de no estar mirando para todos lados, de saber que no te van a robar en la calle o te van a patear la puerta para entrar a tu casa.<\/p>\n\n\n\n<p>Ser\u00eda lindo poder salir de tu casa y no tener a metros colas de adictos esperando para comprar y que vengan de otros barrios personajes que se quedan dando vueltas, mirando las casas, los autos, si hay gente mayor, porque aumentaron los robos a ancianos pero parece que eso no es noticia entonces no te lo cuentan los medios locales que s\u00ed te muestran estas cosas sin una sola critica, porque hacer periodismo es criticar lo que no est\u00e1 bien y en Avellaneda varias cosas no est\u00e1n bien.<\/p>\n\n\n\n<p>Es solo salir a la calle y mirar, pueden elegir como vivir, depende de ustedes.<\/p>\n\n\n\n<p><\/p>\n\n\n\n<p>Por Marcelo Ricardo Hawrylciw<\/p>\n","protected":false},"excerpt":{"rendered":"<p>Magdalena Sierra es en teor\u00eda, la Jefa de Gabinete de secretarios de Avellaneda, aunque en realidad es la imagen de la intendencia y los ojos y o\u00eddos de Jorge Ferraresi, quien pasa m\u00e1s tiempo en Avellaneda que ocupado en su ministerio, curioso que alguien en plena crisis gaste millones en remodelar un edificio en el&hellip;<\/p>\n","protected":false},"author":1,"featured_media":112256,"comment_status":"open","ping_status":"open","sticky":false,"template":"","format":"standard","meta":{"footnotes":""},"categories":[10],"tags":[30014,34470,1451,2450,382,984,1062,16519,17822,21958,28254],"class_list":["post-112255","post","type-post","status-publish","format-standard","has-post-thumbnail","hentry","category-editorial","tag-alejo-chornobroff","tag-comisario-mayor-gregorio-martinez","tag-corrupcion","tag-diario-el-sindical","tag-drogas","tag-inseguridad","tag-jorge-ferraresi","tag-magdalena-sierra","tag-marcelo-frecha","tag-marcelo-rey","tag-policia-local-avellaneda"],"_links":{"self":[{"href":"https:\/\/www.elsindical.com.ar\/notas\/wp-json\/wp\/v2\/posts\/112255","targetHints":{"allow":["GET"]}}],"collection":[{"href":"https:\/\/www.elsindical.com.ar\/notas\/wp-json\/wp\/v2\/posts"}],"about":[{"href":"https:\/\/www.elsindical.com.ar\/notas\/wp-json\/wp\/v2\/types\/post"}],"author":[{"embeddable":true,"href":"https:\/\/www.elsindical.com.ar\/notas\/wp-json\/wp\/v2\/users\/1"}],"replies":[{"embeddable":true,"href":"https:\/\/www.elsindical.com.ar\/notas\/wp-json\/wp\/v2\/comments?post=112255"}],"version-history":[{"count":1,"href":"https:\/\/www.elsindical.com.ar\/notas\/wp-json\/wp\/v2\/posts\/112255\/revisions"}],"predecessor-version":[{"id":112257,"href":"https:\/\/www.elsindical.com.ar\/notas\/wp-json\/wp\/v2\/posts\/112255\/revisions\/112257"}],"wp:featuredmedia":[{"embeddable":true,"href":"https:\/\/www.elsindical.com.ar\/notas\/wp-json\/wp\/v2\/media\/112256"}],"wp:attachment":[{"href":"https:\/\/www.elsindical.com.ar\/notas\/wp-json\/wp\/v2\/media?parent=112255"}],"wp:term":[{"taxonomy":"category","embeddable":true,"href":"https:\/\/www.elsindical.com.ar\/notas\/wp-json\/wp\/v2\/categories?post=112255"},{"taxonomy":"post_tag","embeddable":true,"href":"https:\/\/www.elsindical.com.ar\/notas\/wp-json\/wp\/v2\/tags?post=112255"}],"curies":[{"name":"wp","href":"https:\/\/api.w.org\/{rel}","templated":true}]}}