{"id":11221,"date":"2010-12-09T00:27:14","date_gmt":"2010-12-09T03:27:14","guid":{"rendered":"http:\/\/www.elsindical.com.ar\/notas\/?p=11221"},"modified":"2010-12-09T00:27:14","modified_gmt":"2010-12-09T03:27:14","slug":"villa-21se-despidio-el-padre-pepe-de-sus-fieles","status":"publish","type":"post","link":"https:\/\/www.elsindical.com.ar\/notas\/villa-21se-despidio-el-padre-pepe-de-sus-fieles\/","title":{"rendered":"Villa 21:Se despidi\u00f3 el Padre Pepe de sus fieles"},"content":{"rendered":"<p style=\"text-align: justify;\"><em><a href=\"http:\/\/www.elsindical.com.ar\/notas\/var\/www\/html\/notas\/wp-content\/uploads\/2010\/12\/Padre-Pepe-y-fieles.jpg\"><img loading=\"lazy\" decoding=\"async\" class=\"alignleft size-medium wp-image-11222\" title=\"Padre-Pepe-y-fieles\" src=\"http:\/\/www.elsindical.com.ar\/notas\/var\/www\/html\/notas\/wp-content\/uploads\/2010\/12\/Padre-Pepe-y-fieles-300x180.jpg\" alt=\"\" width=\"300\" height=\"180\" srcset=\"https:\/\/www.elsindical.com.ar\/notas\/var\/www\/html\/notas\/wp-content\/uploads\/2010\/12\/Padre-Pepe-y-fieles-300x180.jpg 300w, https:\/\/www.elsindical.com.ar\/notas\/var\/www\/html\/notas\/wp-content\/uploads\/2010\/12\/Padre-Pepe-y-fieles.jpg 443w\" sizes=\"auto, (max-width: 300px) 100vw, 300px\" \/><\/a>El p\u00e1rroco fue sa<strong>ludado por miles de vecinos que colapsaron las calles y pasillos<\/strong> que rodean la parroquia de Caacup\u00e9, en donde fue ubicado un escenario con un equipo de sonido para un festival musical previo que convoc\u00f3 a m\u00fasicos y artistas de una de las villas m\u00e1s pobladas de la Ciudad.<\/em><\/p>\n<p style=\"text-align: justify;\">El sacerdote porte\u00f1o <strong>Jos\u00e9 Mar\u00eda Di Paola<\/strong>, conocido como el padre Pepe, particip\u00f3 esta noche de una multitudinaria procesi\u00f3n en la Villa 21 de Barracas, con posterior <strong>misa celebrada por el arzobispo Jorge Bergoglio<\/strong>, en donde fue despedido de sus tareas pastorales en ese lugar<strong>.<\/strong><\/p>\n<p>La <strong>partida de Di Paola hacia A\u00f1atuya,<\/strong> localidad de Santiago del Estero, se produce a un <strong>a\u00f1o y medio de las amenazas de muerte hacia el p\u00e1rroco<\/strong>, tras las denuncias realizadas por el padre Pepe contra la circulaci\u00f3n y el consumo de drogas en las villas de emergencia porte\u00f1as.<\/p>\n<p>El sacerdote hab\u00eda comunicado su decisi\u00f3n de viajar para misionar en el interior argentino a trav\u00e9s de una carta enviada a los voluntarios de la parroquia Virgen de los Milagros de Caacup\u00e9, y a los vecinos de la villa de Barracas donde vivi\u00f3 y trabaj\u00f3 en los \u00faltimos doce a\u00f1os.<\/p>\n","protected":false},"excerpt":{"rendered":"<p>El p\u00e1rroco fue saludado por miles de vecinos que colapsaron las calles y pasillos que rodean la parroquia de Caacup\u00e9, en donde fue ubicado un escenario con un equipo de sonido para un festival musical previo que convoc\u00f3 a m\u00fasicos y artistas de una de las villas m\u00e1s pobladas de la Ciudad. El sacerdote porte\u00f1o&hellip;<\/p>\n","protected":false},"author":1,"featured_media":0,"comment_status":"open","ping_status":"open","sticky":false,"template":"","format":"standard","meta":{"footnotes":""},"categories":[24],"tags":[5325,4824,22020,382,5323,5328,359,5326,5327,1478,5324],"class_list":["post-11221","post","type-post","status-publish","format-standard","hentry","category-sociales","tag-caacupe","tag-cardenal-jorge-bergoglio","tag-denuncias","tag-drogas","tag-jose-maria-di-paola","tag-misionar","tag-padre","tag-parroquia","tag-pasillos","tag-santiago-del-estero","tag-villa-21"],"_links":{"self":[{"href":"https:\/\/www.elsindical.com.ar\/notas\/wp-json\/wp\/v2\/posts\/11221","targetHints":{"allow":["GET"]}}],"collection":[{"href":"https:\/\/www.elsindical.com.ar\/notas\/wp-json\/wp\/v2\/posts"}],"about":[{"href":"https:\/\/www.elsindical.com.ar\/notas\/wp-json\/wp\/v2\/types\/post"}],"author":[{"embeddable":true,"href":"https:\/\/www.elsindical.com.ar\/notas\/wp-json\/wp\/v2\/users\/1"}],"replies":[{"embeddable":true,"href":"https:\/\/www.elsindical.com.ar\/notas\/wp-json\/wp\/v2\/comments?post=11221"}],"version-history":[{"count":1,"href":"https:\/\/www.elsindical.com.ar\/notas\/wp-json\/wp\/v2\/posts\/11221\/revisions"}],"predecessor-version":[{"id":11223,"href":"https:\/\/www.elsindical.com.ar\/notas\/wp-json\/wp\/v2\/posts\/11221\/revisions\/11223"}],"wp:attachment":[{"href":"https:\/\/www.elsindical.com.ar\/notas\/wp-json\/wp\/v2\/media?parent=11221"}],"wp:term":[{"taxonomy":"category","embeddable":true,"href":"https:\/\/www.elsindical.com.ar\/notas\/wp-json\/wp\/v2\/categories?post=11221"},{"taxonomy":"post_tag","embeddable":true,"href":"https:\/\/www.elsindical.com.ar\/notas\/wp-json\/wp\/v2\/tags?post=11221"}],"curies":[{"name":"wp","href":"https:\/\/api.w.org\/{rel}","templated":true}]}}