{"id":112160,"date":"2022-03-15T16:07:50","date_gmt":"2022-03-15T19:07:50","guid":{"rendered":"https:\/\/www.elsindical.com.ar\/notas\/?p=112160"},"modified":"2022-03-15T16:07:51","modified_gmt":"2022-03-15T19:07:51","slug":"shell-se-sumo-a-ypf-y-aumento-hasta-un-15","status":"publish","type":"post","link":"https:\/\/www.elsindical.com.ar\/notas\/shell-se-sumo-a-ypf-y-aumento-hasta-un-15\/","title":{"rendered":"Shell se sum\u00f3 a YPF y aument\u00f3 hasta un 15%"},"content":{"rendered":"\n<div class=\"wp-block-image\"><figure class=\"aligncenter size-full is-resized\"><a href=\"https:\/\/www.elsindical.com.ar\/notas\/var\/www\/html\/notas\/wp-content\/uploads\/2016\/05\/empleada-Shell.jpg\"><img loading=\"lazy\" decoding=\"async\" src=\"https:\/\/www.elsindical.com.ar\/notas\/var\/www\/html\/notas\/wp-content\/uploads\/2016\/05\/empleada-Shell.jpg\" alt=\"\" class=\"wp-image-59675\" width=\"735\" height=\"413\" srcset=\"https:\/\/www.elsindical.com.ar\/notas\/var\/www\/html\/notas\/wp-content\/uploads\/2016\/05\/empleada-Shell.jpg 620w, https:\/\/www.elsindical.com.ar\/notas\/var\/www\/html\/notas\/wp-content\/uploads\/2016\/05\/empleada-Shell-300x168.jpg 300w, https:\/\/www.elsindical.com.ar\/notas\/var\/www\/html\/notas\/wp-content\/uploads\/2016\/05\/empleada-Shell-500x281.jpg 500w\" sizes=\"auto, (max-width: 735px) 100vw, 735px\" \/><\/a><\/figure><\/div>\n\n\n\n<p><strong>La petrolera Shell aument\u00f3 este lunes sus combustibles entre el 10% y el 15% y se sum\u00f3 a YPF en los ajustes a sus productos.<\/strong><\/p>\n\n\n\n<p>La petrolera Shell aument\u00f3 este lunes sus combustibles entre el 10% y el 15% y se sum\u00f3 a YPF en los ajustes a sus productos, en un contexto de suba del precio internacional del petr\u00f3leo a ra\u00edz de la invasi\u00f3n de Rusia en Ucrania.<\/p>\n\n\n\n<p>Fuentes de la compa\u00f1\u00eda Raizen, licenciataria de Shell en la Argentina, informaron que los nuevos valores por litro en la ciudad de Buenos Aires pasaron a ser de $134,70 en la V-Power; $111,90 en la S\u00faper; $130,80 en la V-Power Diesel y $107,80 en la F\u00f3rmula Diesel.<\/p>\n\n\n\n<p>Como es habitual, los precios pueden variar en el resto del pa\u00eds, debido a diferencias en el componente impositivo.<\/p>\n\n\n\n<p>Por su parte, desde Axion indicaron que a\u00fan no resolvieron ajustes pero que se encuentran analizando los movimientos de precios de YPF, principal referencia del mercado de combustibles, por representar cerca del 55% de la comercializaci\u00f3n total.<\/p>\n\n\n\n<p>Al respecto, YPF anunci\u00f3 minutos antes de la medianoche del domingo aumentos a partir de hoy del 9,5% promedio el precio de sus combustibles b\u00e1sicos y 11,5% promedio en los premium, en lo que constituy\u00f3 el segundo incremento dispuesto en el a\u00f1o.<\/p>\n","protected":false},"excerpt":{"rendered":"<p>La petrolera Shell aument\u00f3 este lunes sus combustibles entre el 10% y el 15% y se sum\u00f3 a YPF en los ajustes a sus productos. La petrolera Shell aument\u00f3 este lunes sus combustibles entre el 10% y el 15% y se sum\u00f3 a YPF en los ajustes a sus productos, en un contexto de suba&hellip;<\/p>\n","protected":false},"author":1,"featured_media":59675,"comment_status":"open","ping_status":"open","sticky":false,"template":"","format":"standard","meta":{"footnotes":""},"categories":[9],"tags":[23498,2450,22023,9944],"class_list":["post-112160","post","type-post","status-publish","format-standard","has-post-thumbnail","hentry","category-economia","tag-aumento-combustibles","tag-diario-el-sindical","tag-economia","tag-shell"],"_links":{"self":[{"href":"https:\/\/www.elsindical.com.ar\/notas\/wp-json\/wp\/v2\/posts\/112160","targetHints":{"allow":["GET"]}}],"collection":[{"href":"https:\/\/www.elsindical.com.ar\/notas\/wp-json\/wp\/v2\/posts"}],"about":[{"href":"https:\/\/www.elsindical.com.ar\/notas\/wp-json\/wp\/v2\/types\/post"}],"author":[{"embeddable":true,"href":"https:\/\/www.elsindical.com.ar\/notas\/wp-json\/wp\/v2\/users\/1"}],"replies":[{"embeddable":true,"href":"https:\/\/www.elsindical.com.ar\/notas\/wp-json\/wp\/v2\/comments?post=112160"}],"version-history":[{"count":1,"href":"https:\/\/www.elsindical.com.ar\/notas\/wp-json\/wp\/v2\/posts\/112160\/revisions"}],"predecessor-version":[{"id":112161,"href":"https:\/\/www.elsindical.com.ar\/notas\/wp-json\/wp\/v2\/posts\/112160\/revisions\/112161"}],"wp:featuredmedia":[{"embeddable":true,"href":"https:\/\/www.elsindical.com.ar\/notas\/wp-json\/wp\/v2\/media\/59675"}],"wp:attachment":[{"href":"https:\/\/www.elsindical.com.ar\/notas\/wp-json\/wp\/v2\/media?parent=112160"}],"wp:term":[{"taxonomy":"category","embeddable":true,"href":"https:\/\/www.elsindical.com.ar\/notas\/wp-json\/wp\/v2\/categories?post=112160"},{"taxonomy":"post_tag","embeddable":true,"href":"https:\/\/www.elsindical.com.ar\/notas\/wp-json\/wp\/v2\/tags?post=112160"}],"curies":[{"name":"wp","href":"https:\/\/api.w.org\/{rel}","templated":true}]}}