{"id":112156,"date":"2022-03-15T10:22:04","date_gmt":"2022-03-15T13:22:04","guid":{"rendered":"https:\/\/www.elsindical.com.ar\/notas\/?p=112156"},"modified":"2022-03-15T10:22:05","modified_gmt":"2022-03-15T13:22:05","slug":"cordoba-tres-detenidos-por-abusar-de-una-menor-a-la-salida-de-un-boliche","status":"publish","type":"post","link":"https:\/\/www.elsindical.com.ar\/notas\/cordoba-tres-detenidos-por-abusar-de-una-menor-a-la-salida-de-un-boliche\/","title":{"rendered":"C\u00f3rdoba: Tres detenidos por abusar de una menor a la salida de un boliche"},"content":{"rendered":"\n<figure class=\"wp-block-image size-large\"><a href=\"https:\/\/www.elsindical.com.ar\/notas\/var\/www\/html\/notas\/wp-content\/uploads\/2022\/03\/detenidos-violacion-en-Cordoba.jpg\"><img loading=\"lazy\" decoding=\"async\" width=\"1024\" height=\"646\" src=\"https:\/\/www.elsindical.com.ar\/notas\/var\/www\/html\/notas\/wp-content\/uploads\/2022\/03\/detenidos-violacion-en-Cordoba-1024x646.jpg\" alt=\"\" class=\"wp-image-112157\" srcset=\"https:\/\/www.elsindical.com.ar\/notas\/var\/www\/html\/notas\/wp-content\/uploads\/2022\/03\/detenidos-violacion-en-Cordoba-1024x646.jpg 1024w, https:\/\/www.elsindical.com.ar\/notas\/var\/www\/html\/notas\/wp-content\/uploads\/2022\/03\/detenidos-violacion-en-Cordoba-300x189.jpg 300w, https:\/\/www.elsindical.com.ar\/notas\/var\/www\/html\/notas\/wp-content\/uploads\/2022\/03\/detenidos-violacion-en-Cordoba-768x484.jpg 768w, https:\/\/www.elsindical.com.ar\/notas\/var\/www\/html\/notas\/wp-content\/uploads\/2022\/03\/detenidos-violacion-en-Cordoba-476x300.jpg 476w, https:\/\/www.elsindical.com.ar\/notas\/var\/www\/html\/notas\/wp-content\/uploads\/2022\/03\/detenidos-violacion-en-Cordoba.jpg 1200w\" sizes=\"auto, (max-width: 1024px) 100vw, 1024px\" \/><\/a><\/figure>\n\n\n\n<p>Ocurri\u00f3 en Villa Dolores. Los sospechosos son todos mayores de edad y el caso se comenz\u00f3 a investigar tras la denuncia de la madre de la v\u00edctima.<\/p>\n\n\n\n<p><mark><strong>El esc\u00e1ndalo es may\u00fasculo en Villa Dolores<\/strong><\/mark>, una ciudad ubicada a 190 kil\u00f3metros al Sureste de la capital cordobesa. Y muchos lo relacionan con lo ocurrido el Palermo el pasado feriado 28 de febrero: <mark><strong>tres j\u00f3venes fueron detenidos e imputados por la presunta violaci\u00f3n en grupo de una adolescentes.<\/strong><\/mark><\/p>\n\n\n\n<p>Fuentes judiciales informaron que \u201cla Fiscal\u00eda de Instrucci\u00f3n de Primera Nominaci\u00f3n de Villa Dolores orden\u00f3 y llevo a cabo la detenci\u00f3n de tres sujetos mayores de edad <strong>imputados por la supuesta participaci\u00f3n en un hecho de abuso sexual con acceso carnal agravado <\/strong>por la participaci\u00f3n de dos o m\u00e1s personas\u201d.<\/p>\n\n\n\n<p>La investigaci\u00f3n se inici\u00f3 en la unidad judicial de Villa Dolores, que queda a menos de 50 kil\u00f3metros de Mina Clavero, \u201c<strong>luego de la denuncia formulada por la madre de una menor de 17 a\u00f1os<\/strong>\u201d. Las fuentes indicaron que la v\u00edctima declar\u00f3 luego de haberse \u201centrevistado con una psic\u00f3loga del poder judicial, y tambi\u00e9n de testigos\u201d.<\/p>\n\n\n\n<p><mark><strong>El ataque sexual habr\u00eda ocurrido a la salida de un boliche de Villa Dolores<\/strong><\/mark> y, seg\u00fan la investigaci\u00f3n, se logr\u00f3 identificar a los supuestos autores y, luego de constatarse sus respectivos domicilios, se dispuso la detenci\u00f3n.<\/p>\n\n\n\n<p>\u201c<strong>Los imputados fueron trasladados al Establecimiento Penitenciario N\u00b08<\/strong>, y se aguarda la aceptaci\u00f3n de cargo de los abogados defensores propuestos\u201d, detallaron las fuentes del caso.<\/p>\n\n\n\n<p>De acuerdo con lo que precis\u00f3 el medio local <em>El Doce<\/em>, los sospechosos tienen 28, 24 y 23 a\u00f1os y fueron detenidos en sus respectivos hogares por el personal de la Divisi\u00f3n Brigada de Investigaciones, luego de una serie de actuaciones judiciales ordenadas por la fiscal <strong>Mar\u00eda Eugenia Ferreyra<\/strong>.<\/p>\n","protected":false},"excerpt":{"rendered":"<p>Ocurri\u00f3 en Villa Dolores. Los sospechosos son todos mayores de edad y el caso se comenz\u00f3 a investigar tras la denuncia de la madre de la v\u00edctima. El esc\u00e1ndalo es may\u00fasculo en Villa Dolores, una ciudad ubicada a 190 kil\u00f3metros al Sureste de la capital cordobesa. Y muchos lo relacionan con lo ocurrido el Palermo&hellip;<\/p>\n","protected":false},"author":1,"featured_media":112157,"comment_status":"open","ping_status":"open","sticky":false,"template":"","format":"standard","meta":{"footnotes":""},"categories":[22],"tags":[153,742,2450,223,10048,25157],"class_list":["post-112156","post","type-post","status-publish","format-standard","has-post-thumbnail","hentry","category-policiales","tag-cordoba","tag-detenidos","tag-diario-el-sindical","tag-menor","tag-villa-dolores","tag-violacion-grupal"],"_links":{"self":[{"href":"https:\/\/www.elsindical.com.ar\/notas\/wp-json\/wp\/v2\/posts\/112156","targetHints":{"allow":["GET"]}}],"collection":[{"href":"https:\/\/www.elsindical.com.ar\/notas\/wp-json\/wp\/v2\/posts"}],"about":[{"href":"https:\/\/www.elsindical.com.ar\/notas\/wp-json\/wp\/v2\/types\/post"}],"author":[{"embeddable":true,"href":"https:\/\/www.elsindical.com.ar\/notas\/wp-json\/wp\/v2\/users\/1"}],"replies":[{"embeddable":true,"href":"https:\/\/www.elsindical.com.ar\/notas\/wp-json\/wp\/v2\/comments?post=112156"}],"version-history":[{"count":1,"href":"https:\/\/www.elsindical.com.ar\/notas\/wp-json\/wp\/v2\/posts\/112156\/revisions"}],"predecessor-version":[{"id":112158,"href":"https:\/\/www.elsindical.com.ar\/notas\/wp-json\/wp\/v2\/posts\/112156\/revisions\/112158"}],"wp:featuredmedia":[{"embeddable":true,"href":"https:\/\/www.elsindical.com.ar\/notas\/wp-json\/wp\/v2\/media\/112157"}],"wp:attachment":[{"href":"https:\/\/www.elsindical.com.ar\/notas\/wp-json\/wp\/v2\/media?parent=112156"}],"wp:term":[{"taxonomy":"category","embeddable":true,"href":"https:\/\/www.elsindical.com.ar\/notas\/wp-json\/wp\/v2\/categories?post=112156"},{"taxonomy":"post_tag","embeddable":true,"href":"https:\/\/www.elsindical.com.ar\/notas\/wp-json\/wp\/v2\/tags?post=112156"}],"curies":[{"name":"wp","href":"https:\/\/api.w.org\/{rel}","templated":true}]}}