{"id":112149,"date":"2022-03-15T09:03:24","date_gmt":"2022-03-15T12:03:24","guid":{"rendered":"https:\/\/www.elsindical.com.ar\/notas\/?p=112149"},"modified":"2022-10-05T22:28:27","modified_gmt":"2022-10-06T01:28:27","slug":"pablo-forsa-un-maestro-del-engano","status":"publish","type":"post","link":"https:\/\/www.elsindical.com.ar\/notas\/pablo-forsa-un-maestro-del-engano\/","title":{"rendered":"Ver\u00f3nica P\u00e9rez, obra ilegal y trabajo precarizado"},"content":{"rendered":"<div class=\"wp-block-image\">\n<figure class=\"aligncenter size-large\"><a href=\"https:\/\/www.elsindical.com.ar\/notas\/var\/www\/html\/notas\/wp-content\/uploads\/2022\/03\/albaniles-de-joda-1.jpg\"><img loading=\"lazy\" decoding=\"async\" width=\"1024\" height=\"507\" src=\"https:\/\/www.elsindical.com.ar\/notas\/var\/www\/html\/notas\/wp-content\/uploads\/2022\/03\/albaniles-de-joda-1-1024x507.jpg\" alt=\"\" class=\"wp-image-112150\" srcset=\"https:\/\/www.elsindical.com.ar\/notas\/var\/www\/html\/notas\/wp-content\/uploads\/2022\/03\/albaniles-de-joda-1-1024x507.jpg 1024w, https:\/\/www.elsindical.com.ar\/notas\/var\/www\/html\/notas\/wp-content\/uploads\/2022\/03\/albaniles-de-joda-1-300x149.jpg 300w, https:\/\/www.elsindical.com.ar\/notas\/var\/www\/html\/notas\/wp-content\/uploads\/2022\/03\/albaniles-de-joda-1-768x381.jpg 768w, https:\/\/www.elsindical.com.ar\/notas\/var\/www\/html\/notas\/wp-content\/uploads\/2022\/03\/albaniles-de-joda-1-500x248.jpg 500w, https:\/\/www.elsindical.com.ar\/notas\/var\/www\/html\/notas\/wp-content\/uploads\/2022\/03\/albaniles-de-joda-1.jpg 1134w\" sizes=\"auto, (max-width: 1024px) 100vw, 1024px\" \/><\/a><\/figure>\n<\/div>\n\n\n<p>   Cuando el gato no est\u00e1 los ratones est\u00e1n de fiesta dice el viejo refr\u00e1n y nunca mejor para definir lo que ocurre en la \u00abobra\u00bb que nunca tuvo un responsable de la direcci\u00f3n de la obra, luego de pedir informes y denuncias las irregularidades, se pudo saber que el responsable que ten\u00eda el cartel de la obra era ajeno a todo lo que ocurr\u00eda, incluso que la due\u00f1a o propietaria incumpli\u00f3 el contrato y us\u00f3 los datos del profesional de manera ilegal.  Donde los alba\u00f1iles contratados en la propiedad de la calle<strong> Tapalqu\u00e9 1621 <\/strong>de Gerli, Avellaneda, han ido entrando en calor y ya confiados que nadie controla nada, le hacen saber al barrio que llegaron a trabajar, m\u00fasica a alto volumen, gritos innecesarios e insultos entre ellos que se oyen en los domicilios, un lindo despertar para muchos.<\/p>\n\n\n\n<p>Ni la<strong> UOCRA<\/strong>, ni el <strong>municipio<\/strong> controlan nada y en Avellaneda que dicen ser un gobierno pro trabajador les importa las condiciones en las que trabajan los obreros de la construcci\u00f3n, zapatillas, bermudas, gorritas y dale que va, obvio que quien te contrata de forma irregular y no te cuida, menos te va a controlar.<\/p>\n\n\n\n<p>La cuesti\u00f3n es bien sencilla, una cosa es mano de obra barata para hacer una reforma, una habitaci\u00f3n y otra muy distinta es hacer una vivienda multifamiliar, sin responsable de obra y que los obreros trabajen como les quede m\u00e1s c\u00f3modo, \u00bfqu\u00e9 puede fallar?.<\/p>\n\n\n\n<p>Veremos a futuro quienes se llevan el chasco de comprar esta obra dudosa, porque dicen que lo barato es caro, \u00bfa d\u00f3nde habr\u00e1n llevado materiales en varias oportunidades?, pero tambi\u00e9n es responsabilidad de quien contrata a alguien que trabaja y contrata de forma irregular.<\/p>\n\n\n\n<p>Los vecinos contentos con estos \u00abalegres\u00bb alba\u00f1iles que te musicalizan las ma\u00f1anas y te hacen sentir estar en la popular de Chacarita, vamos los pibes!!!<\/p>\n\n\n\n<figure class=\"wp-block-image size-full\"><a href=\"https:\/\/www.elsindical.com.ar\/notas\/var\/www\/html\/notas\/wp-content\/uploads\/2022\/03\/albaniles-de-joda-2.jpg\"><img loading=\"lazy\" decoding=\"async\" width=\"850\" height=\"395\" src=\"https:\/\/www.elsindical.com.ar\/notas\/var\/www\/html\/notas\/wp-content\/uploads\/2022\/03\/albaniles-de-joda-2.jpg\" alt=\"\" class=\"wp-image-112151\" srcset=\"https:\/\/www.elsindical.com.ar\/notas\/var\/www\/html\/notas\/wp-content\/uploads\/2022\/03\/albaniles-de-joda-2.jpg 850w, https:\/\/www.elsindical.com.ar\/notas\/var\/www\/html\/notas\/wp-content\/uploads\/2022\/03\/albaniles-de-joda-2-300x139.jpg 300w, https:\/\/www.elsindical.com.ar\/notas\/var\/www\/html\/notas\/wp-content\/uploads\/2022\/03\/albaniles-de-joda-2-768x357.jpg 768w, https:\/\/www.elsindical.com.ar\/notas\/var\/www\/html\/notas\/wp-content\/uploads\/2022\/03\/albaniles-de-joda-2-500x232.jpg 500w\" sizes=\"auto, (max-width: 850px) 100vw, 850px\" \/><\/a><\/figure>\n\n\n\n<figure class=\"wp-block-embed is-type-video is-provider-youtube wp-block-embed-youtube wp-embed-aspect-16-9 wp-has-aspect-ratio\"><div class=\"wp-block-embed__wrapper\">\n<iframe loading=\"lazy\" title=\"Alba\u00f1iles de joda Tapalqu\u00e9 1621\" width=\"700\" height=\"394\" src=\"https:\/\/www.youtube.com\/embed\/Y1B9JoGgvPI?feature=oembed\" frameborder=\"0\" allow=\"accelerometer; autoplay; clipboard-write; encrypted-media; gyroscope; picture-in-picture\" allowfullscreen><\/iframe>\n<\/div><\/figure>\n\n\n\n<p>Por Marcelo Ricardo Hawrylciw<\/p>\n","protected":false},"excerpt":{"rendered":"<p>Cuando el gato no est\u00e1 los ratones est\u00e1n de fiesta dice el viejo refr\u00e1n y nunca mejor para definir lo que ocurre en la \u00abobra\u00bb que nunca tuvo un responsable de la direcci\u00f3n de la obra, luego de pedir informes y denuncias las irregularidades, se pudo saber que el responsable que ten\u00eda el cartel de&hellip;<\/p>\n","protected":false},"author":1,"featured_media":112150,"comment_status":"open","ping_status":"open","sticky":false,"template":"","format":"standard","meta":{"footnotes":""},"categories":[6],"tags":[461,22020,2450,1662,765,37939],"class_list":["post-112149","post","type-post","status-publish","format-standard","has-post-thumbnail","hentry","category-denuncias","tag-avellaneda","tag-denuncias","tag-diario-el-sindical","tag-gerli","tag-obras","tag-veronica-perez"],"_links":{"self":[{"href":"https:\/\/www.elsindical.com.ar\/notas\/wp-json\/wp\/v2\/posts\/112149","targetHints":{"allow":["GET"]}}],"collection":[{"href":"https:\/\/www.elsindical.com.ar\/notas\/wp-json\/wp\/v2\/posts"}],"about":[{"href":"https:\/\/www.elsindical.com.ar\/notas\/wp-json\/wp\/v2\/types\/post"}],"author":[{"embeddable":true,"href":"https:\/\/www.elsindical.com.ar\/notas\/wp-json\/wp\/v2\/users\/1"}],"replies":[{"embeddable":true,"href":"https:\/\/www.elsindical.com.ar\/notas\/wp-json\/wp\/v2\/comments?post=112149"}],"version-history":[{"count":6,"href":"https:\/\/www.elsindical.com.ar\/notas\/wp-json\/wp\/v2\/posts\/112149\/revisions"}],"predecessor-version":[{"id":117138,"href":"https:\/\/www.elsindical.com.ar\/notas\/wp-json\/wp\/v2\/posts\/112149\/revisions\/117138"}],"wp:featuredmedia":[{"embeddable":true,"href":"https:\/\/www.elsindical.com.ar\/notas\/wp-json\/wp\/v2\/media\/112150"}],"wp:attachment":[{"href":"https:\/\/www.elsindical.com.ar\/notas\/wp-json\/wp\/v2\/media?parent=112149"}],"wp:term":[{"taxonomy":"category","embeddable":true,"href":"https:\/\/www.elsindical.com.ar\/notas\/wp-json\/wp\/v2\/categories?post=112149"},{"taxonomy":"post_tag","embeddable":true,"href":"https:\/\/www.elsindical.com.ar\/notas\/wp-json\/wp\/v2\/tags?post=112149"}],"curies":[{"name":"wp","href":"https:\/\/api.w.org\/{rel}","templated":true}]}}