{"id":112090,"date":"2022-03-13T09:52:59","date_gmt":"2022-03-13T12:52:59","guid":{"rendered":"https:\/\/www.elsindical.com.ar\/notas\/?p=112090"},"modified":"2022-03-13T09:53:00","modified_gmt":"2022-03-13T12:53:00","slug":"la-plata-encontraron-el-cadaver-de-un-hombre-envuelto-en-una-bolsa-de-nylon-en-la-ruta-2","status":"publish","type":"post","link":"https:\/\/www.elsindical.com.ar\/notas\/la-plata-encontraron-el-cadaver-de-un-hombre-envuelto-en-una-bolsa-de-nylon-en-la-ruta-2\/","title":{"rendered":"La Plata: Encontraron el cad\u00e1ver de un hombre envuelto en una bolsa de nylon en la Ruta 2"},"content":{"rendered":"\n<div class=\"wp-block-image\"><figure class=\"aligncenter size-full\"><a href=\"https:\/\/www.elsindical.com.ar\/notas\/var\/www\/html\/notas\/wp-content\/uploads\/2022\/03\/cadaver-en-Ruta-2-La-Plata.jpg\"><img loading=\"lazy\" decoding=\"async\" width=\"760\" height=\"435\" src=\"https:\/\/www.elsindical.com.ar\/notas\/var\/www\/html\/notas\/wp-content\/uploads\/2022\/03\/cadaver-en-Ruta-2-La-Plata.jpg\" alt=\"\" class=\"wp-image-112091\" srcset=\"https:\/\/www.elsindical.com.ar\/notas\/var\/www\/html\/notas\/wp-content\/uploads\/2022\/03\/cadaver-en-Ruta-2-La-Plata.jpg 760w, https:\/\/www.elsindical.com.ar\/notas\/var\/www\/html\/notas\/wp-content\/uploads\/2022\/03\/cadaver-en-Ruta-2-La-Plata-300x172.jpg 300w, https:\/\/www.elsindical.com.ar\/notas\/var\/www\/html\/notas\/wp-content\/uploads\/2022\/03\/cadaver-en-Ruta-2-La-Plata-500x286.jpg 500w, https:\/\/www.elsindical.com.ar\/notas\/var\/www\/html\/notas\/wp-content\/uploads\/2022\/03\/cadaver-en-Ruta-2-La-Plata-220x126.jpg 220w\" sizes=\"auto, (max-width: 760px) 100vw, 760px\" \/><\/a><\/figure><\/div>\n\n\n\n<p>El cuerpo corresponde a un hombre de unos 60 a\u00f1os y fue hallado a la altura de La Plata. Ten\u00eda la boca amordazada y una bolsa arpillera a sus pies.<\/p>\n\n\n\n<p>El\u00a0<strong>cad\u00e1ver de un hombre<\/strong>\u00a0de unos 60 a\u00f1os<strong>\u00a0fue encontrado envuelto en una bolsa de nylon y tapado con una frazada<\/strong>\u00a0a la vera de la\u00a0<strong>Ruta 2<\/strong>, a la altura de la localidad platense de Lisandro Olmos.<\/p>\n\n\n\n<p>Seg\u00fan confirmaron fuentes policiales, el macabro hallazgo ocurri\u00f3 este viernes a la tarde a la altura del kil\u00f3metro 67, y fue una mujer que iba en moto la que lo vio y dio aviso a la polic\u00eda.<\/p>\n\n\n\n<p>Adem\u00e1s de estar&nbsp;<strong>envuelto en nylon, el hombre ten\u00eda la boca amordazada, y una bolsa arpillera a sus pies<\/strong>. Los investigadores sospechan que el crimen fue cometido en otro lugar diferente al del hallazgo.<\/p>\n\n\n\n<p>Tras recibir el aviso,&nbsp;<strong>efectivos de la Comisar\u00eda 15ta, de Lisandro Olmos concurrieron al lugar y levantaron rastros que ser\u00e1n analizados.<\/strong><\/p>\n\n\n\n<p>La causa qued\u00f3 a cargo de la Unidad Funcional de Instrucci\u00f3n 16 de La Plata, cuyo titular es el fiscal Juan Cruz Condom\u00ed Alcorta desde donde se ordenaron las pericias y la autopsia al cuerpo que se realizar\u00e1 en la morgue policial. Por el momento,&nbsp;<strong>el hecho fue caratulado \u00abaveriguaci\u00f3n de causales de muerte\u00bb.<\/strong><\/p>\n","protected":false},"excerpt":{"rendered":"<p>El cuerpo corresponde a un hombre de unos 60 a\u00f1os y fue hallado a la altura de La Plata. Ten\u00eda la boca amordazada y una bolsa arpillera a sus pies. El\u00a0cad\u00e1ver de un hombre\u00a0de unos 60 a\u00f1os\u00a0fue encontrado envuelto en una bolsa de nylon y tapado con una frazada\u00a0a la vera de la\u00a0Ruta 2, a&hellip;<\/p>\n","protected":false},"author":1,"featured_media":112091,"comment_status":"open","ping_status":"open","sticky":false,"template":"","format":"standard","meta":{"footnotes":""},"categories":[22],"tags":[2409,2450,239,10069,2423],"class_list":["post-112090","post","type-post","status-publish","format-standard","has-post-thumbnail","hentry","category-policiales","tag-cadaver","tag-diario-el-sindical","tag-la-plata","tag-lisandro-olmos","tag-ruta-2"],"_links":{"self":[{"href":"https:\/\/www.elsindical.com.ar\/notas\/wp-json\/wp\/v2\/posts\/112090","targetHints":{"allow":["GET"]}}],"collection":[{"href":"https:\/\/www.elsindical.com.ar\/notas\/wp-json\/wp\/v2\/posts"}],"about":[{"href":"https:\/\/www.elsindical.com.ar\/notas\/wp-json\/wp\/v2\/types\/post"}],"author":[{"embeddable":true,"href":"https:\/\/www.elsindical.com.ar\/notas\/wp-json\/wp\/v2\/users\/1"}],"replies":[{"embeddable":true,"href":"https:\/\/www.elsindical.com.ar\/notas\/wp-json\/wp\/v2\/comments?post=112090"}],"version-history":[{"count":1,"href":"https:\/\/www.elsindical.com.ar\/notas\/wp-json\/wp\/v2\/posts\/112090\/revisions"}],"predecessor-version":[{"id":112092,"href":"https:\/\/www.elsindical.com.ar\/notas\/wp-json\/wp\/v2\/posts\/112090\/revisions\/112092"}],"wp:featuredmedia":[{"embeddable":true,"href":"https:\/\/www.elsindical.com.ar\/notas\/wp-json\/wp\/v2\/media\/112091"}],"wp:attachment":[{"href":"https:\/\/www.elsindical.com.ar\/notas\/wp-json\/wp\/v2\/media?parent=112090"}],"wp:term":[{"taxonomy":"category","embeddable":true,"href":"https:\/\/www.elsindical.com.ar\/notas\/wp-json\/wp\/v2\/categories?post=112090"},{"taxonomy":"post_tag","embeddable":true,"href":"https:\/\/www.elsindical.com.ar\/notas\/wp-json\/wp\/v2\/tags?post=112090"}],"curies":[{"name":"wp","href":"https:\/\/api.w.org\/{rel}","templated":true}]}}