{"id":112045,"date":"2022-03-10T23:04:31","date_gmt":"2022-03-11T02:04:31","guid":{"rendered":"https:\/\/www.elsindical.com.ar\/notas\/?p=112045"},"modified":"2022-03-10T23:04:32","modified_gmt":"2022-03-11T02:04:32","slug":"jornada-nacional-de-lucha-en-rechazo-al-acuerdo-de-ajuste-con-el-fmi","status":"publish","type":"post","link":"https:\/\/www.elsindical.com.ar\/notas\/jornada-nacional-de-lucha-en-rechazo-al-acuerdo-de-ajuste-con-el-fmi\/","title":{"rendered":"JORNADA NACIONAL DE LUCHA EN RECHAZO AL ACUERDO DE AJUSTE CON EL FMI"},"content":{"rendered":"\n<div class=\"wp-block-image\"><figure class=\"aligncenter size-large\"><a href=\"https:\/\/www.elsindical.com.ar\/notas\/var\/www\/html\/notas\/wp-content\/uploads\/2022\/03\/Multitud-jornada-lucha-FMI.jpeg\"><img loading=\"lazy\" decoding=\"async\" width=\"1024\" height=\"470\" src=\"https:\/\/www.elsindical.com.ar\/notas\/var\/www\/html\/notas\/wp-content\/uploads\/2022\/03\/Multitud-jornada-lucha-FMI-1024x470.jpeg\" alt=\"\" class=\"wp-image-112046\" srcset=\"https:\/\/www.elsindical.com.ar\/notas\/var\/www\/html\/notas\/wp-content\/uploads\/2022\/03\/Multitud-jornada-lucha-FMI-1024x470.jpeg 1024w, https:\/\/www.elsindical.com.ar\/notas\/var\/www\/html\/notas\/wp-content\/uploads\/2022\/03\/Multitud-jornada-lucha-FMI-300x138.jpeg 300w, https:\/\/www.elsindical.com.ar\/notas\/var\/www\/html\/notas\/wp-content\/uploads\/2022\/03\/Multitud-jornada-lucha-FMI-768x352.jpeg 768w, https:\/\/www.elsindical.com.ar\/notas\/var\/www\/html\/notas\/wp-content\/uploads\/2022\/03\/Multitud-jornada-lucha-FMI-500x229.jpeg 500w, https:\/\/www.elsindical.com.ar\/notas\/var\/www\/html\/notas\/wp-content\/uploads\/2022\/03\/Multitud-jornada-lucha-FMI-1536x705.jpeg 1536w, https:\/\/www.elsindical.com.ar\/notas\/var\/www\/html\/notas\/wp-content\/uploads\/2022\/03\/Multitud-jornada-lucha-FMI.jpeg 1600w\" sizes=\"auto, (max-width: 1024px) 100vw, 1024px\" \/><\/a><\/figure><\/div>\n\n\n\n<p>En el marco de la sesi\u00f3n de la C\u00e1mara de Diputados de la Naci\u00f3n para tratar el acuerdo con el Fondo Monetario Internacional, desde esta ma\u00f1ana hay una multitudinaria movilizaci\u00f3n en el Congreso Nacional y una jornada de protesta en todo el pa\u00eds para rechazar el acuerdo y el ajuste.<\/p>\n\n\n\n<p>En la convocatoria participan organizaciones sociales, pol\u00edticas, de desocupados y sectores del sindicalismo combativo. Como parte de la convocatoria a la movilizaci\u00f3n por parte del Frente de Izquierda Unidad, se expresaron los diputados y dirigentes del PTS-FIT:<\/p>\n\n\n\n<p>Al respecto, Nicol\u00e1s del Ca\u00f1o asegur\u00f3 que \u00abDesde el Frente de Izquierda vamos a rechazar este acuerdo para para legitimar y legalizar la deuda fraudulenta que contrajo el gobierno de Mauricio Macri y que va a traer consecuencias realmente terribles para el pueblo trabajador con un dur\u00edsimo ajuste y de la hipoteca de generaciones enteras. Nos est\u00e1n llevando a un nuevo default o a volver a refinanciar esta deuda que qui\u00e9n sabe cu\u00e1ndo estaremos pagando est\u00e1 deuda completamente ileg\u00edtima.\u00bb<\/p>\n\n\n\n<p>Y agreg\u00f3: \u00abYa hemos realizado diferentes movilizaciones y hoy estamos en una movilizaci\u00f3n multitudinaria con decenas de miles de compa\u00f1eros\/as aqu\u00ed frente al Congreso. El Frente de Izquierda es la \u00fanica fuerza coherente que lo rechaza en el recinto y tambi\u00e9n en las calles.\u00bb<\/p>\n\n\n\n<p>Por su parte, la diputada nacional Myriam Bregman declar\u00f3: \u00abHicimos el compromiso en campa\u00f1a de votar en contra, los que ten\u00edan que dar explicaciones son los que van a votar a favor. Intentan borrar la estafa que llev\u00f3 adelante Mauricio Macri, que no ha sufrido ninguna consecuencia por lo que hizo.\u00bb<\/p>\n\n\n\n<p>\u00abSe lo dije a Guzm\u00e1n, por m\u00e1s que lo presenten de modo tranquilo sigue siendo un acuerdo de austeridad. Van a tener que explicar los que voten a favor como se les ocurre volver por el mismo camino. Estamos frente a un deuda que debe ser rechazada en el Congreso y en las calles\u00bb.<\/p>\n\n\n\n<p id=\"v1gmail-docs-internal-guid-43e01f34-7fff-1cf9-0f53-531e6b4fed45\">Paula Canalis, referente del PTS &#8211; FITU en Lomas de Zamora agreg\u00f3: \u00abMientras Alberto Fern\u00e1ndez dice que no se tocar\u00e1n los reg\u00edmenes jubilatorios especiales, nosotros sabemos que eso es mentira. Las mujeres por tener mayoritariamente trabajos precarios sin aportes, somos las m\u00e1s perjudicadas\u00bb.<\/p>\n\n\n\n<figure class=\"wp-block-image size-large\"><a href=\"https:\/\/www.elsindical.com.ar\/notas\/var\/www\/html\/notas\/wp-content\/uploads\/2022\/03\/acuerdo-FMI.jpeg\"><img loading=\"lazy\" decoding=\"async\" width=\"1024\" height=\"683\" src=\"https:\/\/www.elsindical.com.ar\/notas\/var\/www\/html\/notas\/wp-content\/uploads\/2022\/03\/acuerdo-FMI-1024x683.jpeg\" alt=\"\" class=\"wp-image-112047\" srcset=\"https:\/\/www.elsindical.com.ar\/notas\/var\/www\/html\/notas\/wp-content\/uploads\/2022\/03\/acuerdo-FMI-1024x683.jpeg 1024w, https:\/\/www.elsindical.com.ar\/notas\/var\/www\/html\/notas\/wp-content\/uploads\/2022\/03\/acuerdo-FMI-300x200.jpeg 300w, https:\/\/www.elsindical.com.ar\/notas\/var\/www\/html\/notas\/wp-content\/uploads\/2022\/03\/acuerdo-FMI-768x512.jpeg 768w, https:\/\/www.elsindical.com.ar\/notas\/var\/www\/html\/notas\/wp-content\/uploads\/2022\/03\/acuerdo-FMI-450x300.jpeg 450w, https:\/\/www.elsindical.com.ar\/notas\/var\/www\/html\/notas\/wp-content\/uploads\/2022\/03\/acuerdo-FMI-1536x1024.jpeg 1536w, https:\/\/www.elsindical.com.ar\/notas\/var\/www\/html\/notas\/wp-content\/uploads\/2022\/03\/acuerdo-FMI.jpeg 1599w\" sizes=\"auto, (max-width: 1024px) 100vw, 1024px\" \/><\/a><\/figure>\n","protected":false},"excerpt":{"rendered":"<p>En el marco de la sesi\u00f3n de la C\u00e1mara de Diputados de la Naci\u00f3n para tratar el acuerdo con el Fondo Monetario Internacional, desde esta ma\u00f1ana hay una multitudinaria movilizaci\u00f3n en el Congreso Nacional y una jornada de protesta en todo el pa\u00eds para rechazar el acuerdo y el ajuste. En la convocatoria participan organizaciones&hellip;<\/p>\n","protected":false},"author":1,"featured_media":112046,"comment_status":"open","ping_status":"open","sticky":false,"template":"","format":"standard","meta":{"footnotes":""},"categories":[13],"tags":[926,3234,36717,2450,1377,6925,20258,20259],"class_list":["post-112045","post","type-post","status-publish","format-standard","has-post-thumbnail","hentry","category-politica","tag-acuerdo","tag-congreso-nacional","tag-deuda-votacion","tag-diario-el-sindical","tag-diputados","tag-fmi","tag-nicolas-del-cano","tag-pts-fit"],"_links":{"self":[{"href":"https:\/\/www.elsindical.com.ar\/notas\/wp-json\/wp\/v2\/posts\/112045","targetHints":{"allow":["GET"]}}],"collection":[{"href":"https:\/\/www.elsindical.com.ar\/notas\/wp-json\/wp\/v2\/posts"}],"about":[{"href":"https:\/\/www.elsindical.com.ar\/notas\/wp-json\/wp\/v2\/types\/post"}],"author":[{"embeddable":true,"href":"https:\/\/www.elsindical.com.ar\/notas\/wp-json\/wp\/v2\/users\/1"}],"replies":[{"embeddable":true,"href":"https:\/\/www.elsindical.com.ar\/notas\/wp-json\/wp\/v2\/comments?post=112045"}],"version-history":[{"count":1,"href":"https:\/\/www.elsindical.com.ar\/notas\/wp-json\/wp\/v2\/posts\/112045\/revisions"}],"predecessor-version":[{"id":112048,"href":"https:\/\/www.elsindical.com.ar\/notas\/wp-json\/wp\/v2\/posts\/112045\/revisions\/112048"}],"wp:featuredmedia":[{"embeddable":true,"href":"https:\/\/www.elsindical.com.ar\/notas\/wp-json\/wp\/v2\/media\/112046"}],"wp:attachment":[{"href":"https:\/\/www.elsindical.com.ar\/notas\/wp-json\/wp\/v2\/media?parent=112045"}],"wp:term":[{"taxonomy":"category","embeddable":true,"href":"https:\/\/www.elsindical.com.ar\/notas\/wp-json\/wp\/v2\/categories?post=112045"},{"taxonomy":"post_tag","embeddable":true,"href":"https:\/\/www.elsindical.com.ar\/notas\/wp-json\/wp\/v2\/tags?post=112045"}],"curies":[{"name":"wp","href":"https:\/\/api.w.org\/{rel}","templated":true}]}}