{"id":11203,"date":"2010-12-08T00:24:11","date_gmt":"2010-12-08T03:24:11","guid":{"rendered":"http:\/\/www.elsindical.com.ar\/notas\/?p=11203"},"modified":"2010-12-08T00:24:11","modified_gmt":"2010-12-08T03:24:11","slug":"asaltaron-el-sindicato-de-obreros-de-cementerios","status":"publish","type":"post","link":"https:\/\/www.elsindical.com.ar\/notas\/asaltaron-el-sindicato-de-obreros-de-cementerios\/","title":{"rendered":"Asaltaron el Sindicato de Obreros de Cementerios"},"content":{"rendered":"<p style=\"text-align: justify;\"><em><a href=\"http:\/\/www.elsindical.com.ar\/notas\/var\/www\/html\/notas\/wp-content\/uploads\/2010\/12\/Logo-SOECRA.jpg\"><img loading=\"lazy\" decoding=\"async\" class=\"alignleft size-full wp-image-11204\" title=\"Logo-SOECRA\" src=\"http:\/\/www.elsindical.com.ar\/notas\/var\/www\/html\/notas\/wp-content\/uploads\/2010\/12\/Logo-SOECRA.jpg\" alt=\"\" width=\"295\" height=\"125\" \/><\/a>Un grupo de desconocidos asalt\u00f3 la sede del Sindicato de Obreros de Cementerios de la Rep\u00fablica Argentina (SOECRA), robaron dinero y golpearon al secretario general, Domingo Petrecca.<\/em><\/p>\n<p style=\"text-align: justify;\">El hecho ocurri\u00f3 este lunes, en la sede gremial ubicada en la avenida Federico Lacroze 3908, en el barrio de Chacarita y los delincuentes robaron una cifra de dinero aun no determinada, cheques y los sueldos de algunos empleados.<\/p>\n<p style=\"text-align: justify;\">Seg\u00fan inform\u00f3 el titular de SOECRA, Domingo Petrecca, \u00abel robo comenz\u00f3 alrededor de las 16, cuando a un hombre con uniforme de la empresa OCA que dec\u00eda traer correspondencia se le franque\u00f3 la puerta del sindicato\u00bb.<\/p>\n<p style=\"text-align: justify;\">\u00abUna vez que lleg\u00f3 al primer piso, desenfund\u00f3 una pistola y permiti\u00f3 el ingreso de otros tres delincuentes, quienes comenzaron a reclamar el dinero que hab\u00eda\u00bb, a\u00f1adi\u00f3.<\/p>\n<p style=\"text-align: justify;\">Petrecca precis\u00f3 que al escuchar los gritos sali\u00f3 de su despacho a \u00abver que ocurr\u00eda y all\u00ed fue cuando uno de los delincuentes dispar\u00f3 su arma y un balazo impact\u00f3 en el piso, tras lo cual me aplicaron dos culatazos que me produjeron cortes en el cuero cabelludo\u00bb.<\/p>\n<p style=\"text-align: justify;\">El sindicalista agreg\u00f3 que \u00abluego de ese incidente los delincuentes robaron dinero -una suma aun no determinada y algunos cheques- y les robaron los sueldos a algunos empleados que hab\u00edan cobrado ese d\u00eda y se fugaron\u00bb.<\/p>\n<p style=\"text-align: justify;\">Petrecca debi\u00f3 ser asistido de los culatazos en el Sanatorio G\u00fcemes y la denuncia del robo fue radicada en la seccional 29 de la Polic\u00eda Federal.<\/p>\n","protected":false},"excerpt":{"rendered":"<p>Un grupo de desconocidos asalt\u00f3 la sede del Sindicato de Obreros de Cementerios de la Rep\u00fablica Argentina (SOECRA), robaron dinero y golpearon al secretario general, Domingo Petrecca. El hecho ocurri\u00f3 este lunes, en la sede gremial ubicada en la avenida Federico Lacroze 3908, en el barrio de Chacarita y los delincuentes robaron una cifra de&hellip;<\/p>\n","protected":false},"author":1,"featured_media":0,"comment_status":"open","ping_status":"open","sticky":false,"template":"","format":"standard","meta":{"footnotes":""},"categories":[22],"tags":[5314,30,116,1255,5313],"class_list":["post-11203","post","type-post","status-publish","format-standard","hentry","category-policiales","tag-empleados-cementerios","tag-policia","tag-robo","tag-sindicato","tag-soecra"],"_links":{"self":[{"href":"https:\/\/www.elsindical.com.ar\/notas\/wp-json\/wp\/v2\/posts\/11203","targetHints":{"allow":["GET"]}}],"collection":[{"href":"https:\/\/www.elsindical.com.ar\/notas\/wp-json\/wp\/v2\/posts"}],"about":[{"href":"https:\/\/www.elsindical.com.ar\/notas\/wp-json\/wp\/v2\/types\/post"}],"author":[{"embeddable":true,"href":"https:\/\/www.elsindical.com.ar\/notas\/wp-json\/wp\/v2\/users\/1"}],"replies":[{"embeddable":true,"href":"https:\/\/www.elsindical.com.ar\/notas\/wp-json\/wp\/v2\/comments?post=11203"}],"version-history":[{"count":1,"href":"https:\/\/www.elsindical.com.ar\/notas\/wp-json\/wp\/v2\/posts\/11203\/revisions"}],"predecessor-version":[{"id":11205,"href":"https:\/\/www.elsindical.com.ar\/notas\/wp-json\/wp\/v2\/posts\/11203\/revisions\/11205"}],"wp:attachment":[{"href":"https:\/\/www.elsindical.com.ar\/notas\/wp-json\/wp\/v2\/media?parent=11203"}],"wp:term":[{"taxonomy":"category","embeddable":true,"href":"https:\/\/www.elsindical.com.ar\/notas\/wp-json\/wp\/v2\/categories?post=11203"},{"taxonomy":"post_tag","embeddable":true,"href":"https:\/\/www.elsindical.com.ar\/notas\/wp-json\/wp\/v2\/tags?post=11203"}],"curies":[{"name":"wp","href":"https:\/\/api.w.org\/{rel}","templated":true}]}}