{"id":111981,"date":"2022-03-08T01:16:20","date_gmt":"2022-03-08T04:16:20","guid":{"rendered":"https:\/\/www.elsindical.com.ar\/notas\/?p=111981"},"modified":"2022-03-08T01:16:21","modified_gmt":"2022-03-08T04:16:21","slug":"florencio-varela-tomo-como-rehenes-a-dos-empleados-judiciales-en-una-defensoria-y-luego-de-3-horas-se-entrego","status":"publish","type":"post","link":"https:\/\/www.elsindical.com.ar\/notas\/florencio-varela-tomo-como-rehenes-a-dos-empleados-judiciales-en-una-defensoria-y-luego-de-3-horas-se-entrego\/","title":{"rendered":"Florencio Varela: Tom\u00f3 como rehenes a dos empleados judiciales en una Defensor\u00eda y, luego de 3 horas, se entreg\u00f3"},"content":{"rendered":"\n<p class=\"wp-block-paragraph\">   <\/p>\n\n\n\n<div class=\"wp-block-image\"><figure class=\"aligncenter size-full is-resized\"><a href=\"https:\/\/www.elsindical.com.ar\/notas\/var\/www\/html\/notas\/wp-content\/uploads\/2022\/03\/toma-de-rehenes-Florencio-Varela.jpg\"><img loading=\"lazy\" decoding=\"async\" src=\"https:\/\/www.elsindical.com.ar\/notas\/var\/www\/html\/notas\/wp-content\/uploads\/2022\/03\/toma-de-rehenes-Florencio-Varela.jpg\" alt=\"\" class=\"wp-image-111982\" width=\"799\" height=\"529\" srcset=\"https:\/\/www.elsindical.com.ar\/notas\/var\/www\/html\/notas\/wp-content\/uploads\/2022\/03\/toma-de-rehenes-Florencio-Varela.jpg 640w, https:\/\/www.elsindical.com.ar\/notas\/var\/www\/html\/notas\/wp-content\/uploads\/2022\/03\/toma-de-rehenes-Florencio-Varela-300x199.jpg 300w, https:\/\/www.elsindical.com.ar\/notas\/var\/www\/html\/notas\/wp-content\/uploads\/2022\/03\/toma-de-rehenes-Florencio-Varela-453x300.jpg 453w\" sizes=\"auto, (max-width: 799px) 100vw, 799px\" \/><\/a><\/figure><\/div>\n\n\n\n<p class=\"wp-block-paragraph\">El fiscal a cargo de la causa, Hern\u00e1n Bustos Rivas, dijo esta tarde a la prensa desde el lugar del hecho que el hombre qued\u00f3 detenido y que los rehenes fueron liberados \u201csanos y salvos\u201d, aunque detall\u00f3 que uno de ellos, una joven empleada judicial, sufri\u00f3 algunos cortes leves que el agresor le produjo mientras la manten\u00eda bajo amenazas.<\/p>\n\n\n\n<p class=\"wp-block-paragraph\">\u201cSe lo logr\u00f3 deponer al delincuente mediante un gran trabajo de los mediadores del Grupo Halc\u00f3n\u201d, expres\u00f3 Bustos Rivas minutos despu\u00e9s de la detenci\u00f3n del agresor, tras lo cual dio detalles de la dram\u00e1tica situaci\u00f3n: \u201cEn todo momento el delincuente amenaz\u00f3 con matar a una chica que ten\u00eda sujeta. Durante las tres horas la tuvo sujeta permanentemente por la espalda sobre su lado derecho, mientras bland\u00eda una cuchilla con su otra mano, que era de tipo carnicero\u201d.<\/p>\n\n\n\n<p class=\"wp-block-paragraph\">El episodio se inici\u00f3 aproximadamente a las 10.50 en la Defensor\u00eda Civil 24, situada en la calle General Lavalle al 300, esquina Paz, del citado partido de la zona del sur del conurbano bonaerense.<\/p>\n\n\n\n<p class=\"wp-block-paragraph\">Fuentes policiales se\u00f1alaron a T\u00e9lam que el hombre que mantuvo a los rehenes bajo amenazas fue identificado como Mario Luis C\u00e1ceres (47), quien permaneci\u00f3 encerrado en una oficina con dos empleados, a quienes amenaz\u00f3 con un arma blanca, estilo cuchillo de carnicero.<\/p>\n\n\n\n<p class=\"wp-block-paragraph\">Seg\u00fan declar\u00f3 Bustos Rivas, C\u00e1ceres \u201cera un hombre violento que hab\u00eda sido denunciada por su esposa\u201d, por lo que fue excluido de su casa y actualmente pesa sobre \u00e9l una restricci\u00f3n dispuesta por juzgado de Familia 1 de Florencio Varela.<\/p>\n\n\n\n<p class=\"wp-block-paragraph\">\u201cCuando \u00e9l se vio objeto de una restricci\u00f3n, comenz\u00f3 con el conflicto. Ante esa situaci\u00f3n, vino con una mochila a la Defensor\u00eda, en la que ten\u00eda una cuchilla, e ingres\u00f3 de forma imprevista y tom\u00f3 de reh\u00e9n a esas dos personas\u201d, precis\u00f3 el letrado, quien a\u00f1adi\u00f3 que \u201cera un d\u00eda laborable normal\u201d en la mencionada sede judicial.<\/p>\n\n\n\n<p class=\"wp-block-paragraph\">En ese contexto, Bustos Rivas describi\u00f3 con detalle la dram\u00e1tica situaci\u00f3n: \u201cEn todo momento tom\u00f3 como escudo a la chica. La ten\u00eda como garant\u00eda para sus exigencias. En un momento, le levant\u00f3 la remera mientras le apoyaba el filo de la cuchilla\u201d.<\/p>\n\n\n\n<p class=\"wp-block-paragraph\">Pasado el mediod\u00eda, cuando la toma de rehenes estaba en curso, se hizo presente en el lugar el Grupo Halc\u00f3n de la polic\u00eda provincial, para hacerse cargo de la situaci\u00f3n y negociar con el atrincherado, que ten\u00eda un discurso \u201cdelirante\u201d.<\/p>\n\n\n\n<p class=\"wp-block-paragraph\">\u201cNo hab\u00eda una exigencia concreta, lo que hac\u00eda dificultosa la negociaci\u00f3n. El hac\u00eda un racconto de su vida y de sus padecimientos. \u00c9l planteaba su derrotero de problem\u00e1ticas con su mujer y sus hijos que hab\u00edan influido para que lo echen de la casa, pero no pidi\u00f3 por ning\u00fan familiar\u201d, relat\u00f3 el fiscal.<\/p>\n\n\n\n<p class=\"wp-block-paragraph\">Adem\u00e1s, Bustos Rivas agreg\u00f3: \u201cEn un momento empez\u00f3 con un discurso m\u00edstico, blandiendo el arma. Sobre un momento de final de las negociaciones, \u00e9l pas\u00f3 de rezar vers\u00edculos de la biblia a pedir una bordeadora para trabajar\u201d.<\/p>\n\n\n\n<p class=\"wp-block-paragraph\">Finalmente, cerca de las 14, un grupo t\u00e1ctico del Grupo Halc\u00f3n redujo a C\u00e1ceres, quien qued\u00f3 detenido.<\/p>\n\n\n\n<p class=\"wp-block-paragraph\">Los rehenes, en tanto, fueron identificados por los mismos voceros como Sebasti\u00e1n Caballero, quien se desempe\u00f1a como auxiliar letrado, y Agustina Galuedet, empleada de la mesa de entrada.<\/p>\n\n\n\n<p class=\"wp-block-paragraph\">\u201cLa chica tiene heridas lineales, en la espalda. Pero ambos est\u00e1n bien. Est\u00e1n en perfecto estado de salud y est\u00e1n siendo asistidos y contenidos por psic\u00f3logos del Ministerio de Seguridad\u201d provincial, concluy\u00f3 el fiscal a cargo de la causa.<\/p>\n\n\n\n<p class=\"wp-block-paragraph\">El detenido fue trasladado a la comisar\u00eda 1era de Florencia Varela y qued\u00f3 imputado por \u201cprivaci\u00f3n de la libertad coactiva\u201d por el fiscal Hern\u00e1n Bustos Rivas, a cargo de la Unidad Funcional de Instrucci\u00f3n (UFI) 5 de Florencio Varela.<\/p>\n","protected":false},"excerpt":{"rendered":"<p>El fiscal a cargo de la causa, Hern\u00e1n Bustos Rivas, dijo esta tarde a la prensa desde el lugar del hecho que el hombre qued\u00f3 detenido y que los rehenes fueron liberados \u201csanos y salvos\u201d, aunque detall\u00f3 que uno de ellos, una joven empleada judicial, sufri\u00f3 algunos cortes leves que el agresor le produjo mientras&hellip;<\/p>\n","protected":false},"author":1,"featured_media":111982,"comment_status":"open","ping_status":"open","sticky":false,"template":"","format":"standard","meta":{"footnotes":""},"categories":[22],"tags":[36696,2450,12143,1307,32890,32891,3851],"class_list":["post-111981","post","type-post","status-publish","format-standard","has-post-thumbnail","hentry","category-policiales","tag-defensoria-civil-24","tag-diario-el-sindical","tag-fiscal-hernan-daniel-bustos-rivas","tag-florencio-varela","tag-superintendencia-region-amba-sur-i","tag-superintendente-javier-carlos-villar","tag-toma-de-rehenes"],"_links":{"self":[{"href":"https:\/\/www.elsindical.com.ar\/notas\/wp-json\/wp\/v2\/posts\/111981","targetHints":{"allow":["GET"]}}],"collection":[{"href":"https:\/\/www.elsindical.com.ar\/notas\/wp-json\/wp\/v2\/posts"}],"about":[{"href":"https:\/\/www.elsindical.com.ar\/notas\/wp-json\/wp\/v2\/types\/post"}],"author":[{"embeddable":true,"href":"https:\/\/www.elsindical.com.ar\/notas\/wp-json\/wp\/v2\/users\/1"}],"replies":[{"embeddable":true,"href":"https:\/\/www.elsindical.com.ar\/notas\/wp-json\/wp\/v2\/comments?post=111981"}],"version-history":[{"count":1,"href":"https:\/\/www.elsindical.com.ar\/notas\/wp-json\/wp\/v2\/posts\/111981\/revisions"}],"predecessor-version":[{"id":111983,"href":"https:\/\/www.elsindical.com.ar\/notas\/wp-json\/wp\/v2\/posts\/111981\/revisions\/111983"}],"wp:featuredmedia":[{"embeddable":true,"href":"https:\/\/www.elsindical.com.ar\/notas\/wp-json\/wp\/v2\/media\/111982"}],"wp:attachment":[{"href":"https:\/\/www.elsindical.com.ar\/notas\/wp-json\/wp\/v2\/media?parent=111981"}],"wp:term":[{"taxonomy":"category","embeddable":true,"href":"https:\/\/www.elsindical.com.ar\/notas\/wp-json\/wp\/v2\/categories?post=111981"},{"taxonomy":"post_tag","embeddable":true,"href":"https:\/\/www.elsindical.com.ar\/notas\/wp-json\/wp\/v2\/tags?post=111981"}],"curies":[{"name":"wp","href":"https:\/\/api.w.org\/{rel}","templated":true}]}}