{"id":111964,"date":"2022-03-07T01:15:49","date_gmt":"2022-03-07T04:15:49","guid":{"rendered":"https:\/\/www.elsindical.com.ar\/notas\/?p=111964"},"modified":"2022-03-07T01:16:35","modified_gmt":"2022-03-07T04:16:35","slug":"fin-de-semana-con-cambios-dentro-de-la-policia-de-la-provincia-de-buenos-aires","status":"publish","type":"post","link":"https:\/\/www.elsindical.com.ar\/notas\/fin-de-semana-con-cambios-dentro-de-la-policia-de-la-provincia-de-buenos-aires\/","title":{"rendered":"Cambios dentro de la Polic\u00eda de la provincia de Buenos Aires en el \u00e1rea de drogas"},"content":{"rendered":"\n<div class=\"wp-block-image\"><figure class=\"aligncenter size-full\"><a href=\"https:\/\/www.elsindical.com.ar\/notas\/var\/www\/html\/notas\/wp-content\/uploads\/2022\/03\/Superintendencia-de-Drogas-Ilicitas.jpg\"><img loading=\"lazy\" decoding=\"async\" width=\"703\" height=\"819\" src=\"https:\/\/www.elsindical.com.ar\/notas\/var\/www\/html\/notas\/wp-content\/uploads\/2022\/03\/Superintendencia-de-Drogas-Ilicitas.jpg\" alt=\"\" class=\"wp-image-111965\" srcset=\"https:\/\/www.elsindical.com.ar\/notas\/var\/www\/html\/notas\/wp-content\/uploads\/2022\/03\/Superintendencia-de-Drogas-Ilicitas.jpg 703w, https:\/\/www.elsindical.com.ar\/notas\/var\/www\/html\/notas\/wp-content\/uploads\/2022\/03\/Superintendencia-de-Drogas-Ilicitas-258x300.jpg 258w\" sizes=\"auto, (max-width: 703px) 100vw, 703px\" \/><\/a><\/figure><\/div>\n\n\n\n<p class=\"wp-block-paragraph\">Luego de haberse conocido las 29 muertes con la Droga Adulterada en el Conurbano Bonaerense, el Ministro de Seguridad Sergio BERNI, movi\u00f3 el tablero y design\u00f3 a nuevos jefes en las Delegaciones Departamentales del Tr\u00e1fico de Drogas Ilicitas.<\/p>\n\n\n\n<p class=\"wp-block-paragraph\">A continuaci\u00f3n el listado con los nuevos jefes.<\/p>\n\n\n\n<p class=\"wp-block-paragraph\">1) *Comisario Mayor (Cdo.) LARRETAPE, Fernando Gustavo**A*: Delegaci\u00f3n Departamental de Investigaciones del Tr\u00e1fico de Drogas Il\u00edcitas *MERCEDES* (Como Jefe ENTRANTE).- <\/p>\n\n\n\n<p class=\"wp-block-paragraph\">2) *Comisario Mayor (Cdo.) SCHALITZ, Maximiliano**A*: Delegaci\u00f3n Departamental de Investigaciones del Tr\u00e1fico de Drogas Il\u00edcitas *QUILMES* (Como Jefe ENTRANTE).- <\/p>\n\n\n\n<p class=\"wp-block-paragraph\">3) *Comisario Inspector (Cdo.) MARCHI, Diego Horacio* *A*: Delegaci\u00f3n Departamental de Investigaciones del Tr\u00e1fico de Drogas Il\u00edcitas *ZARATE CAMPANA* (Como Jefe ENTRANTE).- <\/p>\n\n\n\n<p class=\"wp-block-paragraph\">4) *Comisario Mayor (Cdo.) PEROCHENA, Dar\u00edo Alberto**A*: Delegaci\u00f3n Departamental de Investigaciones del Tr\u00e1fico de Drogas Il\u00edcitas *PERGAMINO* (Como Jefe ENTRANTE).- <\/p>\n\n\n\n<p class=\"wp-block-paragraph\">5) *Comisario Inspector (Cdo.) CASTRO, Juan Marcelo**A*: Delegaci\u00f3n Departamental de Investigaciones del Tr\u00e1fico de Drogas Il\u00edcitas *AZUL* (Como Jefe ENTRANTE).- <\/p>\n\n\n\n<p class=\"wp-block-paragraph\">6) *Subcomisario (Cdo.) SANTOLIQUIDO, Jorge Luis* *A*: Subdelegaci\u00f3n Departamental de Investigaciones del Trafico de Drogas Il\u00edcitas *PRESIDENTE PERON* (Como JEFE ENTRANTE).-<\/p>\n\n\n\n<p class=\"wp-block-paragraph\">7) *Comisario Inspector (Cdo.) TORRES, Julio Cesar**A*: Subdelegaci\u00f3n Departamental de Investigaciones del Trafico de Drogas Il\u00edcitas *SAN MIGUEL* (Como JEFE ENTRANTE).-<\/p>\n\n\n\n<p class=\"wp-block-paragraph\">8) *Comisario Inspector (Cdo.) HIDALGO, Gabriel Alejandro**A*: Subdelegaci\u00f3n Departamental de Investigaciones del Tr\u00e1fico de Drogas Il\u00edcitas *PILAR* (Como Jefe ENTRANTE).- <\/p>\n\n\n\n<p class=\"wp-block-paragraph\">9) *Comisario (Cdo.) ALCORTA, Fabi\u00e1n Horacio* *A*: Subdelegaci\u00f3n Departamental de Investigaciones del Tr\u00e1fico de Drogas Il\u00edcitas *ADOLFO ALSINA* (Como JEFE ENTRANTE).-<\/p>\n\n\n\n<p class=\"wp-block-paragraph\">10) *Comisario Mayor (Cdo.) ASTE, Daniel Edgardo**A*: Delegaci\u00f3n Departamental de Investigaciones del Tr\u00e1fico de Drogas Il\u00edcitas *LOMAS DE ZAMORA* (Como JEFE ENTRANTE).-<\/p>\n\n\n\n<p class=\"wp-block-paragraph\">11) *Comisario (Cdo.) SERAFINI, N\u00e9stor Rub\u00e9n**A*: Delegaci\u00f3n Departamental de Investigaciones del Tr\u00e1fico de Drogas Il\u00edcitas *DOLORES* (Como JEFE ENTRANTE).-<\/p>\n\n\n\n<p class=\"wp-block-paragraph\">12) *Comisario Mayor (Cdo.) PRIETO, Claudio Ra\u00fal**A*: Delegaci\u00f3n Departamental de Investigaciones del Tr\u00e1fico de Drogas Il\u00edcitas *MAR DEL PLATA* (Como JEFE ENTRANTE).-<\/p>\n\n\n\n<p class=\"wp-block-paragraph\">13) *Comisario Mayor (Cdo.) DIAZ AGUIRRE, Diego Fernando**A*: Delegaci\u00f3n Departamental de Investigaciones del Tr\u00e1fico de Drogas Il\u00edcitas *BAHIA BLANCA* (Como JEFE ENTRANTE).-<\/p>\n","protected":false},"excerpt":{"rendered":"<p>Luego de haberse conocido las 29 muertes con la Droga Adulterada en el Conurbano Bonaerense, el Ministro de Seguridad Sergio BERNI, movi\u00f3 el tablero y design\u00f3 a nuevos jefes en las Delegaciones Departamentales del Tr\u00e1fico de Drogas Ilicitas. A continuaci\u00f3n el listado con los nuevos jefes. 1) *Comisario Mayor (Cdo.) LARRETAPE, Fernando Gustavo**A*: Delegaci\u00f3n Departamental&hellip;<\/p>\n","protected":false},"author":1,"featured_media":111965,"comment_status":"open","ping_status":"open","sticky":false,"template":"","format":"standard","meta":{"footnotes":""},"categories":[22],"tags":[7560,36693,382,749,11727,2471],"class_list":["post-111964","post","type-post","status-publish","format-standard","has-post-thumbnail","hentry","category-policiales","tag-cambios","tag-delegaciones-policiales","tag-drogas","tag-policia-bonaerense","tag-sergio-berni","tag-superintendencia-de-investigaciones-del-trafico-de-drogas-ilicitas-del-ministerio-de-seguridad"],"_links":{"self":[{"href":"https:\/\/www.elsindical.com.ar\/notas\/wp-json\/wp\/v2\/posts\/111964","targetHints":{"allow":["GET"]}}],"collection":[{"href":"https:\/\/www.elsindical.com.ar\/notas\/wp-json\/wp\/v2\/posts"}],"about":[{"href":"https:\/\/www.elsindical.com.ar\/notas\/wp-json\/wp\/v2\/types\/post"}],"author":[{"embeddable":true,"href":"https:\/\/www.elsindical.com.ar\/notas\/wp-json\/wp\/v2\/users\/1"}],"replies":[{"embeddable":true,"href":"https:\/\/www.elsindical.com.ar\/notas\/wp-json\/wp\/v2\/comments?post=111964"}],"version-history":[{"count":2,"href":"https:\/\/www.elsindical.com.ar\/notas\/wp-json\/wp\/v2\/posts\/111964\/revisions"}],"predecessor-version":[{"id":111967,"href":"https:\/\/www.elsindical.com.ar\/notas\/wp-json\/wp\/v2\/posts\/111964\/revisions\/111967"}],"wp:featuredmedia":[{"embeddable":true,"href":"https:\/\/www.elsindical.com.ar\/notas\/wp-json\/wp\/v2\/media\/111965"}],"wp:attachment":[{"href":"https:\/\/www.elsindical.com.ar\/notas\/wp-json\/wp\/v2\/media?parent=111964"}],"wp:term":[{"taxonomy":"category","embeddable":true,"href":"https:\/\/www.elsindical.com.ar\/notas\/wp-json\/wp\/v2\/categories?post=111964"},{"taxonomy":"post_tag","embeddable":true,"href":"https:\/\/www.elsindical.com.ar\/notas\/wp-json\/wp\/v2\/tags?post=111964"}],"curies":[{"name":"wp","href":"https:\/\/api.w.org\/{rel}","templated":true}]}}