{"id":111919,"date":"2022-03-04T13:40:37","date_gmt":"2022-03-04T16:40:37","guid":{"rendered":"https:\/\/www.elsindical.com.ar\/notas\/?p=111919"},"modified":"2022-03-04T13:40:38","modified_gmt":"2022-03-04T16:40:38","slug":"linea-570-interno-9669-irresponsable-al-volante","status":"publish","type":"post","link":"https:\/\/www.elsindical.com.ar\/notas\/linea-570-interno-9669-irresponsable-al-volante\/","title":{"rendered":"L\u00ednea 570 interno 9669 irresponsable al volante"},"content":{"rendered":"\n<figure class=\"wp-block-image size-large\"><a href=\"https:\/\/www.elsindical.com.ar\/notas\/var\/www\/html\/notas\/wp-content\/uploads\/2022\/03\/colectivo-linea-570.jpg\"><img loading=\"lazy\" decoding=\"async\" width=\"1024\" height=\"627\" src=\"https:\/\/www.elsindical.com.ar\/notas\/var\/www\/html\/notas\/wp-content\/uploads\/2022\/03\/colectivo-linea-570-1024x627.jpg\" alt=\"\" class=\"wp-image-111920\" srcset=\"https:\/\/www.elsindical.com.ar\/notas\/var\/www\/html\/notas\/wp-content\/uploads\/2022\/03\/colectivo-linea-570-1024x627.jpg 1024w, https:\/\/www.elsindical.com.ar\/notas\/var\/www\/html\/notas\/wp-content\/uploads\/2022\/03\/colectivo-linea-570-300x184.jpg 300w, https:\/\/www.elsindical.com.ar\/notas\/var\/www\/html\/notas\/wp-content\/uploads\/2022\/03\/colectivo-linea-570-768x470.jpg 768w, https:\/\/www.elsindical.com.ar\/notas\/var\/www\/html\/notas\/wp-content\/uploads\/2022\/03\/colectivo-linea-570-490x300.jpg 490w, https:\/\/www.elsindical.com.ar\/notas\/var\/www\/html\/notas\/wp-content\/uploads\/2022\/03\/colectivo-linea-570.jpg 1211w\" sizes=\"auto, (max-width: 1024px) 100vw, 1024px\" \/><\/a><\/figure>\n\n\n\n<p>   El d\u00eda jueves 3 de marzo a las 19:55 el interno 9669 con dominio NKW874 de la l\u00ednea 570, no solo realiz\u00f3 varias maniobras imprudentes en la Av. G\u00fcemes frente al Alto Avellaneda, sino que sumo varias acciones tipificadas como infracciones por la Ley de Tr\u00e1nsito, como ser, conducir de forma imprudente, cambiar de carril sin usar la luz de giro correspondiente, no respetar la distancia m\u00ednima entre veh\u00edculos y conducir con auriculares.<\/p>\n\n\n\n<p>Por si fuera poco, en su mala maniobra innecesaria donde invadi\u00f3 un carril que no deber\u00eda, termin\u00f3 subiendo con su rueda delantera izquierda al boulevard, lo que provoca da\u00f1os en el cord\u00f3n y seguramente en las llantas del colectivo, con lo cual este irresponsable al volante no cuida lo p\u00fablico ni lo privado que es el colectivo que conduce.<\/p>\n\n\n\n<p>General Tomas Guido S.A.C.I.F. es una empresa argentina que est\u00e1 ubicada en la ciudad de Lan\u00fas en la provincia Buenos Aires. La compa\u00f1\u00eda opera en la industria de tr\u00e1nsito y transporte terrestre de pasajeros. Fue establecida en 5 de noviembre de 1969.<\/p>\n\n\n\n<p>Casa Matriz<br>Rivadavia 3027<br>Lan\u00fas; Buenos Aires; C\u00f3digo Postal: B1824FLD<\/p>\n","protected":false},"excerpt":{"rendered":"<p>El d\u00eda jueves 3 de marzo a las 19:55 el interno 9669 con dominio NKW874 de la l\u00ednea 570, no solo realiz\u00f3 varias maniobras imprudentes en la Av. G\u00fcemes frente al Alto Avellaneda, sino que sumo varias acciones tipificadas como infracciones por la Ley de Tr\u00e1nsito, como ser, conducir de forma imprudente, cambiar de carril&hellip;<\/p>\n","protected":false},"author":1,"featured_media":111920,"comment_status":"open","ping_status":"open","sticky":false,"template":"","format":"standard","meta":{"footnotes":""},"categories":[6],"tags":[17841,461,22020,2450,36670,2927,36668,10080,36669],"class_list":["post-111919","post","type-post","status-publish","format-standard","has-post-thumbnail","hentry","category-denuncias","tag-alto-avellaneda","tag-avellaneda","tag-denuncias","tag-diario-el-sindical","tag-gral-tomas-guido-sacif","tag-infracciones-de-transito","tag-interno-9669","tag-linea-570","tag-nkw874"],"_links":{"self":[{"href":"https:\/\/www.elsindical.com.ar\/notas\/wp-json\/wp\/v2\/posts\/111919","targetHints":{"allow":["GET"]}}],"collection":[{"href":"https:\/\/www.elsindical.com.ar\/notas\/wp-json\/wp\/v2\/posts"}],"about":[{"href":"https:\/\/www.elsindical.com.ar\/notas\/wp-json\/wp\/v2\/types\/post"}],"author":[{"embeddable":true,"href":"https:\/\/www.elsindical.com.ar\/notas\/wp-json\/wp\/v2\/users\/1"}],"replies":[{"embeddable":true,"href":"https:\/\/www.elsindical.com.ar\/notas\/wp-json\/wp\/v2\/comments?post=111919"}],"version-history":[{"count":1,"href":"https:\/\/www.elsindical.com.ar\/notas\/wp-json\/wp\/v2\/posts\/111919\/revisions"}],"predecessor-version":[{"id":111921,"href":"https:\/\/www.elsindical.com.ar\/notas\/wp-json\/wp\/v2\/posts\/111919\/revisions\/111921"}],"wp:featuredmedia":[{"embeddable":true,"href":"https:\/\/www.elsindical.com.ar\/notas\/wp-json\/wp\/v2\/media\/111920"}],"wp:attachment":[{"href":"https:\/\/www.elsindical.com.ar\/notas\/wp-json\/wp\/v2\/media?parent=111919"}],"wp:term":[{"taxonomy":"category","embeddable":true,"href":"https:\/\/www.elsindical.com.ar\/notas\/wp-json\/wp\/v2\/categories?post=111919"},{"taxonomy":"post_tag","embeddable":true,"href":"https:\/\/www.elsindical.com.ar\/notas\/wp-json\/wp\/v2\/tags?post=111919"}],"curies":[{"name":"wp","href":"https:\/\/api.w.org\/{rel}","templated":true}]}}