{"id":11190,"date":"2010-12-07T02:21:09","date_gmt":"2010-12-07T05:21:09","guid":{"rendered":"http:\/\/www.elsindical.com.ar\/notas\/?p=11190"},"modified":"2010-12-07T02:21:09","modified_gmt":"2010-12-07T05:21:09","slug":"familia-de-policia-muerta-reclama-justicia","status":"publish","type":"post","link":"https:\/\/www.elsindical.com.ar\/notas\/familia-de-policia-muerta-reclama-justicia\/","title":{"rendered":"Familia de polic\u00eda muerta reclama justicia"},"content":{"rendered":"<p style=\"text-align: justify;\"><em><a href=\"http:\/\/www.elsindical.com.ar\/notas\/var\/www\/html\/notas\/wp-content\/uploads\/2010\/12\/Ana-Falc\u00f3n.jpg\"><img loading=\"lazy\" decoding=\"async\" class=\"alignleft size-medium wp-image-11191\" title=\"Ana-Falc\u00f3n\" src=\"http:\/\/www.elsindical.com.ar\/notas\/var\/www\/html\/notas\/wp-content\/uploads\/2010\/12\/Ana-Falc\u00f3n-300x224.jpg\" alt=\"\" width=\"300\" height=\"224\" srcset=\"https:\/\/www.elsindical.com.ar\/notas\/var\/www\/html\/notas\/wp-content\/uploads\/2010\/12\/Ana-Falc\u00f3n-300x224.jpg 300w, https:\/\/www.elsindical.com.ar\/notas\/var\/www\/html\/notas\/wp-content\/uploads\/2010\/12\/Ana-Falc\u00f3n.jpg 443w\" sizes=\"auto, (max-width: 300px) 100vw, 300px\" \/><\/a>La familia de Ana Falc\u00f3n reclama justicia y el esclarecimiento de lo que consideran fue un \u201chomicidio\u201d. Todo comenz\u00f3 el 11 de octubre, cuando la joven de 21 a\u00f1os fue hallada con un disparo en medio del pecho, en el primer piso de la dependencia de Villa Diamante, Lan\u00fas, en la que prestaba servicio junto a otros cinco compa\u00f1eros.<\/em><\/p>\n<p>Seg\u00fan declararon desde la dependencia, la joven fue trasladada r\u00e1pidamente por sus compa\u00f1eros al hospital Fiorito, que se encuentra a unas 30 cuadras, pero cuando lleg\u00f3 a la guardia ya hab\u00eda fallecido.<\/p>\n<p>De todos modos, la familia remarca algunas cuestiones que \u201cno cierran\u201d. Los efectivos dijeron que se trat\u00f3 de un suicidio, pero el n\u00facleo \u00edntimo de Ana asegura que \u201cno har\u00eda algo as\u00ed porque era una persona muy alegre\u201d. Asimismo, al centro asistencial fue ingresada a las 23, por lo que se calcula que el accidente no pudo haber sido antes de las 22.45, es que la joven se encontraba en el primer piso de la comisar\u00eda y hay que tener en cuenta el trayecto que deb\u00edan realizar para llevarla al hospital. Adem\u00e1s, los que estaban presentes al momento del hecho indicaron que el disparo son\u00f3 a las 22.56, por lo que es imposible que se haya recorrido un \u201ctrayecto de casi tres kil\u00f3metros en tan s\u00f3lo cuatro minutos\u201d.<\/p>\n<p>Luego de los peritajes, se confirm\u00f3 que el disparo que recibi\u00f3 Falc\u00f3n fue hecho con su propia arma, aunque se pone en duda la distancia a la que fue efectuado. Tambi\u00e9n se le encontr\u00f3 una segunda herida en su hombro derecho.<\/p>\n<p>Por otra parte, allegados a la v\u00edctima, Ana Falc\u00f3n contaron que estaba involucrada sentimentalmente con el oficial de calle Mariano Bohm (28), uno de los efectivos que prestaba servicio en la comisar\u00eda en ese entonces, pero que ahora fue trasladado a La Plata.<\/p>\n<p>\u201cPudimos saber m\u00e1s tarde que era una persona violenta. Varias veces apareci\u00f3 con moretones (por Falc\u00f3n) y ella dec\u00eda que se hab\u00eda golpeado sola\u201d, confi\u00f3 una persona del entorno de la joven oficial, quien prefiri\u00f3 no ser identificada.<\/p>\n<p>En ese sentido, indic\u00f3 que la pareja de Falc\u00f3n, con el cual se hab\u00eda llevaba seis meses de relaci\u00f3n, presuntamente \u201cse encontraba trabajando en ese momento, ya que nunca terminaba antes de las dos de la madrugada, aunque sus compa\u00f1eros aducen que no lo vieron esa noche\u201d.<\/p>\n<p>Por su parte, Liliana Carrera, madre de la v\u00edctima, emprendi\u00f3 una \u201clucha\u201d por saber realmente qu\u00e9 pas\u00f3 la noche del 11 de octubre. \u201cHasta ver justicia por mi hija no nos vamos a quedar sin fuerzas porque pensamos que modificaron la escena del crimen y sabemos que no fue un suicidio, sino un homicidio. Muchas cosas m\u00e1s que van a salir a la luz, de eso estamos seguros\u201d, dispar\u00f3.<\/p>\n<p>El caso es investigado por la Unidad Funcional de Instrucci\u00f3n N\u00ba 8 del Departamento Judicial de Lomas de Zamora, y por Asuntos Internos de La Plata.<\/p>\n<p style=\"text-align: justify;\"><strong>Fuente:Inforegi\u00f3n<\/strong><\/p>\n","protected":false},"excerpt":{"rendered":"<p>La familia de Ana Falc\u00f3n reclama justicia y el esclarecimiento de lo que consideran fue un \u201chomicidio\u201d. Todo comenz\u00f3 el 11 de octubre, cuando la joven de 21 a\u00f1os fue hallada con un disparo en medio del pecho, en el primer piso de la dependencia de Villa Diamante, Lan\u00fas, en la que prestaba servicio junto&hellip;<\/p>\n","protected":false},"author":1,"featured_media":0,"comment_status":"open","ping_status":"open","sticky":false,"template":"","format":"standard","meta":{"footnotes":""},"categories":[6],"tags":[5307,1476,388,5309,744,5308,1676,3540],"class_list":["post-11190","post","type-post","status-publish","format-standard","hentry","category-denuncias","tag-ana-falcon","tag-asuntos-internos","tag-disparo","tag-liliana-carrera","tag-lomas-de-zamora","tag-mariano-bohm","tag-muerta","tag-oficial-de-policia"],"_links":{"self":[{"href":"https:\/\/www.elsindical.com.ar\/notas\/wp-json\/wp\/v2\/posts\/11190","targetHints":{"allow":["GET"]}}],"collection":[{"href":"https:\/\/www.elsindical.com.ar\/notas\/wp-json\/wp\/v2\/posts"}],"about":[{"href":"https:\/\/www.elsindical.com.ar\/notas\/wp-json\/wp\/v2\/types\/post"}],"author":[{"embeddable":true,"href":"https:\/\/www.elsindical.com.ar\/notas\/wp-json\/wp\/v2\/users\/1"}],"replies":[{"embeddable":true,"href":"https:\/\/www.elsindical.com.ar\/notas\/wp-json\/wp\/v2\/comments?post=11190"}],"version-history":[{"count":1,"href":"https:\/\/www.elsindical.com.ar\/notas\/wp-json\/wp\/v2\/posts\/11190\/revisions"}],"predecessor-version":[{"id":11192,"href":"https:\/\/www.elsindical.com.ar\/notas\/wp-json\/wp\/v2\/posts\/11190\/revisions\/11192"}],"wp:attachment":[{"href":"https:\/\/www.elsindical.com.ar\/notas\/wp-json\/wp\/v2\/media?parent=11190"}],"wp:term":[{"taxonomy":"category","embeddable":true,"href":"https:\/\/www.elsindical.com.ar\/notas\/wp-json\/wp\/v2\/categories?post=11190"},{"taxonomy":"post_tag","embeddable":true,"href":"https:\/\/www.elsindical.com.ar\/notas\/wp-json\/wp\/v2\/tags?post=11190"}],"curies":[{"name":"wp","href":"https:\/\/api.w.org\/{rel}","templated":true}]}}