{"id":111872,"date":"2022-03-03T00:12:10","date_gmt":"2022-03-03T03:12:10","guid":{"rendered":"https:\/\/www.elsindical.com.ar\/notas\/?p=111872"},"modified":"2022-03-03T00:12:11","modified_gmt":"2022-03-03T03:12:11","slug":"argentina-2022-dos-meses-y-52-femicidios","status":"publish","type":"post","link":"https:\/\/www.elsindical.com.ar\/notas\/argentina-2022-dos-meses-y-52-femicidios\/","title":{"rendered":"Argentina 2022: Dos meses y 52 femicidios"},"content":{"rendered":"\n<figure class=\"wp-block-image size-large\"><a href=\"https:\/\/www.elsindical.com.ar\/notas\/var\/www\/html\/notas\/wp-content\/uploads\/2022\/03\/Nos-estan-matando.jpg\"><img loading=\"lazy\" decoding=\"async\" width=\"1024\" height=\"576\" src=\"https:\/\/www.elsindical.com.ar\/notas\/var\/www\/html\/notas\/wp-content\/uploads\/2022\/03\/Nos-estan-matando-1024x576.jpg\" alt=\"\" class=\"wp-image-111873\" srcset=\"https:\/\/www.elsindical.com.ar\/notas\/var\/www\/html\/notas\/wp-content\/uploads\/2022\/03\/Nos-estan-matando-1024x576.jpg 1024w, https:\/\/www.elsindical.com.ar\/notas\/var\/www\/html\/notas\/wp-content\/uploads\/2022\/03\/Nos-estan-matando-300x169.jpg 300w, https:\/\/www.elsindical.com.ar\/notas\/var\/www\/html\/notas\/wp-content\/uploads\/2022\/03\/Nos-estan-matando-768x432.jpg 768w, https:\/\/www.elsindical.com.ar\/notas\/var\/www\/html\/notas\/wp-content\/uploads\/2022\/03\/Nos-estan-matando-500x281.jpg 500w, https:\/\/www.elsindical.com.ar\/notas\/var\/www\/html\/notas\/wp-content\/uploads\/2022\/03\/Nos-estan-matando-460x260.jpg 460w, https:\/\/www.elsindical.com.ar\/notas\/var\/www\/html\/notas\/wp-content\/uploads\/2022\/03\/Nos-estan-matando.jpg 1200w\" sizes=\"auto, (max-width: 1024px) 100vw, 1024px\" \/><\/a><\/figure>\n\n\n\n<p>En dos meses 52 mujeres fueron asesinadas en el pa\u00eds, y se registraron <strong>otros dos trans\/travesticidios y cinco femicidios vinculados de varones<\/strong>, seg\u00fan el informe que dio a conocer hoy el Observatorio de Femicidios en Argentina Adriana Marisel Zambrano que dirige La Casa del Encuentro.<\/p>\n\n\n\n<p>Adem\u00e1s, el trabajo indic\u00f3 que desde el 1 de enero al 28 de febrero de este a\u00f1o, Buenos Aires sigue siendo la provincia con m\u00e1s casos (11), seguida por Santa Fe (10), C\u00f3rdoba (7) y Santiago del Estero (3). Se indic\u00f3 tambi\u00e9n, que un total <strong>64 hijos se quedaron sin madre<\/strong>, de los cuales el 43 son menores de edad.<\/p>\n\n\n\n<p>En el informe se se\u00f1al\u00f3 adem\u00e1s que <strong>11 v\u00edctimas hab\u00edan realizado al menos una denuncia<\/strong> antes, que <strong>tres femicidas ten\u00edan dictada medida cautelar de prevenci\u00f3n<\/strong> y que otros tres eran agentes o ex agentes de fuerza de seguridad. Tambi\u00e9n se indic\u00f3 que cinco v\u00edctimas ten\u00edan indicio de abuso sexual, que dos estaban embarazadas, y que siete femicidas se suicidaron.<\/p>\n\n\n\n<p>El estudio detalla que <strong>la vivienda de la v\u00edctima es el sitio m\u00e1s inseguro para las mujeres<\/strong> y que la principal causa de muerte se debe a disparos de arma de fuego, y segunda son las pu\u00f1aladas.<\/p>\n\n\n\n<p>\u201cNos acercamos a un nuevo 8 de marzo, fecha en el que el mundo pone en primer plano \u2013al menos por un d\u00eda- a la mujer y su lugar en la sociedad. Se visibilizan las desigualdades, la falta de oportunidades, la inequidad y las violencias, desde las m\u00e1s evidentes hasta las m\u00e1s naturalizadas\u201d, se\u00f1alaron en el informe desde el Observatorio.<\/p>\n\n\n\n<p>Y agregaron: \u201cNo es momento de homenajes ni regalos, sino un d\u00eda de toma de conciencia y es por eso que, desde este Observatorio, que a diario da cuenta de la violencia m\u00e1s extrema hacia las mujeres, ni\u00f1as y compa\u00f1eras travestis\/trans, sostenemos la urgente necesidad de que el Estado incremente y priorice las medidas destinadas espec\u00edficamente a la protecci\u00f3n y prevenci\u00f3n de la violencia de g\u00e9nero en todas sus expresiones\u201d.<\/p>\n","protected":false},"excerpt":{"rendered":"<p>En dos meses 52 mujeres fueron asesinadas en el pa\u00eds, y se registraron otros dos trans\/travesticidios y cinco femicidios vinculados de varones, seg\u00fan el informe que dio a conocer hoy el Observatorio de Femicidios en Argentina Adriana Marisel Zambrano que dirige La Casa del Encuentro. Adem\u00e1s, el trabajo indic\u00f3 que desde el 1 de enero&hellip;<\/p>\n","protected":false},"author":1,"featured_media":111873,"comment_status":"open","ping_status":"open","sticky":false,"template":"","format":"standard","meta":{"footnotes":""},"categories":[25],"tags":[9343,127,2450,25338,9891],"class_list":["post-111872","post","type-post","status-publish","format-standard","has-post-thumbnail","hentry","category-sociedad","tag-adriana-marisel-zambrano","tag-argentina","tag-diario-el-sindical","tag-femicidios","tag-la-casa-del-encuentro"],"_links":{"self":[{"href":"https:\/\/www.elsindical.com.ar\/notas\/wp-json\/wp\/v2\/posts\/111872","targetHints":{"allow":["GET"]}}],"collection":[{"href":"https:\/\/www.elsindical.com.ar\/notas\/wp-json\/wp\/v2\/posts"}],"about":[{"href":"https:\/\/www.elsindical.com.ar\/notas\/wp-json\/wp\/v2\/types\/post"}],"author":[{"embeddable":true,"href":"https:\/\/www.elsindical.com.ar\/notas\/wp-json\/wp\/v2\/users\/1"}],"replies":[{"embeddable":true,"href":"https:\/\/www.elsindical.com.ar\/notas\/wp-json\/wp\/v2\/comments?post=111872"}],"version-history":[{"count":1,"href":"https:\/\/www.elsindical.com.ar\/notas\/wp-json\/wp\/v2\/posts\/111872\/revisions"}],"predecessor-version":[{"id":111874,"href":"https:\/\/www.elsindical.com.ar\/notas\/wp-json\/wp\/v2\/posts\/111872\/revisions\/111874"}],"wp:featuredmedia":[{"embeddable":true,"href":"https:\/\/www.elsindical.com.ar\/notas\/wp-json\/wp\/v2\/media\/111873"}],"wp:attachment":[{"href":"https:\/\/www.elsindical.com.ar\/notas\/wp-json\/wp\/v2\/media?parent=111872"}],"wp:term":[{"taxonomy":"category","embeddable":true,"href":"https:\/\/www.elsindical.com.ar\/notas\/wp-json\/wp\/v2\/categories?post=111872"},{"taxonomy":"post_tag","embeddable":true,"href":"https:\/\/www.elsindical.com.ar\/notas\/wp-json\/wp\/v2\/tags?post=111872"}],"curies":[{"name":"wp","href":"https:\/\/api.w.org\/{rel}","templated":true}]}}