{"id":111811,"date":"2022-03-01T09:29:40","date_gmt":"2022-03-01T12:29:40","guid":{"rendered":"https:\/\/www.elsindical.com.ar\/notas\/?p=111811"},"modified":"2022-03-01T09:29:40","modified_gmt":"2022-03-01T12:29:40","slug":"lujan-detuvieron-a-dos-hombres-por-el-crimen-de-un-abogado-que-investigaba-la-violacion-de-una-nena","status":"publish","type":"post","link":"https:\/\/www.elsindical.com.ar\/notas\/lujan-detuvieron-a-dos-hombres-por-el-crimen-de-un-abogado-que-investigaba-la-violacion-de-una-nena\/","title":{"rendered":"Luj\u00e1n: Detuvieron a dos hombres por el crimen de un abogado que investigaba la violaci\u00f3n de una nena"},"content":{"rendered":"\n<div class=\"wp-block-image\"><figure class=\"aligncenter size-full is-resized\"><a href=\"https:\/\/www.elsindical.com.ar\/notas\/var\/www\/html\/notas\/wp-content\/uploads\/2022\/03\/Roberto-Fabian-Manrique.jpg\"><img loading=\"lazy\" decoding=\"async\" src=\"https:\/\/www.elsindical.com.ar\/notas\/var\/www\/html\/notas\/wp-content\/uploads\/2022\/03\/Roberto-Fabian-Manrique.jpg\" alt=\"\" class=\"wp-image-111812\" width=\"438\" height=\"425\" srcset=\"https:\/\/www.elsindical.com.ar\/notas\/var\/www\/html\/notas\/wp-content\/uploads\/2022\/03\/Roberto-Fabian-Manrique.jpg 280w, https:\/\/www.elsindical.com.ar\/notas\/var\/www\/html\/notas\/wp-content\/uploads\/2022\/03\/Roberto-Fabian-Manrique-50x50.jpg 50w\" sizes=\"auto, (max-width: 438px) 100vw, 438px\" \/><\/a><\/figure><\/div>\n\n\n\n<p>La v\u00edctima ten\u00eda\u00a052 a\u00f1os y falleci\u00f3 en febrero, luego de haber sido agredida a golpes en plena v\u00eda p\u00fablica y de estar un mes internado en un hospital. Se hab\u00eda recibido en la c\u00e1rcel y ten\u00eda a su cargo un caso que involucra\u00a0a uno de los dos sospechosos apresados.\u00a0<\/p>\n\n\n\n<p><strong>Dos hombres fueron detenidos<\/strong> por los investigadores policiales\u00a0al estar sospechados de haber sido los <strong>responsables del asesinato de un abogado\u00a0de 52 a\u00f1os que fue golpeado en la v\u00eda p\u00fablica.\u00a0<\/strong><\/p>\n\n\n\n<p>El ataque ocurri\u00f3 en enero pasado\u00a0en Luj\u00e1n\u00a0y la v\u00edctima era un ex convicto que se hab\u00eda recibido mientras se encontraba en la c\u00e1rcel. Se cree que el homicidio tuvo que ver con que <strong>estaba investigando\u00a0la violaci\u00f3n sufrida por una ni\u00f1a\u00a0que es hijastra de uno de los acusados<\/strong>.<\/p>\n\n\n\n<p>Voceros del departamento judicial de Mercedes revelaron<strong><em>\u00a0<\/em><\/strong>que los sujetos, de 42 y 32 a\u00f1os, fueron apresados por estar indicados de haber sido los autores del crimen de <strong>Roberto Fabi\u00e1n Manrique<\/strong>.<\/p>\n\n\n\n<p>De acuerdo a lo agregado por los informantes, las diligencias estuvieron a cargo de los integrantes de la comisar\u00eda 1\u00aa de Luj\u00e1n.<\/p>\n\n\n\n<p id=\"sc_ending_message\">Trascendi\u00f3 que los hechos comenzaron a las 6.30 del 23 de enero pasado, cuando Manrique fue atacado a golpes por dos individuos\u00a0en el cruce de Bartolom\u00e9 Mitre y Mariano Moreno, en las inmediaciones del boliche Kalahari.<\/p>\n\n\n\n<p>Uniformados del cuartel de bomberos voluntarios del citado distrito arribaron a esa esquina, donde localizaron al herido, a quien trasladaron luego al Hospital Municipal Nuestra Se\u00f1ora de Luj\u00e1n.<\/p>\n\n\n\n<p>Posteriormente, Manrique fue derivado por los m\u00e9dicos al Hospital Universitario Austral, situado en la localidad bonaerense de Pilar, donde <strong>el paciente perdi\u00f3 la vida a las 3.30 del 2 de febrero y al cabo de una larga agon\u00eda<\/strong>.<\/p>\n\n\n\n<p>Se comprob\u00f3, en el sumario, que el abogado fue mortalmente agredido a golpes porque ten\u00eda a su cargo un expediente penal&nbsp;en el cual <strong>se investigaba al mayor de los individuos detenidos, a quien se lo acusaba de haber abusado sexualmente de una de sus hijastras<\/strong>.<\/p>\n\n\n\n<p>Autoridades de la Superintendencia de Seguridad del \u00c1rea Metropolitana de Buenos Aires (AMBA) de la Zona Oeste Dos se encargaron de supervisar los diferentes procedimientos.<br>Intervino en la causa, que fue caratulada<strong><em>\u00a0\u201cHomicidio\u201d<\/em><\/strong>, la Unidad Funcional N\u00b010 de Luj\u00e1n, dependiente de los tribunales de Mercedes.<\/p>\n","protected":false},"excerpt":{"rendered":"<p>La v\u00edctima ten\u00eda\u00a052 a\u00f1os y falleci\u00f3 en febrero, luego de haber sido agredida a golpes en plena v\u00eda p\u00fablica y de estar un mes internado en un hospital. Se hab\u00eda recibido en la c\u00e1rcel y ten\u00eda a su cargo un caso que involucra\u00a0a uno de los dos sospechosos apresados.\u00a0 Dos hombres fueron detenidos por los&hellip;<\/p>\n","protected":false},"author":1,"featured_media":111812,"comment_status":"open","ping_status":"open","sticky":false,"template":"","format":"standard","meta":{"footnotes":""},"categories":[22],"tags":[501,3468,2450,478,2203,36632,36633],"class_list":["post-111811","post","type-post","status-publish","format-standard","has-post-thumbnail","hentry","category-policiales","tag-abogado","tag-amba","tag-diario-el-sindical","tag-lujan","tag-mercedes","tag-roberto-fabian-manrique","tag-violacion-menor-de-edad"],"_links":{"self":[{"href":"https:\/\/www.elsindical.com.ar\/notas\/wp-json\/wp\/v2\/posts\/111811","targetHints":{"allow":["GET"]}}],"collection":[{"href":"https:\/\/www.elsindical.com.ar\/notas\/wp-json\/wp\/v2\/posts"}],"about":[{"href":"https:\/\/www.elsindical.com.ar\/notas\/wp-json\/wp\/v2\/types\/post"}],"author":[{"embeddable":true,"href":"https:\/\/www.elsindical.com.ar\/notas\/wp-json\/wp\/v2\/users\/1"}],"replies":[{"embeddable":true,"href":"https:\/\/www.elsindical.com.ar\/notas\/wp-json\/wp\/v2\/comments?post=111811"}],"version-history":[{"count":1,"href":"https:\/\/www.elsindical.com.ar\/notas\/wp-json\/wp\/v2\/posts\/111811\/revisions"}],"predecessor-version":[{"id":111813,"href":"https:\/\/www.elsindical.com.ar\/notas\/wp-json\/wp\/v2\/posts\/111811\/revisions\/111813"}],"wp:featuredmedia":[{"embeddable":true,"href":"https:\/\/www.elsindical.com.ar\/notas\/wp-json\/wp\/v2\/media\/111812"}],"wp:attachment":[{"href":"https:\/\/www.elsindical.com.ar\/notas\/wp-json\/wp\/v2\/media?parent=111811"}],"wp:term":[{"taxonomy":"category","embeddable":true,"href":"https:\/\/www.elsindical.com.ar\/notas\/wp-json\/wp\/v2\/categories?post=111811"},{"taxonomy":"post_tag","embeddable":true,"href":"https:\/\/www.elsindical.com.ar\/notas\/wp-json\/wp\/v2\/tags?post=111811"}],"curies":[{"name":"wp","href":"https:\/\/api.w.org\/{rel}","templated":true}]}}