{"id":111793,"date":"2022-02-28T18:04:39","date_gmt":"2022-02-28T21:04:39","guid":{"rendered":"https:\/\/www.elsindical.com.ar\/notas\/?p=111793"},"modified":"2022-02-28T18:04:40","modified_gmt":"2022-02-28T21:04:40","slug":"la-ajb-se-reunio-con-la-corte-para-exigir-mejores-condiciones-laborales","status":"publish","type":"post","link":"https:\/\/www.elsindical.com.ar\/notas\/la-ajb-se-reunio-con-la-corte-para-exigir-mejores-condiciones-laborales\/","title":{"rendered":"La AJB se reuni\u00f3 con la Corte para exigir mejores condiciones laborales"},"content":{"rendered":"\n<figure class=\"wp-block-image size-large\"><a href=\"https:\/\/www.elsindical.com.ar\/notas\/var\/www\/html\/notas\/wp-content\/uploads\/2022\/02\/AJB-reunion-Corte-Suprema.jpg\"><img loading=\"lazy\" decoding=\"async\" width=\"1024\" height=\"677\" src=\"https:\/\/www.elsindical.com.ar\/notas\/var\/www\/html\/notas\/wp-content\/uploads\/2022\/02\/AJB-reunion-Corte-Suprema-1024x677.jpg\" alt=\"\" class=\"wp-image-111794\" srcset=\"https:\/\/www.elsindical.com.ar\/notas\/var\/www\/html\/notas\/wp-content\/uploads\/2022\/02\/AJB-reunion-Corte-Suprema-1024x677.jpg 1024w, https:\/\/www.elsindical.com.ar\/notas\/var\/www\/html\/notas\/wp-content\/uploads\/2022\/02\/AJB-reunion-Corte-Suprema-300x198.jpg 300w, https:\/\/www.elsindical.com.ar\/notas\/var\/www\/html\/notas\/wp-content\/uploads\/2022\/02\/AJB-reunion-Corte-Suprema-768x508.jpg 768w, https:\/\/www.elsindical.com.ar\/notas\/var\/www\/html\/notas\/wp-content\/uploads\/2022\/02\/AJB-reunion-Corte-Suprema-454x300.jpg 454w, https:\/\/www.elsindical.com.ar\/notas\/var\/www\/html\/notas\/wp-content\/uploads\/2022\/02\/AJB-reunion-Corte-Suprema.jpg 1080w\" sizes=\"auto, (max-width: 1024px) 100vw, 1024px\" \/><\/a><\/figure>\n\n\n\n<p>La Asociaci\u00f3n Judicial Bonaerense (AJB) se reuni\u00f3 con la Suprema Corte bonaerense para plantear las condiciones laborales y los reclamos de cada sector de los trabajadores.&nbsp;<\/p>\n\n\n\n<p>En di\u00e1logo con <strong>DiarioConurbano.com<\/strong>, Maria Ines Gim\u00e9nez, Secretaria Adjunta de AJB, asegur\u00f3:<strong> \u201cFue una reuni\u00f3n muy positiva con buena recepci\u00f3n en la que se concluy\u00f3 que buscaremos los canales de di\u00e1logo para resolver situaciones de cada sector\u201d.&nbsp;<\/strong><\/p>\n\n\n\n<p>Los dirigentes gremiales plantearon la necesidad de reactivar las mesas de trabajo por sectores, el bloqueo del t\u00edtulo de peritos, la limitaci\u00f3n de ingreso de escritos electr\u00f3nicos en horario inh\u00e1bil, el pase de trabajadores de planta temporaria a permanente; entre otros.&nbsp;<\/p>\n\n\n\n<p>En este sentido, <strong>Gim\u00e9nez explic\u00f3 que comprenden que las soluciones<\/strong> <strong>\u201cno llegar\u00e1n de un d\u00eda para el otro\u201d y advirti\u00f3 que la Corte se vio dispuesta a reactivar los reclamos sectoriales.<\/strong>&nbsp;<\/p>\n\n\n\n<p><strong>\u201cNuestras demandas son extensas pero es importante que se le fijen fecha de comienzo entonces hicimos el detalle de la agenda de trabajo haciendo un recorrido los reclamos m\u00e1s urgentes\u201d<\/strong>, relat\u00f3 la Secretaria adjunta.&nbsp;<\/p>\n\n\n\n<p>Seg\u00fan lo relatado, <strong>cada sector fijar\u00e1 la agenda de las distintas reuniones para tratar los pedidos puntuales.<\/strong> Algunos de los temas m\u00e1s urgentes son la modificaci\u00f3n en acordada de mandamientos, la cobertura de cargos, el reconocimiento de la firma de los notificadores, el reconocimiento salarial a los peritos.<\/p>\n\n\n\n<p><strong>Con respecto a las notificaciones electr\u00f3nicas<\/strong>, un pedido que se increment\u00f3 durante la pandemia, debido a la carga de trabajo que se acumulaba,<strong> Gimenez coment\u00f3 que es \u201cnecesario debatirlo\u201d<\/strong>.\u00a0<\/p>\n\n\n\n<p><strong>\u201cNo nos oponemos a los avances tecnol\u00f3gicos siempre y cuando acompa\u00f1en en la resoluci\u00f3n de las demandas y que no sea oneroso o generen que los trabajadores no puedan llevar adelante su trabajo\u201d,<\/strong> opin\u00f3.&nbsp;<\/p>\n\n\n\n<p>De la <a href=\"http:\/\/diarioconurbano.com.ar\/principal\/ajb-llamo-a-estado-de-alerta-en-reclamo-de-un-aumento\/\">reuni\u00f3n<\/a> particip\u00f3 Gim\u00e9nez, Hugo Russo, Secretario General de la AJB; Oscar Yenni, Secretario Gremial; Mar\u00eda Laura Negrini, Secretaria de Hacienda; Gonzalo Ciannis, representante de la seccional Quilmes; y Roberto Cristofano, Secretario de Prensa; y el pleno de la Corte compuesto por los Dres. Luis Genoud, Daniel Soria, Hilda Kogan y Sergio Torres.<\/p>\n","protected":false},"excerpt":{"rendered":"<p>La Asociaci\u00f3n Judicial Bonaerense (AJB) se reuni\u00f3 con la Suprema Corte bonaerense para plantear las condiciones laborales y los reclamos de cada sector de los trabajadores.&nbsp; En di\u00e1logo con DiarioConurbano.com, Maria Ines Gim\u00e9nez, Secretaria Adjunta de AJB, asegur\u00f3: \u201cFue una reuni\u00f3n muy positiva con buena recepci\u00f3n en la que se concluy\u00f3 que buscaremos los canales&hellip;<\/p>\n","protected":false},"author":1,"featured_media":111794,"comment_status":"open","ping_status":"open","sticky":false,"template":"","format":"standard","meta":{"footnotes":""},"categories":[16],"tags":[4626,5183,2450,22028,9539],"class_list":["post-111793","post","type-post","status-publish","format-standard","has-post-thumbnail","hentry","category-gremiales","tag-ajb","tag-condiciones-laborales","tag-diario-el-sindical","tag-gremiales","tag-suprema-corte-bonaerense"],"_links":{"self":[{"href":"https:\/\/www.elsindical.com.ar\/notas\/wp-json\/wp\/v2\/posts\/111793","targetHints":{"allow":["GET"]}}],"collection":[{"href":"https:\/\/www.elsindical.com.ar\/notas\/wp-json\/wp\/v2\/posts"}],"about":[{"href":"https:\/\/www.elsindical.com.ar\/notas\/wp-json\/wp\/v2\/types\/post"}],"author":[{"embeddable":true,"href":"https:\/\/www.elsindical.com.ar\/notas\/wp-json\/wp\/v2\/users\/1"}],"replies":[{"embeddable":true,"href":"https:\/\/www.elsindical.com.ar\/notas\/wp-json\/wp\/v2\/comments?post=111793"}],"version-history":[{"count":1,"href":"https:\/\/www.elsindical.com.ar\/notas\/wp-json\/wp\/v2\/posts\/111793\/revisions"}],"predecessor-version":[{"id":111795,"href":"https:\/\/www.elsindical.com.ar\/notas\/wp-json\/wp\/v2\/posts\/111793\/revisions\/111795"}],"wp:featuredmedia":[{"embeddable":true,"href":"https:\/\/www.elsindical.com.ar\/notas\/wp-json\/wp\/v2\/media\/111794"}],"wp:attachment":[{"href":"https:\/\/www.elsindical.com.ar\/notas\/wp-json\/wp\/v2\/media?parent=111793"}],"wp:term":[{"taxonomy":"category","embeddable":true,"href":"https:\/\/www.elsindical.com.ar\/notas\/wp-json\/wp\/v2\/categories?post=111793"},{"taxonomy":"post_tag","embeddable":true,"href":"https:\/\/www.elsindical.com.ar\/notas\/wp-json\/wp\/v2\/tags?post=111793"}],"curies":[{"name":"wp","href":"https:\/\/api.w.org\/{rel}","templated":true}]}}