{"id":111680,"date":"2022-02-23T10:19:23","date_gmt":"2022-02-23T13:19:23","guid":{"rendered":"https:\/\/www.elsindical.com.ar\/notas\/?p=111680"},"modified":"2022-02-23T10:28:05","modified_gmt":"2022-02-23T13:28:05","slug":"la-pfa-desarticulo-a-una-banda-criminal-dedicada-al-robo-de-joyerias","status":"publish","type":"post","link":"https:\/\/www.elsindical.com.ar\/notas\/la-pfa-desarticulo-a-una-banda-criminal-dedicada-al-robo-de-joyerias\/","title":{"rendered":"La PFA desarticul\u00f3 a una banda criminal dedicada al robo de joyer\u00edas"},"content":{"rendered":"\n<figure class=\"wp-block-image size-full\"><a href=\"https:\/\/www.elsindical.com.ar\/notas\/var\/www\/html\/notas\/wp-content\/uploads\/2022\/02\/banda-robo-a-joyerias-01.jpg\"><img loading=\"lazy\" decoding=\"async\" width=\"839\" height=\"1024\" src=\"https:\/\/www.elsindical.com.ar\/notas\/var\/www\/html\/notas\/wp-content\/uploads\/2022\/02\/banda-robo-a-joyerias-01.jpg\" alt=\"\" class=\"wp-image-111681\" srcset=\"https:\/\/www.elsindical.com.ar\/notas\/var\/www\/html\/notas\/wp-content\/uploads\/2022\/02\/banda-robo-a-joyerias-01.jpg 839w, https:\/\/www.elsindical.com.ar\/notas\/var\/www\/html\/notas\/wp-content\/uploads\/2022\/02\/banda-robo-a-joyerias-01-246x300.jpg 246w, https:\/\/www.elsindical.com.ar\/notas\/var\/www\/html\/notas\/wp-content\/uploads\/2022\/02\/banda-robo-a-joyerias-01-768x937.jpg 768w\" sizes=\"auto, (max-width: 839px) 100vw, 839px\" \/><\/a><\/figure>\n\n\n\n<p>Agentes federales del Departamento Investigaciones Especiales, detuvieron a los restantes miembros de una organizaci\u00f3n delictiva, incluyendo al cabecilla de la banda, acusados de varios robos a mano armada en joyer\u00edas ubicadas en Galer\u00edas Pac\u00edfico y Patio Bullrich de la Ciudad de Buenos Aires.<\/p>\n\n\n\n<p>Hechos de similares caracter\u00edsticas tipo comando, ocurrieron en septiembre y diciembre del a\u00f1o pasado, donde la polic\u00eda local detuvo al hermano del cabecilla de la banda y a un c\u00f3mplice.<\/p>\n\n\n\n<p>A ra\u00edz de ello, los efectivos federales realizaron amplias investigaciones para establecer a los miembros de dicha organizaci\u00f3n criminal. Estas sirvieron para detener al l\u00edder de la banda, en la localidad de Ingeniero Allan, Partido de Florencio Varela, en enero del corriente a\u00f1o. All\u00ed secuestraron un fusil FAL y un fusil americano AR-15 listos para ser usados, indumentaria de fuerzas de seguridad y equipos de comunicaciones. Cabe destacar que el capturado pose\u00eda un frondoso prontuario delictivo sobre este tipo de hechos y hab\u00eda participado en otro robo a una joyer\u00eda del Shopping Dot Baires en el a\u00f1o 2009.<\/p>\n\n\n\n<p>Posteriormente y con el total de las pruebas obtenidas, el Juzgado Nacional en lo Criminal y Correccional N\u00ba3 a cargo del Dra. Mar\u00eda Alejandra Prov\u00edtola, Secretar\u00eda N\u00ba110 a cargo de la Dra. Perzan, orden\u00f3 catorce allanamientos en las localidades de Tigre, San Mart\u00edn, Florencio Varela, San Isidro y Pilar.<\/p>\n\n\n\n<p>Durante el operativo fueron detenidas seis personas, incluidos al actual cabecilla de la banda. El mismo se hab\u00eda fugado del Penal de Magdalena del Servicio Penitenciario Bonaerense el a\u00f1o pasado, donde cumpl\u00eda condena por el delito de \u201cRobo con Armas\u201d vinculado al atraco al Banco Citibank de Escobar.<\/p>\n\n\n\n<p>Asimismo se secuestraron una ametralladora, tres pistolas, varias municiones y cartuchos de diferentes calibres, cargadores, licencias de conducir y del automotor ap\u00f3crifa, ropa utilizada en los hechos investigados, seis veh\u00edculos en su mayor\u00eda con las chapas patentes adulteradas, una moto, varios relojes de pulsera de alta gama y joyas (presuntamente sustra\u00eddos de los comercios damnificados), varios tel\u00e9fonos celulares, diez mil pesos y dem\u00e1s elementos de inter\u00e9s para la causa.<\/p>\n\n\n\n<p>Los seis aprehendidos, dos mujeres y cuatro hombres todos mayores de edad, junto a los elementos secuestrados, quedaron a disposici\u00f3n del magistrado interventor.<\/p>\n\n\n\n<figure class=\"wp-block-gallery has-nested-images columns-1 is-cropped wp-block-gallery-1 is-layout-flex wp-block-gallery-is-layout-flex\">\n<figure class=\"wp-block-image size-large\"><a href=\"https:\/\/www.elsindical.com.ar\/notas\/var\/www\/html\/notas\/wp-content\/uploads\/2022\/02\/banda-robo-a-joyerias-02.jpg\"><img loading=\"lazy\" decoding=\"async\" width=\"1024\" height=\"768\" data-id=\"111682\" src=\"https:\/\/www.elsindical.com.ar\/notas\/var\/www\/html\/notas\/wp-content\/uploads\/2022\/02\/banda-robo-a-joyerias-02.jpg\" alt=\"\" class=\"wp-image-111682\" srcset=\"https:\/\/www.elsindical.com.ar\/notas\/var\/www\/html\/notas\/wp-content\/uploads\/2022\/02\/banda-robo-a-joyerias-02.jpg 1024w, https:\/\/www.elsindical.com.ar\/notas\/var\/www\/html\/notas\/wp-content\/uploads\/2022\/02\/banda-robo-a-joyerias-02-300x225.jpg 300w, https:\/\/www.elsindical.com.ar\/notas\/var\/www\/html\/notas\/wp-content\/uploads\/2022\/02\/banda-robo-a-joyerias-02-768x576.jpg 768w, https:\/\/www.elsindical.com.ar\/notas\/var\/www\/html\/notas\/wp-content\/uploads\/2022\/02\/banda-robo-a-joyerias-02-400x300.jpg 400w\" sizes=\"auto, (max-width: 1024px) 100vw, 1024px\" \/><\/a><\/figure>\n\n\n\n<figure class=\"wp-block-image size-large\"><a href=\"https:\/\/www.elsindical.com.ar\/notas\/var\/www\/html\/notas\/wp-content\/uploads\/2022\/02\/banda-robo-a-joyerias-03.jpg\"><img loading=\"lazy\" decoding=\"async\" width=\"1024\" height=\"768\" data-id=\"111684\" src=\"https:\/\/www.elsindical.com.ar\/notas\/var\/www\/html\/notas\/wp-content\/uploads\/2022\/02\/banda-robo-a-joyerias-03.jpg\" alt=\"\" class=\"wp-image-111684\" srcset=\"https:\/\/www.elsindical.com.ar\/notas\/var\/www\/html\/notas\/wp-content\/uploads\/2022\/02\/banda-robo-a-joyerias-03.jpg 1024w, https:\/\/www.elsindical.com.ar\/notas\/var\/www\/html\/notas\/wp-content\/uploads\/2022\/02\/banda-robo-a-joyerias-03-300x225.jpg 300w, https:\/\/www.elsindical.com.ar\/notas\/var\/www\/html\/notas\/wp-content\/uploads\/2022\/02\/banda-robo-a-joyerias-03-768x576.jpg 768w, https:\/\/www.elsindical.com.ar\/notas\/var\/www\/html\/notas\/wp-content\/uploads\/2022\/02\/banda-robo-a-joyerias-03-400x300.jpg 400w\" sizes=\"auto, (max-width: 1024px) 100vw, 1024px\" \/><\/a><\/figure>\n\n\n\n<figure class=\"wp-block-image size-large\"><a href=\"https:\/\/www.elsindical.com.ar\/notas\/var\/www\/html\/notas\/wp-content\/uploads\/2022\/02\/banda-robo-a-joyerias-04.jpg\"><img loading=\"lazy\" decoding=\"async\" width=\"1024\" height=\"768\" data-id=\"111683\" src=\"https:\/\/www.elsindical.com.ar\/notas\/var\/www\/html\/notas\/wp-content\/uploads\/2022\/02\/banda-robo-a-joyerias-04.jpg\" alt=\"\" class=\"wp-image-111683\" srcset=\"https:\/\/www.elsindical.com.ar\/notas\/var\/www\/html\/notas\/wp-content\/uploads\/2022\/02\/banda-robo-a-joyerias-04.jpg 1024w, https:\/\/www.elsindical.com.ar\/notas\/var\/www\/html\/notas\/wp-content\/uploads\/2022\/02\/banda-robo-a-joyerias-04-300x225.jpg 300w, https:\/\/www.elsindical.com.ar\/notas\/var\/www\/html\/notas\/wp-content\/uploads\/2022\/02\/banda-robo-a-joyerias-04-768x576.jpg 768w, https:\/\/www.elsindical.com.ar\/notas\/var\/www\/html\/notas\/wp-content\/uploads\/2022\/02\/banda-robo-a-joyerias-04-400x300.jpg 400w\" sizes=\"auto, (max-width: 1024px) 100vw, 1024px\" \/><\/a><\/figure>\n<\/figure>\n\n\n\n<figure class=\"wp-block-embed is-type-video is-provider-youtube wp-block-embed-youtube wp-embed-aspect-16-9 wp-has-aspect-ratio\"><div class=\"wp-block-embed__wrapper\">\n<iframe loading=\"lazy\" title=\"La PFA desarticul\u00f3 a una banda criminal dedicada al robo de joyer\u00edas\" width=\"700\" height=\"394\" src=\"https:\/\/www.youtube.com\/embed\/o5c8GsLHVIA?feature=oembed\" frameborder=\"0\" allow=\"accelerometer; autoplay; clipboard-write; encrypted-media; gyroscope; picture-in-picture\" allowfullscreen><\/iframe>\n<\/div><\/figure>\n","protected":false},"excerpt":{"rendered":"<p>Agentes federales del Departamento Investigaciones Especiales, detuvieron a los restantes miembros de una organizaci\u00f3n delictiva, incluyendo al cabecilla de la banda, acusados de varios robos a mano armada en joyer\u00edas ubicadas en Galer\u00edas Pac\u00edfico y Patio Bullrich de la Ciudad de Buenos Aires. Hechos de similares caracter\u00edsticas tipo comando, ocurrieron en septiembre y diciembre del&hellip;<\/p>\n","protected":false},"author":1,"featured_media":111681,"comment_status":"open","ping_status":"open","sticky":false,"template":"","format":"standard","meta":{"footnotes":""},"categories":[22],"tags":[493,424,8090,2450,36587,698],"class_list":["post-111680","post","type-post","status-publish","format-standard","has-post-thumbnail","hentry","category-policiales","tag-allanamientos","tag-armas","tag-banda-criminal","tag-diario-el-sindical","tag-joyerias","tag-pfa"],"_links":{"self":[{"href":"https:\/\/www.elsindical.com.ar\/notas\/wp-json\/wp\/v2\/posts\/111680","targetHints":{"allow":["GET"]}}],"collection":[{"href":"https:\/\/www.elsindical.com.ar\/notas\/wp-json\/wp\/v2\/posts"}],"about":[{"href":"https:\/\/www.elsindical.com.ar\/notas\/wp-json\/wp\/v2\/types\/post"}],"author":[{"embeddable":true,"href":"https:\/\/www.elsindical.com.ar\/notas\/wp-json\/wp\/v2\/users\/1"}],"replies":[{"embeddable":true,"href":"https:\/\/www.elsindical.com.ar\/notas\/wp-json\/wp\/v2\/comments?post=111680"}],"version-history":[{"count":2,"href":"https:\/\/www.elsindical.com.ar\/notas\/wp-json\/wp\/v2\/posts\/111680\/revisions"}],"predecessor-version":[{"id":111686,"href":"https:\/\/www.elsindical.com.ar\/notas\/wp-json\/wp\/v2\/posts\/111680\/revisions\/111686"}],"wp:featuredmedia":[{"embeddable":true,"href":"https:\/\/www.elsindical.com.ar\/notas\/wp-json\/wp\/v2\/media\/111681"}],"wp:attachment":[{"href":"https:\/\/www.elsindical.com.ar\/notas\/wp-json\/wp\/v2\/media?parent=111680"}],"wp:term":[{"taxonomy":"category","embeddable":true,"href":"https:\/\/www.elsindical.com.ar\/notas\/wp-json\/wp\/v2\/categories?post=111680"},{"taxonomy":"post_tag","embeddable":true,"href":"https:\/\/www.elsindical.com.ar\/notas\/wp-json\/wp\/v2\/tags?post=111680"}],"curies":[{"name":"wp","href":"https:\/\/api.w.org\/{rel}","templated":true}]}}