{"id":111672,"date":"2022-02-22T21:26:12","date_gmt":"2022-02-23T00:26:12","guid":{"rendered":"https:\/\/www.elsindical.com.ar\/notas\/?p=111672"},"modified":"2022-02-22T21:29:25","modified_gmt":"2022-02-23T00:29:25","slug":"la-pfa-detuvo-a-un-profugo-acusado-de-abusos-sexuales-a-menores-de-edad","status":"publish","type":"post","link":"https:\/\/www.elsindical.com.ar\/notas\/la-pfa-detuvo-a-un-profugo-acusado-de-abusos-sexuales-a-menores-de-edad\/","title":{"rendered":"La PFA detuvo a un pr\u00f3fugo acusado de abusos sexuales a menores de edad"},"content":{"rendered":"\n<figure class=\"wp-block-image size-large\"><a href=\"https:\/\/www.elsindical.com.ar\/notas\/var\/www\/html\/notas\/wp-content\/uploads\/2022\/02\/degenerado-profugo-detenido.jpg\"><img loading=\"lazy\" decoding=\"async\" width=\"1024\" height=\"638\" src=\"https:\/\/www.elsindical.com.ar\/notas\/var\/www\/html\/notas\/wp-content\/uploads\/2022\/02\/degenerado-profugo-detenido-1024x638.jpg\" alt=\"\" class=\"wp-image-111673\" srcset=\"https:\/\/www.elsindical.com.ar\/notas\/var\/www\/html\/notas\/wp-content\/uploads\/2022\/02\/degenerado-profugo-detenido-1024x638.jpg 1024w, https:\/\/www.elsindical.com.ar\/notas\/var\/www\/html\/notas\/wp-content\/uploads\/2022\/02\/degenerado-profugo-detenido-300x187.jpg 300w, https:\/\/www.elsindical.com.ar\/notas\/var\/www\/html\/notas\/wp-content\/uploads\/2022\/02\/degenerado-profugo-detenido-768x479.jpg 768w, https:\/\/www.elsindical.com.ar\/notas\/var\/www\/html\/notas\/wp-content\/uploads\/2022\/02\/degenerado-profugo-detenido-481x300.jpg 481w, https:\/\/www.elsindical.com.ar\/notas\/var\/www\/html\/notas\/wp-content\/uploads\/2022\/02\/degenerado-profugo-detenido.jpg 1255w\" sizes=\"auto, (max-width: 1024px) 100vw, 1024px\" \/><\/a><\/figure>\n\n\n\n<p>Agentes federales del Departamento Inteligencia Contra el Crimen Organizado, detuvieron a un hombre fugitivo de la justicia por el delito de abuso sexual a cinco menores de edad, en la localidad bonaerense de Ingeniero Budge.<\/p>\n\n\n\n<p>El involucrado est\u00e1 acusado por abuso sexual con acceso carnal a los menores, aprovechando la situaci\u00f3n de convivencia que ten\u00eda con ellos. En ciertas oportunidades, les ofreci\u00f3 dinero a cambio de tener sexo con ellos o para manosearlos. Los aberrantes hechos ocurrieron en su mayor\u00eda en el interior de una vivienda ubicada en la calle Malvinas Argentinas al 400 del Barrio Rivadavia I, de la Ciudad de Buenos Aires.<\/p>\n\n\n\n<p>En consecuencia, los efectivos federales iniciaron amplias investigaciones para identificar y dar con el paradero del buscado, con la intervenci\u00f3n de la Fiscal\u00eda Criminal y Correccional N\u00b041, a cargo de la Dra. Estela Gloria Andrades de Segura y de la Unidad Fiscal Especializada en Investigaci\u00f3n Criminal Compleja, a cargo del Dr. Jos\u00e9 Mar\u00eda Campagnoli.<\/p>\n\n\n\n<p>Durante varios d\u00edas de discretas pesquisas, los uniformados establecieron que el sujeto podr\u00eda residir en la localidad de Ingeniero Budge, partido de Lomas de Zamora. Posteriormente y con la totalidad de las pruebas obtenidas, los mismos realizaron en horas de la ma\u00f1ana una discreta vigilancia en la zona, pudiendo detener al implicado en la intersecci\u00f3n de la Avenida Capit\u00e1n Giachino y calle Le\u00f1a.<\/p>\n\n\n\n<p>El aprehendido, un hombre argentino de 48 a\u00f1os, qued\u00f3 a disposici\u00f3n del Juzgado Nacional en lo Criminal y Correccional N\u00b026, a cargo del Dr. Dami\u00e1n Kirszenbaum.<\/p>\n\n\n\n<figure class=\"wp-block-embed is-type-video is-provider-youtube wp-block-embed-youtube wp-embed-aspect-16-9 wp-has-aspect-ratio\"><div class=\"wp-block-embed__wrapper\">\n<iframe loading=\"lazy\" title=\"La PFA detuvo a un pr\u00f3fugo acusado de abusos sexuales a menores de edad\" width=\"700\" height=\"394\" src=\"https:\/\/www.youtube.com\/embed\/mssHy391U20?feature=oembed\" frameborder=\"0\" allow=\"accelerometer; autoplay; clipboard-write; encrypted-media; gyroscope; picture-in-picture\" allowfullscreen><\/iframe>\n<\/div><\/figure>\n","protected":false},"excerpt":{"rendered":"<p>Agentes federales del Departamento Inteligencia Contra el Crimen Organizado, detuvieron a un hombre fugitivo de la justicia por el delito de abuso sexual a cinco menores de edad, en la localidad bonaerense de Ingeniero Budge. El involucrado est\u00e1 acusado por abuso sexual con acceso carnal a los menores, aprovechando la situaci\u00f3n de convivencia que ten\u00eda&hellip;<\/p>\n","protected":false},"author":1,"featured_media":111673,"comment_status":"open","ping_status":"open","sticky":false,"template":"","format":"standard","meta":{"footnotes":""},"categories":[22],"tags":[34119,2450,746,698],"class_list":["post-111672","post","type-post","status-publish","format-standard","has-post-thumbnail","hentry","category-policiales","tag-abuso-sexual-de-menores","tag-diario-el-sindical","tag-ingeniero-budge","tag-pfa"],"_links":{"self":[{"href":"https:\/\/www.elsindical.com.ar\/notas\/wp-json\/wp\/v2\/posts\/111672","targetHints":{"allow":["GET"]}}],"collection":[{"href":"https:\/\/www.elsindical.com.ar\/notas\/wp-json\/wp\/v2\/posts"}],"about":[{"href":"https:\/\/www.elsindical.com.ar\/notas\/wp-json\/wp\/v2\/types\/post"}],"author":[{"embeddable":true,"href":"https:\/\/www.elsindical.com.ar\/notas\/wp-json\/wp\/v2\/users\/1"}],"replies":[{"embeddable":true,"href":"https:\/\/www.elsindical.com.ar\/notas\/wp-json\/wp\/v2\/comments?post=111672"}],"version-history":[{"count":2,"href":"https:\/\/www.elsindical.com.ar\/notas\/wp-json\/wp\/v2\/posts\/111672\/revisions"}],"predecessor-version":[{"id":111675,"href":"https:\/\/www.elsindical.com.ar\/notas\/wp-json\/wp\/v2\/posts\/111672\/revisions\/111675"}],"wp:featuredmedia":[{"embeddable":true,"href":"https:\/\/www.elsindical.com.ar\/notas\/wp-json\/wp\/v2\/media\/111673"}],"wp:attachment":[{"href":"https:\/\/www.elsindical.com.ar\/notas\/wp-json\/wp\/v2\/media?parent=111672"}],"wp:term":[{"taxonomy":"category","embeddable":true,"href":"https:\/\/www.elsindical.com.ar\/notas\/wp-json\/wp\/v2\/categories?post=111672"},{"taxonomy":"post_tag","embeddable":true,"href":"https:\/\/www.elsindical.com.ar\/notas\/wp-json\/wp\/v2\/tags?post=111672"}],"curies":[{"name":"wp","href":"https:\/\/api.w.org\/{rel}","templated":true}]}}