{"id":111669,"date":"2022-02-22T12:46:42","date_gmt":"2022-02-22T15:46:42","guid":{"rendered":"https:\/\/www.elsindical.com.ar\/notas\/?p=111669"},"modified":"2022-02-22T12:46:43","modified_gmt":"2022-02-22T15:46:43","slug":"gerardo-martinez-acusado-de-bancar-el-narcotrafico-en-la-uocra","status":"publish","type":"post","link":"https:\/\/www.elsindical.com.ar\/notas\/gerardo-martinez-acusado-de-bancar-el-narcotrafico-en-la-uocra\/","title":{"rendered":"Gerardo Mart\u00ednez acusado de \u00abbancar\u00bb el narcotr\u00e1fico en la UOCRA"},"content":{"rendered":"\n<figure class=\"wp-block-image size-full\"><a href=\"https:\/\/www.elsindical.com.ar\/notas\/var\/www\/html\/notas\/wp-content\/uploads\/2022\/02\/Fabiola-Garcia.jpg\"><img loading=\"lazy\" decoding=\"async\" width=\"800\" height=\"400\" src=\"https:\/\/www.elsindical.com.ar\/notas\/var\/www\/html\/notas\/wp-content\/uploads\/2022\/02\/Fabiola-Garcia.jpg\" alt=\"\" class=\"wp-image-111670\" srcset=\"https:\/\/www.elsindical.com.ar\/notas\/var\/www\/html\/notas\/wp-content\/uploads\/2022\/02\/Fabiola-Garcia.jpg 800w, https:\/\/www.elsindical.com.ar\/notas\/var\/www\/html\/notas\/wp-content\/uploads\/2022\/02\/Fabiola-Garcia-300x150.jpg 300w, https:\/\/www.elsindical.com.ar\/notas\/var\/www\/html\/notas\/wp-content\/uploads\/2022\/02\/Fabiola-Garcia-768x384.jpg 768w, https:\/\/www.elsindical.com.ar\/notas\/var\/www\/html\/notas\/wp-content\/uploads\/2022\/02\/Fabiola-Garcia-500x250.jpg 500w\" sizes=\"auto, (max-width: 800px) 100vw, 800px\" \/><\/a><\/figure>\n\n\n\n<p>   En horas del mediod\u00eda, se hizo presente en la puerta de la comisar\u00eda 4ta de La Plata, Fabiola Garc\u00eda, la esposa del dirigente sindical Juan Pablo Pata Medina, para interiorizarse de la situaci\u00f3n de su marido y su hija aprehendidos luego de ser agredidos por una patota que responde a Iv\u00e1n Tobar cuando iba a un chequeo m\u00e9dico al Hospital Italiano de La Plata.<\/p>\n\n\n\n<p>La mujer acompa\u00f1ada de un sector de la UOCRA La Plata que responde a Medina, fue entrevistada por los medios period\u00edsticos en el lugar y visiblemente molesta por entender que su marido e hija fueron emboscados, agredidos y encarcelados como una demostraci\u00f3n de poder de quienes se benefician con el negocio de la droga.<\/p>\n\n\n\n<p>Fabiola, hizo un relato que apunta a los problemas judiciales que ella y su familia afrontan desde que denunciaron la llegada de barras bravas al sindicalismo, para buscar una protecci\u00f3n pol\u00edtica y sindical que les permita a los barras llevar adelante su negocio de venta de drogas. As\u00ed no dudo en denunciar ante los medios a Iv\u00e1n Tobar como el jefe del narcomenudeo a los j\u00f3venes de las cooperativas de La Plata, a los que luego usa para pegar carteles o realizar aprietes.<\/p>\n\n\n\n<p>Acuso a Sebasti\u00e1n Ver\u00f3n de estar al tanto de los delitos que lleva adelante la barra brava del Club Estudiantes de La Plata y de permitir que arruinen a los j\u00f3venes, esto no es nuevo y mucho se ha escrito sobre los v\u00ednculos de los barras con la droga, robos y secuestros entre otros delitos, algo que el Estado no ha podido o querido resolver.<\/p>\n\n\n\n<p>Denunci\u00f3 que el intendente Mario Secco de Ensenada, tiene a un secretario de seguridad que hace negocios con Tobar y que la situaci\u00f3n es conocida por la polic\u00eda Bonaerense que siempre ha sido socia de los barras, pol\u00edticos corruptos y \u00abnarcos\u00bb que aclaro los llaman as\u00ed pero no son Pablo Escobar.<\/p>\n\n\n\n<p>Tuvo fuertes palabras para el actual ministro de justicia bonaerense Julio Alak a quien se\u00f1al\u00f3 como uno de los responsables de permitir una persecuci\u00f3n a su familia dejando en claro que as\u00ed como el gobierno de Mar\u00eda Eugeni Vidal se financiaba con la droga, otros pol\u00edticos del oficialismo tambi\u00e9n lo hacen.<\/p>\n\n\n\n<p>Le pidi\u00f3 a los medios que le pregunten a Gerardo Mart\u00ednez por qu\u00e9 permite que Iv\u00e1n Tobar maneje la UOCRA cuando nunca fue a una elecci\u00f3n, que le pregunten sobre las muertes que se vinculan a Tobar y los motivos de su silencio, en algo se debe beneficiar Mart\u00ednez apunto Fabiola, quien tambi\u00e9n fue una activa militante del cupo femenino que en la UOCRA no se respeta y del que Gerardo Mart\u00ednez tampoco ha dado respuesta alguna.<\/p>\n\n\n\n<p>Dijo que el turno que su marido ten\u00eda en el m\u00e9dico hab\u00eda sido informado al juzgado federal que lo tiene bajo arresto domiciliario por lo cual sospecha de algunos miembros judiciales de haber filtrado la fecha y la hora para ser emboscado y que adem\u00e1s del escrache, todo es una maniobra para quebrar a su familia, ya que su hija de 22 a\u00f1os era la \u00fanica que a la fecha no hab\u00eda sido esposada.<\/p>\n\n\n\n<p>Es evidente que m\u00e1s all\u00e1 de quien hizo las denuncias, las mismas abren un nuevo espacio que una justicia independiente deber\u00eda investigar, se han denunciado hechos muy graves que afectan no solo a los vinculados a la UOCRA, sino a la sociedad en su conjunto, Gerardo Mart\u00ednez siempre es mencionado por de m\u00ednima permitir irregularidades pero a la fecha sigue atornillado al sill\u00f3n de secretario general y viajando por el mundo como si su gremio fuera un ejemplo de orden y respeto por los trabajadores y las leyes laborales.<\/p>\n\n\n\n<p><\/p>\n","protected":false},"excerpt":{"rendered":"<p>En horas del mediod\u00eda, se hizo presente en la puerta de la comisar\u00eda 4ta de La Plata, Fabiola Garc\u00eda, la esposa del dirigente sindical Juan Pablo Pata Medina, para interiorizarse de la situaci\u00f3n de su marido y su hija aprehendidos luego de ser agredidos por una patota que responde a Iv\u00e1n Tobar cuando iba a&hellip;<\/p>\n","protected":false},"author":1,"featured_media":111670,"comment_status":"open","ping_status":"open","sticky":false,"template":"","format":"standard","meta":{"footnotes":""},"categories":[6],"tags":[6181,2450,382,36586,8014,36583,23238,19882,1726,7265,24882,1228],"class_list":["post-111669","post","type-post","status-publish","format-standard","has-post-thumbnail","hentry","category-denuncias","tag-barra-brava","tag-diario-el-sindical","tag-drogas","tag-fabiola-garcia","tag-gerardo-martinez","tag-ivan-tobar","tag-juan-pablo-pata-medina","tag-juan-sebastian-veron","tag-julio-alak","tag-maria-eugenia-vidal","tag-mario-secco","tag-uocra"],"_links":{"self":[{"href":"https:\/\/www.elsindical.com.ar\/notas\/wp-json\/wp\/v2\/posts\/111669","targetHints":{"allow":["GET"]}}],"collection":[{"href":"https:\/\/www.elsindical.com.ar\/notas\/wp-json\/wp\/v2\/posts"}],"about":[{"href":"https:\/\/www.elsindical.com.ar\/notas\/wp-json\/wp\/v2\/types\/post"}],"author":[{"embeddable":true,"href":"https:\/\/www.elsindical.com.ar\/notas\/wp-json\/wp\/v2\/users\/1"}],"replies":[{"embeddable":true,"href":"https:\/\/www.elsindical.com.ar\/notas\/wp-json\/wp\/v2\/comments?post=111669"}],"version-history":[{"count":1,"href":"https:\/\/www.elsindical.com.ar\/notas\/wp-json\/wp\/v2\/posts\/111669\/revisions"}],"predecessor-version":[{"id":111671,"href":"https:\/\/www.elsindical.com.ar\/notas\/wp-json\/wp\/v2\/posts\/111669\/revisions\/111671"}],"wp:featuredmedia":[{"embeddable":true,"href":"https:\/\/www.elsindical.com.ar\/notas\/wp-json\/wp\/v2\/media\/111670"}],"wp:attachment":[{"href":"https:\/\/www.elsindical.com.ar\/notas\/wp-json\/wp\/v2\/media?parent=111669"}],"wp:term":[{"taxonomy":"category","embeddable":true,"href":"https:\/\/www.elsindical.com.ar\/notas\/wp-json\/wp\/v2\/categories?post=111669"},{"taxonomy":"post_tag","embeddable":true,"href":"https:\/\/www.elsindical.com.ar\/notas\/wp-json\/wp\/v2\/tags?post=111669"}],"curies":[{"name":"wp","href":"https:\/\/api.w.org\/{rel}","templated":true}]}}