{"id":111662,"date":"2022-02-22T12:09:35","date_gmt":"2022-02-22T15:09:35","guid":{"rendered":"https:\/\/www.elsindical.com.ar\/notas\/?p=111662"},"modified":"2022-02-22T12:09:36","modified_gmt":"2022-02-22T15:09:36","slug":"contaminacion-en-las-playas-bonaerenses-mas-del-84-por-ciento-de-los-residuos-son-plasticos","status":"publish","type":"post","link":"https:\/\/www.elsindical.com.ar\/notas\/contaminacion-en-las-playas-bonaerenses-mas-del-84-por-ciento-de-los-residuos-son-plasticos\/","title":{"rendered":"Contaminaci\u00f3n en las playas bonaerenses: m\u00e1s del 84 por ciento de los residuos son pl\u00e1sticos"},"content":{"rendered":"\n<figure class=\"wp-block-image size-large\"><a href=\"https:\/\/www.elsindical.com.ar\/notas\/var\/www\/html\/notas\/wp-content\/uploads\/2022\/02\/bolsas-plasticas_Fundacion-Vida-Silvestre-scaled.jpg\"><img loading=\"lazy\" decoding=\"async\" width=\"1024\" height=\"683\" src=\"https:\/\/www.elsindical.com.ar\/notas\/var\/www\/html\/notas\/wp-content\/uploads\/2022\/02\/bolsas-plasticas_Fundacion-Vida-Silvestre-1024x683.jpg\" alt=\"\" class=\"wp-image-111663\" srcset=\"https:\/\/www.elsindical.com.ar\/notas\/var\/www\/html\/notas\/wp-content\/uploads\/2022\/02\/bolsas-plasticas_Fundacion-Vida-Silvestre-1024x683.jpg 1024w, https:\/\/www.elsindical.com.ar\/notas\/var\/www\/html\/notas\/wp-content\/uploads\/2022\/02\/bolsas-plasticas_Fundacion-Vida-Silvestre-300x200.jpg 300w, https:\/\/www.elsindical.com.ar\/notas\/var\/www\/html\/notas\/wp-content\/uploads\/2022\/02\/bolsas-plasticas_Fundacion-Vida-Silvestre-768x512.jpg 768w, https:\/\/www.elsindical.com.ar\/notas\/var\/www\/html\/notas\/wp-content\/uploads\/2022\/02\/bolsas-plasticas_Fundacion-Vida-Silvestre-450x300.jpg 450w, https:\/\/www.elsindical.com.ar\/notas\/var\/www\/html\/notas\/wp-content\/uploads\/2022\/02\/bolsas-plasticas_Fundacion-Vida-Silvestre-1536x1024.jpg 1536w, https:\/\/www.elsindical.com.ar\/notas\/var\/www\/html\/notas\/wp-content\/uploads\/2022\/02\/bolsas-plasticas_Fundacion-Vida-Silvestre-2048x1365.jpg 2048w\" sizes=\"auto, (max-width: 1024px) 100vw, 1024px\" \/><\/a><\/figure>\n\n\n\n<p>Se conocieron los resultados del \u00faltimo Censo Provincial de Basura Costera Marina, que arroj\u00f3 nuevamente como principales contaminantes los residuos pl\u00e1sticos y las colillas de cigarrillos. Una problem\u00e1tica creciente con efectos inmediatos en los ecosistemas y especies de la costa atl\u00e1ntica argentina.<\/p>\n\n\n\n<p><strong>Agustina Lima (Agencia CTyS-UNLaM)<\/strong> \u2013 De acuerdo a los resultados recopilados en la 5\u00b0 edici\u00f3n del Censo Provincial de Basura Costera, el escenario es repetitivo y desalentador para las playas bonaerenses: un 84,5 por ciento de los residuos relevados corresponde a pl\u00e1sticos de uso cotidiano, como envases y bolsas, que no solo contaminan, sino que, tambi\u00e9n, afectan a la fauna marina. Un dato de vital relevancia en un contexto donde, seg\u00fan el \u00faltimo informe de las Naciones Unidas para el Medio Ambiente, la contaminaci\u00f3n por pl\u00e1stico en los ecosistemas marinos se podr\u00eda duplicar para el 2030 si las condiciones contin\u00faan siendo las mismas.<\/p>\n\n\n\n<p>De forma diaria, toneladas de basura llegan a los mares a trav\u00e9s de los sistemas de drenaje urbanos -bocas de tormenta y pluviales-, la desembocadura de los r\u00edos y por la acci\u00f3n del viento que los traslada, sumado a lo que arrojan las personas en los ambientes costeros. A su vez, el mar recoge los residuos durante la marea alta y los transporta hacia otros sitios.<\/p>\n\n\n\n<p>Seg\u00fan el doctor en Biolog\u00eda, Pablo Denuncio, investigador y docente en la Universidad Nacional de Mar del Plata (UNMDP-CONICET), \u201cla presencia de pl\u00e1sticos se sigue replicando, principalmente, porque este material no se descompone, sino que se disgrega en fracciones menores llamadas micropl\u00e1sticos, por lo que el problema inicialmente es macrosc\u00f3pico y con el tiempo tambi\u00e9n es un problema microsc\u00f3pico, cuyos efectos en su mayor\u00eda son desconocidos\u201d.<\/p>\n\n\n\n<p>Asimismo, los expertos consideran necesario destacar que hay miles de especies afectadas por la basura a escala macro y micro y, sin embargo, son m\u00ednimos los casos donde el efecto es demostrable. \u201cLa medida de manejo que m\u00e1s se intenta aplicar en el mundo entero es la reducci\u00f3n o el reemplazo de los pl\u00e1sticos de un solo uso, como paquetes y bolsas de envasado de muchos productos, que representa el 50 por ciento del pl\u00e1stico total liberado al mar\u201d, asever\u00f3 Denuncio.<\/p>\n\n\n\n<p>Entre los residuos, los que m\u00e1s se encontraron en las playas fueron colillas de cigarrillo (19,6 por ciento), fragmentos pl\u00e1sticos (18,7), envoltorios pl\u00e1sticos como nylon y celof\u00e1n (13,2), bolsas pl\u00e1sticas (10) y restos de nylon (8,1).<\/p>\n\n\n\n<p>\u201cConocer cu\u00e1l es la composici\u00f3n de la basura marina nos permite identificar c\u00f3mo podemos mejorar nuestros h\u00e1bitos de consumo, evaluar las realidades particulares y establecer qu\u00e9 tipo de regulaciones son necesarias, con la finalidad de frenar y revertir la contaminaci\u00f3n por pl\u00e1stico\u201d, detall\u00f3 Ver\u00f3nica Garc\u00eda, especialista Ecosistemas Marinos y Pesca Sustentable de Fundaci\u00f3n Vida Silvestre Argentina.<\/p>\n\n\n\n<p>\u201cLos residuos pl\u00e1sticos, sean macro o micropl\u00e1sticos, ya forman parte de todos los ambientes naturales y del alimento de muchas especies, incluidos los seres humanos. La disminuci\u00f3n de la producci\u00f3n de embalajes y pl\u00e1sticos de un solo uso, la compra consciente, la disposici\u00f3n correcta de los residuos y un sistema eficaz de disposici\u00f3n final y recuperaci\u00f3n todav\u00eda est\u00e1n pendientes\u201d, agreg\u00f3 Garc\u00eda.<\/p>\n\n\n\n<p>Por su parte, Fernando Mi\u00f1arro, director de conservaci\u00f3n de la Fundaci\u00f3n Vida Silvestre Argentina, denunci\u00f3 que \u201cen el mundo, diez millones de toneladas de residuos pl\u00e1sticos terminan en el mar cada a\u00f1o, lo cual es el equivalente a que un cami\u00f3n de basura vuelque su carga completa de pl\u00e1sticos por minuto al oc\u00e9ano. As\u00ed, Argentina se posiciona dentro de los 25 pa\u00edses que m\u00e1s desechos pl\u00e1sticos produce\u201d.<\/p>\n\n\n\n<p>El censo fue el resultado del trabajo en conjunto entre m\u00e1s de 20 instituciones costeras y 428 voluntarios, llevado a cabo en 21 localidades bonaerenses que abarcaron una superficie de 422.501 metros cuadrados (42 hect\u00e1reas), equivalente a 58 campos de f\u00fatbol, durante septiembre y octubre de 2021.<\/p>\n\n\n\n<p><strong>Una amenaza a las especies y el ecosistema<\/strong><\/p>\n\n\n\n<p>En el pa\u00eds, el 97 por ciento de las tortugas marinas atendidas en la Fundaci\u00f3n Mundo Marino tiene pl\u00e1stico en su est\u00f3mago o intestino. Seg\u00fan el Censo, las aves marinas son las que m\u00e1s reportes de interacci\u00f3n con pl\u00e1sticos mostraron (67,5 por ciento), seguidas por las tortugas marinas (20) y por mam\u00edferos marinos (12,5).<\/p>\n\n\n\n<p>\u201cEncontramos que al menos 45 especies marinas interact\u00faan, ya sea por ingesti\u00f3n o enredo, con pl\u00e1sticos en la regi\u00f3n\u201d, alert\u00f3 Denuncio a la <strong>Agencia CTyS-UNLaM<\/strong>, quien, adem\u00e1s, es coautor de un estudio publicado en la revista Frontiers, que analiza c\u00f3mo distintas especies del Estuario del R\u00edo de la Plata funcionan como indicadores biol\u00f3gicos de la interacci\u00f3n negativa con pl\u00e1sticos.<\/p>\n\n\n\n<p>\u201cEsta investigaci\u00f3n fue una idea puntual propuesta por investigadores que trabajamos en \u00e1reas diferentes: algunos con tortugas, otros con mam\u00edferos y otros con aves. En la actualidad, cada uno en su grupo de inter\u00e9s, contin\u00faa el estudio de los macro y micropl\u00e1sticos, lo que nos permitir\u00e1 tener tambi\u00e9n una idea de variaciones geogr\u00e1ficas, dentro de la misma provincia, para especies que se mueven poco y cuyas poblaciones est\u00e1n bien estructuradas y conocidas. Tambi\u00e9n podremos conocer las tendencias hist\u00f3ricas, las cuales nos permitir\u00e1n saber qu\u00e9 es lo que est\u00e1 pasando con el pasar de las d\u00e9cadas\u201d, explic\u00f3 Denuncio.<\/p>\n\n\n\n<p>\u201cEl siguiente paso es saber c\u00f3mo afecta la basura a la fauna, y particularmente a los mam\u00edferos marinos, tambi\u00e9n estamos enfocados a entender un poco mejor eso. Estos dos factores est\u00e1n enmarcados en una tesis doctoral dedicada exclusivamente a entender la interacci\u00f3n de pl\u00e1sticos y mam\u00edferos marinos, as\u00ed que dentro de cuatro a\u00f1os la informaci\u00f3n de la regi\u00f3n va a ser enorme, en comparaci\u00f3n con lo que sabemos hoy\u201d, concluy\u00f3 el experto.<\/p>\n\n\n\n<p>En la actualidad, las especies m\u00e1s afectadas por micropl\u00e1sticos, es decir, por aquellos fragmentos pl\u00e1sticos desintegrados en part\u00edculas, son: el delf\u00edn franciscana, tortugas, lobos y elefantes marinos, ballenas y peces.<\/p>\n\n\n\n<p>\u201cDe esta forma, el pl\u00e1stico ingerido por la fauna marina persiste en el sistema digestivo, provocando una disminuci\u00f3n del apetito, obstrucci\u00f3n gastrointestinal y disminuci\u00f3n de los niveles de las hormonas esteroideas, lo que lleva a problemas en la reproducci\u00f3n. Se puede encontrar la presencia de micropl\u00e1sticos primarios y secundarios formando parte de los sedimentos, los cuerpos de agua, los est\u00f3magos y tejidos de los animales y, tambi\u00e9n, estructurando sus h\u00e1bitats\u201d, finaliz\u00f3 Mi\u00f1arro.<\/p>\n\n\n\n<figure class=\"wp-block-gallery has-nested-images columns-1 is-cropped wp-block-gallery-1 is-layout-flex wp-block-gallery-is-layout-flex\">\n<figure class=\"wp-block-image size-large\"><a href=\"https:\/\/www.elsindical.com.ar\/notas\/var\/www\/html\/notas\/wp-content\/uploads\/2022\/02\/Enredo-de-un-lobo-marino-de-un-pelo-Otaria-flavescens-en-el-puerto-Mar-del-Plata-Foto-Pablo-Denuncio-scaled.jpg\"><img loading=\"lazy\" decoding=\"async\" width=\"1024\" height=\"768\" data-id=\"111665\" src=\"https:\/\/www.elsindical.com.ar\/notas\/var\/www\/html\/notas\/wp-content\/uploads\/2022\/02\/Enredo-de-un-lobo-marino-de-un-pelo-Otaria-flavescens-en-el-puerto-Mar-del-Plata-Foto-Pablo-Denuncio-1024x768.jpg\" alt=\"\" class=\"wp-image-111665\" srcset=\"https:\/\/www.elsindical.com.ar\/notas\/var\/www\/html\/notas\/wp-content\/uploads\/2022\/02\/Enredo-de-un-lobo-marino-de-un-pelo-Otaria-flavescens-en-el-puerto-Mar-del-Plata-Foto-Pablo-Denuncio-1024x768.jpg 1024w, https:\/\/www.elsindical.com.ar\/notas\/var\/www\/html\/notas\/wp-content\/uploads\/2022\/02\/Enredo-de-un-lobo-marino-de-un-pelo-Otaria-flavescens-en-el-puerto-Mar-del-Plata-Foto-Pablo-Denuncio-300x225.jpg 300w, https:\/\/www.elsindical.com.ar\/notas\/var\/www\/html\/notas\/wp-content\/uploads\/2022\/02\/Enredo-de-un-lobo-marino-de-un-pelo-Otaria-flavescens-en-el-puerto-Mar-del-Plata-Foto-Pablo-Denuncio-768x576.jpg 768w, https:\/\/www.elsindical.com.ar\/notas\/var\/www\/html\/notas\/wp-content\/uploads\/2022\/02\/Enredo-de-un-lobo-marino-de-un-pelo-Otaria-flavescens-en-el-puerto-Mar-del-Plata-Foto-Pablo-Denuncio-400x300.jpg 400w, https:\/\/www.elsindical.com.ar\/notas\/var\/www\/html\/notas\/wp-content\/uploads\/2022\/02\/Enredo-de-un-lobo-marino-de-un-pelo-Otaria-flavescens-en-el-puerto-Mar-del-Plata-Foto-Pablo-Denuncio-1536x1152.jpg 1536w, https:\/\/www.elsindical.com.ar\/notas\/var\/www\/html\/notas\/wp-content\/uploads\/2022\/02\/Enredo-de-un-lobo-marino-de-un-pelo-Otaria-flavescens-en-el-puerto-Mar-del-Plata-Foto-Pablo-Denuncio-2048x1536.jpg 2048w\" sizes=\"auto, (max-width: 1024px) 100vw, 1024px\" \/><\/a><\/figure>\n\n\n\n<figure class=\"wp-block-image size-large\"><a href=\"https:\/\/www.elsindical.com.ar\/notas\/var\/www\/html\/notas\/wp-content\/uploads\/2022\/02\/otra-para-fragmentos-o-bolsas_Fundacion-Vida-Silvestre-scaled.jpg\"><img loading=\"lazy\" decoding=\"async\" width=\"1024\" height=\"683\" data-id=\"111667\" src=\"https:\/\/www.elsindical.com.ar\/notas\/var\/www\/html\/notas\/wp-content\/uploads\/2022\/02\/otra-para-fragmentos-o-bolsas_Fundacion-Vida-Silvestre-1024x683.jpg\" alt=\"\" class=\"wp-image-111667\" srcset=\"https:\/\/www.elsindical.com.ar\/notas\/var\/www\/html\/notas\/wp-content\/uploads\/2022\/02\/otra-para-fragmentos-o-bolsas_Fundacion-Vida-Silvestre-1024x683.jpg 1024w, https:\/\/www.elsindical.com.ar\/notas\/var\/www\/html\/notas\/wp-content\/uploads\/2022\/02\/otra-para-fragmentos-o-bolsas_Fundacion-Vida-Silvestre-300x200.jpg 300w, https:\/\/www.elsindical.com.ar\/notas\/var\/www\/html\/notas\/wp-content\/uploads\/2022\/02\/otra-para-fragmentos-o-bolsas_Fundacion-Vida-Silvestre-768x512.jpg 768w, https:\/\/www.elsindical.com.ar\/notas\/var\/www\/html\/notas\/wp-content\/uploads\/2022\/02\/otra-para-fragmentos-o-bolsas_Fundacion-Vida-Silvestre-450x300.jpg 450w, https:\/\/www.elsindical.com.ar\/notas\/var\/www\/html\/notas\/wp-content\/uploads\/2022\/02\/otra-para-fragmentos-o-bolsas_Fundacion-Vida-Silvestre-1536x1024.jpg 1536w, https:\/\/www.elsindical.com.ar\/notas\/var\/www\/html\/notas\/wp-content\/uploads\/2022\/02\/otra-para-fragmentos-o-bolsas_Fundacion-Vida-Silvestre-2048x1365.jpg 2048w\" sizes=\"auto, (max-width: 1024px) 100vw, 1024px\" \/><\/a><\/figure>\n\n\n\n<figure class=\"wp-block-image size-large\"><a href=\"https:\/\/www.elsindical.com.ar\/notas\/var\/www\/html\/notas\/wp-content\/uploads\/2022\/02\/colillas-de-cigarillo_Fundacion-Vida-Silvestre-scaled.jpg\"><img loading=\"lazy\" decoding=\"async\" width=\"768\" height=\"1024\" data-id=\"111666\" src=\"https:\/\/www.elsindical.com.ar\/notas\/var\/www\/html\/notas\/wp-content\/uploads\/2022\/02\/colillas-de-cigarillo_Fundacion-Vida-Silvestre-768x1024.jpg\" alt=\"\" class=\"wp-image-111666\" srcset=\"https:\/\/www.elsindical.com.ar\/notas\/var\/www\/html\/notas\/wp-content\/uploads\/2022\/02\/colillas-de-cigarillo_Fundacion-Vida-Silvestre-768x1024.jpg 768w, https:\/\/www.elsindical.com.ar\/notas\/var\/www\/html\/notas\/wp-content\/uploads\/2022\/02\/colillas-de-cigarillo_Fundacion-Vida-Silvestre-225x300.jpg 225w, https:\/\/www.elsindical.com.ar\/notas\/var\/www\/html\/notas\/wp-content\/uploads\/2022\/02\/colillas-de-cigarillo_Fundacion-Vida-Silvestre-1152x1536.jpg 1152w, https:\/\/www.elsindical.com.ar\/notas\/var\/www\/html\/notas\/wp-content\/uploads\/2022\/02\/colillas-de-cigarillo_Fundacion-Vida-Silvestre-1536x2048.jpg 1536w, https:\/\/www.elsindical.com.ar\/notas\/var\/www\/html\/notas\/wp-content\/uploads\/2022\/02\/colillas-de-cigarillo_Fundacion-Vida-Silvestre-scaled.jpg 1920w\" sizes=\"auto, (max-width: 768px) 100vw, 768px\" \/><\/a><\/figure>\n<\/figure>\n","protected":false},"excerpt":{"rendered":"<p>Se conocieron los resultados del \u00faltimo Censo Provincial de Basura Costera Marina, que arroj\u00f3 nuevamente como principales contaminantes los residuos pl\u00e1sticos y las colillas de cigarrillos. Una problem\u00e1tica creciente con efectos inmediatos en los ecosistemas y especies de la costa atl\u00e1ntica argentina. Agustina Lima (Agencia CTyS-UNLaM) \u2013 De acuerdo a los resultados recopilados en la&hellip;<\/p>\n","protected":false},"author":1,"featured_media":111663,"comment_status":"open","ping_status":"open","sticky":false,"template":"","format":"standard","meta":{"footnotes":""},"categories":[25],"tags":[1536,36584,2450,36585],"class_list":["post-111662","post","type-post","status-publish","format-standard","has-post-thumbnail","hentry","category-sociedad","tag-basura","tag-contaminacion-playas-bonaerenses","tag-diario-el-sindical","tag-residuos-plasticos"],"_links":{"self":[{"href":"https:\/\/www.elsindical.com.ar\/notas\/wp-json\/wp\/v2\/posts\/111662","targetHints":{"allow":["GET"]}}],"collection":[{"href":"https:\/\/www.elsindical.com.ar\/notas\/wp-json\/wp\/v2\/posts"}],"about":[{"href":"https:\/\/www.elsindical.com.ar\/notas\/wp-json\/wp\/v2\/types\/post"}],"author":[{"embeddable":true,"href":"https:\/\/www.elsindical.com.ar\/notas\/wp-json\/wp\/v2\/users\/1"}],"replies":[{"embeddable":true,"href":"https:\/\/www.elsindical.com.ar\/notas\/wp-json\/wp\/v2\/comments?post=111662"}],"version-history":[{"count":1,"href":"https:\/\/www.elsindical.com.ar\/notas\/wp-json\/wp\/v2\/posts\/111662\/revisions"}],"predecessor-version":[{"id":111668,"href":"https:\/\/www.elsindical.com.ar\/notas\/wp-json\/wp\/v2\/posts\/111662\/revisions\/111668"}],"wp:featuredmedia":[{"embeddable":true,"href":"https:\/\/www.elsindical.com.ar\/notas\/wp-json\/wp\/v2\/media\/111663"}],"wp:attachment":[{"href":"https:\/\/www.elsindical.com.ar\/notas\/wp-json\/wp\/v2\/media?parent=111662"}],"wp:term":[{"taxonomy":"category","embeddable":true,"href":"https:\/\/www.elsindical.com.ar\/notas\/wp-json\/wp\/v2\/categories?post=111662"},{"taxonomy":"post_tag","embeddable":true,"href":"https:\/\/www.elsindical.com.ar\/notas\/wp-json\/wp\/v2\/tags?post=111662"}],"curies":[{"name":"wp","href":"https:\/\/api.w.org\/{rel}","templated":true}]}}