{"id":111630,"date":"2022-02-21T16:39:11","date_gmt":"2022-02-21T19:39:11","guid":{"rendered":"https:\/\/www.elsindical.com.ar\/notas\/?p=111630"},"modified":"2022-02-21T16:39:12","modified_gmt":"2022-02-21T19:39:12","slug":"marcelo-frecha-otra-burrada-y-van","status":"publish","type":"post","link":"https:\/\/www.elsindical.com.ar\/notas\/marcelo-frecha-otra-burrada-y-van\/","title":{"rendered":"Marcelo Frecha, otra burrada y van &#8230;"},"content":{"rendered":"\n<div class=\"wp-block-image\"><figure class=\"aligncenter size-full\"><a href=\"https:\/\/www.elsindical.com.ar\/notas\/var\/www\/html\/notas\/wp-content\/uploads\/2022\/02\/Corso-en-Pineiro.jpg\"><img loading=\"lazy\" decoding=\"async\" width=\"489\" height=\"702\" src=\"https:\/\/www.elsindical.com.ar\/notas\/var\/www\/html\/notas\/wp-content\/uploads\/2022\/02\/Corso-en-Pineiro.jpg\" alt=\"\" class=\"wp-image-111631\" srcset=\"https:\/\/www.elsindical.com.ar\/notas\/var\/www\/html\/notas\/wp-content\/uploads\/2022\/02\/Corso-en-Pineiro.jpg 489w, https:\/\/www.elsindical.com.ar\/notas\/var\/www\/html\/notas\/wp-content\/uploads\/2022\/02\/Corso-en-Pineiro-209x300.jpg 209w\" sizes=\"auto, (max-width: 489px) 100vw, 489px\" \/><\/a><\/figure><\/div>\n\n\n\n<p class=\"wp-block-paragraph\">   Fiel a su estilo de no me importa nada, solo recaudar, Marcelo Mario Frecha, responsable del Foro Vecinal Avellaneda Segura, sigue siendo un incoherente o un mercenario, \u00e9l sabr\u00e1 que le va mejor, por un lado sigue promocionando a personajes de dudosa \u00e9tica y legalidad que ofrecen servicios de dudosa legalidad a los vecinos, incluso algunos vinculados a la salud, con lo cual se agrava la situaci\u00f3n y una posible imputaci\u00f3n contra Frecha que no podr\u00e1 despegarse de su responsabilidad.<\/p>\n\n\n\n<p class=\"wp-block-paragraph\">Es tan grande su ambici\u00f3n de abarcar todo lo que pueda y tan grande su ego\u00edsmo que ni siquiera piensa en lo que publica y termina desinformando y generando confusiones y errores en quienes creen estar leyendo un medio de comunicaci\u00f3n serio y no advierten que es una especie de pizarra donde cualquiera que pague puede promocionarse, a\u00fan si lo que se promociona es un delito, tiene origen en el delito o es un enga\u00f1o.<\/p>\n\n\n\n<p class=\"wp-block-paragraph\">Ahora en la promoci\u00f3n del \u00abCorso de Pi\u00f1eyro\u00bb, parece poco importar que la tipograf\u00eda usada sea similar a la del pol\u00e9mico juega GTA Vegas, este videojuego trata de tres personajes que deben crecer dentro del mundo delictual en Los \u00c1ngeles. Cada uno tiene su historia respectiva y, mientras vas cumpliendo misiones vas subiendo habilidad, adquiriendo nuevas vestimentas y caracter\u00edsticas f\u00edsicas.<\/p>\n\n\n\n<p class=\"wp-block-paragraph\">El juego Grand Theft Auto, en s\u00ed mismo, es violento y con <strong>un claro contenido para adultos<\/strong>. No recomiendo para nada que los ni\u00f1os jueguen con \u00e9l, porque dentro de las diferentes historias hay un lenguaje agresivo y muy ofensivo, alto contenido sexual incluyendo violaciones y asesinatos a sangre fr\u00eda.<\/p>\n\n\n\n<p class=\"wp-block-paragraph\">Curiosa promoci\u00f3n de un corso para los vecinos de Pi\u00f1eiro, que suelen quejarse en las redes de la inseguridad, de los reiterados choques por mala conducci\u00f3n y de los descontroles en las inmediaciones donde se venden bebidas alcoh\u00f3licas, notas que antes publicaba reiteradamente el Foro sobre algunas cervecer\u00edas de la zona y que dieron paso a algunas publicidades.<\/p>\n\n\n\n<p class=\"wp-block-paragraph\">Por otro lado, hace mucho que se determin\u00f3 que el nombre es Pi\u00f1eiro y no Pi\u00f1eyro como lo publicito el Foro repitiendo el nombre seg\u00fan el Flyer que promociona entre otros la cerveza artesanal.<\/p>\n\n\n\n<p class=\"wp-block-paragraph\">Que poco aporte a la cultura, la seguridad y los vecinos terminaste aportando Marcelo Frecha.<\/p>\n\n\n\n<p class=\"wp-block-paragraph\"><\/p>\n\n\n\n<p class=\"wp-block-paragraph\">Por Marcelo Ricardo Hawrylciw<\/p>\n","protected":false},"excerpt":{"rendered":"<p>Fiel a su estilo de no me importa nada, solo recaudar, Marcelo Mario Frecha, responsable del Foro Vecinal Avellaneda Segura, sigue siendo un incoherente o un mercenario, \u00e9l sabr\u00e1 que le va mejor, por un lado sigue promocionando a personajes de dudosa \u00e9tica y legalidad que ofrecen servicios de dudosa legalidad a los vecinos, incluso&hellip;<\/p>\n","protected":false},"author":1,"featured_media":111631,"comment_status":"open","ping_status":"open","sticky":false,"template":"","format":"standard","meta":{"footnotes":""},"categories":[10],"tags":[461,18487,22020,2450,36578,17822,17982,36579],"class_list":["post-111630","post","type-post","status-publish","format-standard","has-post-thumbnail","hentry","category-editorial","tag-avellaneda","tag-corso","tag-denuncias","tag-diario-el-sindical","tag-gta","tag-marcelo-frecha","tag-pineiro","tag-violancia"],"_links":{"self":[{"href":"https:\/\/www.elsindical.com.ar\/notas\/wp-json\/wp\/v2\/posts\/111630","targetHints":{"allow":["GET"]}}],"collection":[{"href":"https:\/\/www.elsindical.com.ar\/notas\/wp-json\/wp\/v2\/posts"}],"about":[{"href":"https:\/\/www.elsindical.com.ar\/notas\/wp-json\/wp\/v2\/types\/post"}],"author":[{"embeddable":true,"href":"https:\/\/www.elsindical.com.ar\/notas\/wp-json\/wp\/v2\/users\/1"}],"replies":[{"embeddable":true,"href":"https:\/\/www.elsindical.com.ar\/notas\/wp-json\/wp\/v2\/comments?post=111630"}],"version-history":[{"count":1,"href":"https:\/\/www.elsindical.com.ar\/notas\/wp-json\/wp\/v2\/posts\/111630\/revisions"}],"predecessor-version":[{"id":111632,"href":"https:\/\/www.elsindical.com.ar\/notas\/wp-json\/wp\/v2\/posts\/111630\/revisions\/111632"}],"wp:featuredmedia":[{"embeddable":true,"href":"https:\/\/www.elsindical.com.ar\/notas\/wp-json\/wp\/v2\/media\/111631"}],"wp:attachment":[{"href":"https:\/\/www.elsindical.com.ar\/notas\/wp-json\/wp\/v2\/media?parent=111630"}],"wp:term":[{"taxonomy":"category","embeddable":true,"href":"https:\/\/www.elsindical.com.ar\/notas\/wp-json\/wp\/v2\/categories?post=111630"},{"taxonomy":"post_tag","embeddable":true,"href":"https:\/\/www.elsindical.com.ar\/notas\/wp-json\/wp\/v2\/tags?post=111630"}],"curies":[{"name":"wp","href":"https:\/\/api.w.org\/{rel}","templated":true}]}}